{"id":5110,"date":"2023-06-07T08:18:43","date_gmt":"2023-06-07T08:18:43","guid":{"rendered":"https:\/\/blog.rehairsystem.com\/?p=5110"},"modified":"2023-06-07T09:33:32","modified_gmt":"2023-06-07T09:33:32","slug":"is-chris-hemsworth-balding","status":"publish","type":"post","link":"https:\/\/blog.rehairsystem.com\/cs\/je-chris-hemsworth-plesatejici\/","title":{"rendered":"Je te\u010f Chris Hemsworth Balding?"},"content":{"rendered":"<p><span style=\"color: #000000;\">Chris Hemsworth is an Australian actor famous for his roles as Thor in the Marvel Cinematic Universe, Owen Chase in In the Heart of the Sea, and George Kirk in Star Trek. He has been nominated for several awards and has won numerous, including the People&#8217;s Choice Award for Favorite Action Movie Actor.<\/span><\/p>\n<h2><span style=\"color: #000000;\">Chris Hemsworth&#8217;s Hair Evolution<\/span><\/h2>\n<p><span style=\"color: #000000;\"><img decoding=\"async\" src=\"https:\/\/docerp.s3.amazonaws.com\/erp\/cms\/5c1fde33-cace-45b4-bf57-6e50914dbfb4.webp\" alt=\"Je te\u010f Chris Hemsworth Balding?\" width=\"700\" \/><\/span><\/p>\n<p><span style=\"color: #000000;\">Chris Hemsworth b\u011bhem sv\u00e9ho \u017eivota provozoval r\u016fzn\u00e9 \u00fa\u010desy. Od mlad\u0161\u00edch let m\u011bl ost\u0159\u00edhan\u00fd \u00fa\u010des, kter\u00fd mu slu\u0161el. Jak v\u0161ak rostl, jeho vlasy se vyv\u00edjely a experimentoval s r\u016fzn\u00fdmi \u00fa\u010desy, a\u017e se nakonec spokojil s del\u0161\u00edmi kade\u0159emi, kter\u00e9 dnes sportuje.<\/span><\/p>\n<p><span style=\"color: #000000;\"><span style=\"color: #333333;\"><strong><em>Zjist\u011bte v\u00edce odtud<\/em><\/strong><\/span>: <span style=\"color: #ff0000;\"><a style=\"color: #ff0000;\" href=\"https:\/\/blog.rehairsystem.com\/cs\/zahada-a-evoluce-chris-hemsworth-vlasova-linie\/\" target=\"_blank\" rel=\"noopener\"><strong>The Mystery Of\u00a0Chris Hemsworth&#8217;s Hairline<\/strong><\/a><\/span><\/span><\/p>\n<h3><span style=\"color: #000000;\">Age of Thor p\u0159edefinuj\u00edc\u00ed jeho vzhled<\/span><\/h3>\n<p><span style=\"color: #000000;\">When he became Thor for the first time, he had his hair long and blond, which defined his superhero character. The god-like appearance of Thor became synonymous with Chris Hemsworth&#8217;s look, with the flowing locks fitting him perfectly.<\/span><\/p>\n<h3><span style=\"color: #000000;\">Postavy po Thorovi<\/span><\/h3>\n<p><span style=\"color: #000000;\">Po Thorovi se Chris Hemsworth objevil v mnoha filmech, z nich\u017e nejpozoruhodn\u011bj\u0161\u00ed je jeho role v remaku Ghostbusters a Men in Black: International. V t\u011bchto filmech nem\u011bl nic bl\u00edzk\u00e9ho dlouh\u00fdm z\u00e1mk\u016fm, kter\u00fdmi se chlubil, kdy\u017e hr\u00e1l Thora.<\/span><\/p>\n<h2><span style=\"color: #000000;\">Je Chris Hemsworth Balding?<\/span><\/h2>\n<p><span style=\"color: #000000;\"><img decoding=\"async\" src=\"https:\/\/docerp.s3.amazonaws.com\/erp\/cms\/93bac36b-78ac-4ad7-8b16-ae46dcd36aa1.webp\" alt=\"Je te\u010f Chris Hemsworth Balding?\" width=\"700\" \/><\/span><\/p>\n<p><span style=\"color: #000000;\">Mezi b\u011b\u017en\u00e9 p\u0159\u00edznaky ple\u0161atosti pat\u0159\u00ed ustupuj\u00edc\u00ed vlasov\u00e1 linie, \u0159\u00eddnut\u00ed vlas\u016f a vypad\u00e1v\u00e1n\u00ed vlas\u016f v chom\u00e1\u010d\u00edch. Jak lid\u00e9 st\u00e1rnou, vlasov\u00e9 folikuly ji\u017e aktivn\u011b nevytv\u00e1\u0159ej\u00ed nov\u00e9 prameny, co\u017e vede k ple\u0161atosti.<\/span><\/p>\n<h3><span style=\"color: #000000;\">Jev\u00ed Chris Hemsworth zn\u00e1mky ple\u0161atosti?<\/span><\/h3>\n<p><span style=\"color: #000000;\">V posledn\u00edch letech n\u011bkter\u00e9 fotografie Chrise Hemswortha vedly ke spekulac\u00edm, \u017ee by mohl b\u00fdt ple\u0161at\u011bj\u00edc\u00ed. Tyto domn\u011bnky v\u0161ak z\u016fst\u00e1vaj\u00ed pouze jako spekulace, jeliko\u017e herec o vypad\u00e1v\u00e1n\u00ed vlas\u016f ve\u0159ejn\u011b nemluvil.<\/span><\/p>\n<h2><span style=\"color: #000000;\">Factors That May Cause Men&#8217;s Baldness<\/span><\/h2>\n<ul>\n<li><span style=\"color: #000000;\">Genetika: Ple\u0161atost je \u010dasto d\u011bdi\u010dn\u00e1, s typickou ple\u0161atost\u00ed p\u0159evl\u00e1daj\u00edc\u00ed u mu\u017e\u016f.<\/span><\/li>\n<li><span style=\"color: #000000;\">Tlak: Vysok\u00e1 \u00farove\u0148 stresu souvis\u00ed s vypad\u00e1v\u00e1n\u00edm vlas\u016f, kter\u00e9 m\u016f\u017ee \u010dasem zp\u016fsobit ple\u0161atost.<\/span><\/li>\n<li><span style=\"color: #000000;\">Dieta: Strava s nedostatkem \u017eeleza, zinku a vitam\u00ednu B12 m\u016f\u017ee zp\u016fsobit vypad\u00e1v\u00e1n\u00ed vlas\u016f nebo zpomalit r\u016fst vlas\u016f.<\/span><\/li>\n<\/ul>\n<h2><span style=\"color: #000000;\">Jak se herci vyrovn\u00e1vaj\u00ed s ple\u0161atost\u00ed?<\/span><\/h2>\n<p><span style=\"color: #000000;\">Kdy\u017e herec za\u010dne ple\u0161at\u011bt, \u0159e\u0161\u00ed probl\u00e9m stejn\u011b jako mnoho lid\u00ed; oholen\u00edm jejich hlav. Tento vzhled m\u016f\u017ee pomoci zm\u011bnit jejich image a rozhodnout se pro postavy, kter\u00e9 nemaj\u00ed \u017e\u00e1dn\u00e9 sv\u016fdn\u00e9 z\u00e1mky.<\/span><\/p>\n<h3><span style=\"color: #000000;\">Nos\u00ed herci p\u0159\u00ed\u010desek?<\/span><\/h3>\n<p><span style=\"color: #000000;\">Paruky jsou b\u011b\u017en\u00fdm \u0159e\u0161en\u00edm, kter\u00e9 herci pou\u017e\u00edvaj\u00ed k \u0159e\u0161en\u00ed ple\u0161atosti. Ty mohou b\u00fdt vytvo\u0159eny tak, aby vypadaly neuv\u011b\u0159iteln\u011b realisticky a jsou dokonal\u00fdm zp\u016fsobem, jak m\u00edt herec kontrolu nad sv\u00fdm vzhledem.<\/span><\/p>\n<h2><span style=\"color: #000000;\">Jak se pr\u016fm\u011brn\u00fd \u010dlov\u011bk vyrovn\u00e1v\u00e1 s ple\u0161atost\u00ed?<\/span><\/h2>\n<h3><span style=\"color: #000000;\">Kupte si vhodn\u00fd tup\u00e9<\/span><\/h3>\n<p><span style=\"color: #000000;\">Pro ty, kte\u0159\u00ed bojuj\u00ed s vypad\u00e1v\u00e1n\u00edm vlas\u016f nebo ple\u0161atost\u00ed, je obl\u00edben\u00fdm \u0159e\u0161en\u00edm po\u0159\u00edzen\u00ed vhodn\u00e9ho tupee nebo p\u0159\u00ed\u010desku. Paruky mohou vypadat realisticky a jsou k dispozici v r\u016fzn\u00fdch stylech a barv\u00e1ch.<\/span><\/p>\n<h3><span style=\"color: #000000;\">Kter\u00e9ho prodejce tup\u00e9 vybrat?<\/span><\/h3>\n<p><span style=\"color: #000000;\">N\u00e1\u0161 obchod <a href=\"https:\/\/rehairsystem.com\/\" target=\"_blank\" rel=\"noopener\"><span style=\"color: #ff0000;\"><strong>Rehairsystem.com<\/strong><\/span><\/a> m\u016f\u017ee b\u00fdt jedn\u00edm z va\u0161ich dobr\u00fdch m\u00edst k n\u00e1kupu pr\u00e9miov\u00fdch tup\u00e9 a p\u0159izp\u016fsoben\u00ed vlasov\u00fdch syst\u00e9m\u016f.<\/span><\/p>\n<p><span style=\"color: #000000;\">Na\u0161e str\u00e1nky jsou m\u00edstem, kde m\u016f\u017eete naj\u00edt perfektn\u00ed paruku, kter\u00e1 je jak cenov\u011b dostupn\u00e1, tak vysoce kvalitn\u00ed. Jsme zn\u00e1m\u00ed sv\u00fdm v\u00fdjime\u010dn\u00fdm z\u00e1kaznick\u00fdm servisem a \u0159adou mo\u017enost\u00ed, kter\u00e9 nab\u00edz\u00edme t\u011bm, kte\u0159\u00ed cht\u011bj\u00ed zm\u011bnit sv\u016fj \u00fa\u010des.<\/span><\/p>\n<p><span style=\"color: #000000;\">Jedn\u00edm z hlavn\u00edch prodejn\u00edch bod\u016f Rehairsystem.com je na\u0161e schopnost vyr\u00e1b\u011bt vysoce kvalitn\u00ed p\u0159\u00ed\u010desky bez drah\u00e9ho \u0161t\u00edtku. N\u00e1\u0161 obchod je nav\u00edc zn\u00e1m\u00fd t\u00edm, \u017ee vyr\u00e1b\u00ed vlastn\u00ed paruky, co\u017e zaji\u0161\u0165uje, \u017ee ka\u017ed\u00fd z\u00e1kazn\u00edk dostane tup\u00e9, kter\u00e9 je p\u0159izp\u016fsobeno jeho specifick\u00fdm pot\u0159eb\u00e1m a preferenc\u00edm.<\/span><\/p>\n<p><span style=\"color: #000000;\">Pro ty, kte\u0159\u00ed cht\u011bj\u00ed dos\u00e1hnout stejn\u00e9ho stylu jako celebrity, je n\u00e1\u0161 obchod s tup\u00e9 perfektn\u00edm m\u00edstem, kam j\u00edt. M\u00e1me \u0161irokou \u0161k\u00e1lu vlasov\u00fdch syst\u00e9m\u016f, kter\u00e9 v\u00e1m pomohou dos\u00e1hnout stejn\u00e9ho vzhledu jako va\u0161e obl\u00edben\u00e9 hv\u011bzdy.<\/span><\/p>\n<p><span style=\"color: #000000;\">Nav\u00edc jsme od z\u00e1kazn\u00edk\u016f obdr\u017eeli mnoho chv\u00e1ly d\u00edky vysoce kvalitn\u00edm produkt\u016fm a v\u00fdjime\u010dn\u00fdm slu\u017eb\u00e1m. Z\u00e1kazn\u00edci oce\u0148uj\u00ed p\u0159\u00e1telskou a vst\u0159\u00edcnou atmosf\u00e9ru, stejn\u011b jako znal\u00fd person\u00e1l, kter\u00fd jim poskytuje pomoc a rady. Celkov\u011b vzato je prodejce tup\u00e9 Rehairsystem nutnost\u00ed pro ka\u017ed\u00e9ho, kdo hled\u00e1 kvalitn\u00ed paruku, kter\u00e1 je z\u00e1rove\u0148 cenov\u011b dostupn\u00e1 a stylov\u00e1.<\/span><\/p>\n\n\n<h2 class=\"wp-block-heading has-contrast-color has-text-color\">Nej\u010dast\u011bj\u0161\u00ed dotazy<\/h2>\n\n\n<div id=\"rank-math-faq\" class=\"rank-math-block\">\n<div class=\"rank-math-list\">\n<div id=\"faq-question-1686126101378\" class=\"rank-math-list-item\">\n<h3 class=\"rank-math-question\">Is a widow&#8217;s peak balding?<\/h3>\n<div class=\"rank-math-answer\">\n\n<p>A widow&#8217;s peak is not necessarily an indication of balding.<\/p>\n\n<\/div>\n<\/div>\n<div id=\"faq-question-1686126105831\" class=\"rank-math-list-item\">\n<h3 class=\"rank-math-question\">Nos\u00ed Thor v Love and Thunder paruku?<\/h3>\n<div class=\"rank-math-answer\">\n\n<p>It is common for actors to wear wigs or hairpieces for film roles if the character&#8217;s hair does not match their own. In previous Thor movies, Hemsworth has worn a wig to achieve the character&#8217;s signature long hair.<\/p>\n\n<\/div>\n<\/div>\n<div id=\"faq-question-1686126115135\" class=\"rank-math-list-item\">\n<h3 class=\"rank-math-question\">Kter\u00e9 mu\u017esk\u00e9 celebrity podstoupily transplantaci vlas\u016f?<\/h3>\n<div class=\"rank-math-answer\">\n\n<p>Transplantace vlas\u016f se stala obl\u00edben\u00fdm \u0159e\u0161en\u00edm pro mu\u017esk\u00e9 celebrity, kte\u0159\u00ed trp\u00ed vypad\u00e1v\u00e1n\u00edm vlas\u016f. Mezi n\u011bkter\u00e1 pozoruhodn\u00e1 jm\u00e9na pat\u0159\u00ed Wayne Rooney, Elon Musk, Rob Brydon, Jude Law a Matthew McConaughey.<\/p>\n\n<\/div>\n<\/div>\n<\/div>\n<\/div>\n\n\n<h2 class=\"wp-block-heading has-contrast-color has-text-color\">Z\u00e1v\u011br<\/h2>\n\n\n\n<p class=\"has-contrast-color has-text-color\">Z\u00e1v\u011brem lze \u0159\u00edci, \u017ee i kdy\u017e mohou existovat spekulace, \u017ee Chris Hemsworth ple\u0161at\u00ed, mus\u00ed to b\u00fdt je\u0161t\u011b ve\u0159ejn\u011b potvrzeno. Ple\u0161at\u011bn\u00ed je p\u0159irozen\u00fd proces, kter\u00fd m\u016f\u017ee postihnout ka\u017ed\u00e9ho, a existuje n\u011bkolik \u0159e\u0161en\u00ed, jak jej zvl\u00e1dnout. Se spr\u00e1vn\u00fdm p\u0159\u00edstupem a postojem lze ple\u0161atost zvl\u00e1dnout a jednotlivci mohou svou ple\u0161 sebev\u011bdom\u011b p\u0159ijmout.<\/p>","protected":false},"excerpt":{"rendered":"<p>Chris Hemsworth is an Australian actor famous for his roles as Thor in the Marvel Cinematic Universe, Owen Chase in In the Heart of the &#8230; <a title=\"Je te\u010f Chris Hemsworth Balding?\" class=\"read-more\" href=\"https:\/\/blog.rehairsystem.com\/cs\/je-chris-hemsworth-plesatejici\/\" aria-label=\"More on Is Chris Hemsworth Balding Now?\">P\u0159e\u010dt\u011bte si v\u00edce<\/a><\/p>","protected":false},"author":2,"featured_media":5134,"comment_status":"closed","ping_status":"closed","sticky":false,"template":"","format":"standard","meta":[],"categories":[1],"tags":[81],"_links":{"self":[{"href":"https:\/\/blog.rehairsystem.com\/cs\/wp-json\/wp\/v2\/posts\/5110"}],"collection":[{"href":"https:\/\/blog.rehairsystem.com\/cs\/wp-json\/wp\/v2\/posts"}],"about":[{"href":"https:\/\/blog.rehairsystem.com\/cs\/wp-json\/wp\/v2\/types\/post"}],"author":[{"embeddable":true,"href":"https:\/\/blog.rehairsystem.com\/cs\/wp-json\/wp\/v2\/users\/2"}],"replies":[{"embeddable":true,"href":"https:\/\/blog.rehairsystem.com\/cs\/wp-json\/wp\/v2\/comments?post=5110"}],"version-history":[{"count":4,"href":"https:\/\/blog.rehairsystem.com\/cs\/wp-json\/wp\/v2\/posts\/5110\/revisions"}],"predecessor-version":[{"id":5116,"href":"https:\/\/blog.rehairsystem.com\/cs\/wp-json\/wp\/v2\/posts\/5110\/revisions\/5116"}],"wp:featuredmedia":[{"embeddable":true,"href":"https:\/\/blog.rehairsystem.com\/cs\/wp-json\/wp\/v2\/media\/5134"}],"wp:attachment":[{"href":"https:\/\/blog.rehairsystem.com\/cs\/wp-json\/wp\/v2\/media?parent=5110"}],"wp:term":[{"taxonomy":"category","embeddable":true,"href":"https:\/\/blog.rehairsystem.com\/cs\/wp-json\/wp\/v2\/categories?post=5110"},{"taxonomy":"post_tag","embeddable":true,"href":"https:\/\/blog.rehairsystem.com\/cs\/wp-json\/wp\/v2\/tags?post=5110"}],"curies":[{"name":"wp","href":"https:\/\/api.w.org\/{rel}","templated":true}]}}