{"id":6294,"date":"2023-07-05T09:09:57","date_gmt":"2023-07-05T09:09:57","guid":{"rendered":"https:\/\/blog.rehairsystem.com\/?p=6294"},"modified":"2023-07-28T08:49:58","modified_gmt":"2023-07-28T08:49:58","slug":"jordan-walsh-hair-why-is-he-bald-having-alopecia","status":"publish","type":"post","link":"https:\/\/blog.rehairsystem.com\/cs\/jordan-walsh-vlasy-proc-je-holohlavy-s-alopecie\/","title":{"rendered":"Vlasy Jordana Walshe: Pro\u010d je ple\u0161at\u00fd? M\u00e1te alopecii?"},"content":{"rendered":"<p><span style=\"color: #000000;\">One basketball forwarder\u00a0who has embraced his baldness and become an inspiration to others is Jordan Walsh. Though his hairless appearance may seem unusual to some, it is a result of a condition called alopecia. Hair loss is a condition that affects millions of people around the world. Whether it be due to age, genetics, or medical issues, losing one&#8217;s hair can greatly impact one&#8217;s self-esteem and confidence.<\/span><\/p>\n<h2><span style=\"color: #000000;\">Kdo je Jordan Walsh?<\/span><\/h2>\n<p><span style=\"color: #000000;\">Jordan Walsh je nad\u011bjn\u00fd americk\u00fd profesion\u00e1ln\u00ed basketbalov\u00fd hr\u00e1\u010d, kter\u00fd se narodil 3. b\u0159ezna 2004. S hlubokou v\u00e1\u0161n\u00ed pro tento sport od ml\u00e1d\u00ed Walsh neust\u00e1le postupoval v \u017eeb\u0159\u00ed\u010dku a stal se jedn\u00edm z nejlep\u0161\u00edch vyhled\u00e1van\u00ed basketbalist\u00e9.<\/span><\/p>\n<p><span style=\"color: #000000;\">V sou\u010dasn\u00e9 dob\u011b hraje za Boston Celtics v National Basketball Association, Walsh nav\u0161t\u011bvoval Faith Family Academy b\u011bhem sv\u00e9ho juniorsk\u00e9ho roku, kde p\u0159edvedl sv\u00e9 v\u00fdjime\u010dn\u00e9 schopnosti pr\u016fm\u011brem 18 bod\u016f, 11 doskok\u016f, p\u011bti asistenc\u00ed, 2,4 zisk\u016f a 2,3 blok\u016f na z\u00e1pas.<\/span><\/p>\n<h2><span style=\"color: #000000;\">What Happened To Jordan Walsh&#8217;s Hair?<\/span><\/h2>\n<p><span style=\"color: #000000;\"><img decoding=\"async\" src=\"https:\/\/docerp.s3.amazonaws.com\/erp\/cms\/49ea8cae-ca90-4a40-b893-6b5b9c8d114c.webp\" alt=\"jordan walsh vlasy\" width=\"700\" \/><\/span><\/p>\n<p><span style=\"color: #000000;\">What&#8217;s wrong with <a href=\"https:\/\/blog.rehairsystem.com\/cs\/jordan-walsh-vlasy-proc-je-holohlavy-s-alopecie\/\" target=\"_blank\" rel=\"noopener\"><span style=\"color: #ff0000;\"><strong>Jordan Walsh&#8217;s hair<\/strong><\/span><\/a>? Tato ot\u00e1zka vyvolala u fanou\u0161k\u016f zv\u011bdavost a z\u00e1jem. V pouh\u00fdch 19 letech se Walsh rozhodl obejmout zcela oholenou hlavu a odli\u0161it se od sv\u00fdch vrstevn\u00edk\u016f sv\u00fdm odv\u00e1\u017en\u00fdm a v\u00fdrazn\u00fdm vzhledem.<\/span><\/p>\n<h2><span style=\"color: #000000;\">M\u00e1 Jordan Walsh vlasy nebo ne?<\/span><\/h2>\n<p><span style=\"color: #000000;\">It&#8217;s a question that has been intriguing the minds of many lately. Well, the answer may come as a surprise to those who remember him as the guy with a full head of luscious locks. No, he is completely balding now. Jordan&#8217;s hair has gradually faded away, leaving him with a shiny bald pate.<\/span><\/p>\n<h2><span style=\"color: #000000;\">Pro\u010d je Jordan Walsh ple\u0161at\u00fd?<\/span><\/h2>\n<p><span style=\"color: #000000;\">Jordan Walsh is bald due to his diagnosis of Alopecia in 2018. Alopecia is a condition that can have a significant impact on a person&#8217;s self-esteem and confidence, often leading to complete baldness, as it did in Jordan&#8217;s case.<\/span><\/p>\n<p><span style=\"color: #000000;\">Sp\u00ed\u0161e ne\u017e se zab\u00fdvat nep\u0159edv\u00eddateln\u00fdmi skvrnami, kter\u00e9 se u alopecie obvykle vyskytuj\u00ed, se Walsh rozhodl odstranit si chloupky a otev\u0159en\u011b se tak sna\u017eil smazat stigma kolem ple\u0161atosti. Nenechal se t\u00edmto stavem definovat a m\u00edsto toho jde p\u0159\u00edkladem pro d\u011bti, teenagery a kohokoli jin\u00e9ho, kdo m\u00e1 alopecii, a tvrd\u011b pracuje na p\u0159ekon\u00e1n\u00ed v\u00fdzev, kter\u00e9 p\u0159in\u00e1\u0161\u00ed.<\/span><\/p>\n<h3><span style=\"color: #000000;\">Co je alopecie?<\/span><\/h3>\n<p><span style=\"color: #000000;\">Alopecie je zdravotn\u00ed stav charakterizovan\u00fd t\u00edm, \u017ee imunitn\u00ed syst\u00e9m omylem napad\u00e1 vlasov\u00e9 folikuly, co\u017e vede ke ztr\u00e1t\u011b vlas\u016f, kter\u00e9 ji\u017e nedor\u016fstaj\u00ed. Tento stav se m\u016f\u017ee vyskytovat v r\u016fzn\u00fdch form\u00e1ch, co\u017e vede bu\u010f k nepravideln\u00e9mu vypad\u00e1v\u00e1n\u00ed vlas\u016f nebo \u00fapln\u00e9 ple\u0161atosti. Nav\u00edc alopecie postihla n\u011bkolik v\u00fdznamn\u00fdch sportovc\u016f, jako je Charlie Villanueva, Ryan Shazier a Josh Dobbs.<\/span><\/p>\n<p><span style=\"color: #ff0000;\"><strong>P\u0159e\u010dt\u011bte si v\u00edce<\/strong><\/span><span style=\"color: #000000;\">: <span style=\"color: #333333;\"><a style=\"color: #333333;\" href=\"https:\/\/blog.rehairsystem.com\/cs\/how-to-stop-alopecia-areata-from-spreading\/\" target=\"_blank\" rel=\"noopener\"><em><strong>Pr\u016fvodce, jak zastavit \u0161\u00ed\u0159en\u00ed alopecie areata<\/strong><\/em><\/a><\/span><\/span><\/p>\n<h3><span style=\"color: #000000;\">Kdy za\u010dne Jordan Walsh m\u00edt alopecii?<\/span><\/h3>\n<p><span style=\"color: #000000;\">Jordan Walsh za\u010d\u00edn\u00e1 m\u00edt alopecii v mlad\u00e9m v\u011bku. Dan Treacy ze Sporting News prozrazuje, \u017ee Walsh ji\u017e o t\u00e9to ot\u00e1zce diskutoval a uvedl, \u017ee se s alopeci\u00ed pot\u00fdkal od ml\u00e1d\u00ed. A\u010dkoli videa z jeho st\u0159edo\u0161kolsk\u00e9 kari\u00e9ry zobrazuj\u00ed, \u017ee m\u00e1 skvrny vlas\u016f, v sou\u010dasnosti je Walsh \u00fadajn\u011b bez vlas\u016f.<\/span><\/p>\n<h3><span style=\"color: #000000;\">Jak se Jordan Walsh d\u00edv\u00e1 na alopecii?<\/span><\/h3>\n<p><span style=\"color: #000000;\">Jordan Walsh m\u00e1 kladn\u00fd vztah k alopecii. Mlad\u00fdm lidem, kte\u0159\u00ed se s t\u00edmto stavem pot\u00fdkaj\u00ed, rad\u00ed, aby p\u0159ijali sv\u00e9 prav\u00e9 j\u00e1 a milovali sami sebe. <\/span><\/p>\n<p><span style=\"color: #000000;\">Svou podporu jednotlivc\u016fm s alopeci\u00ed nav\u00edc prokazuje \u00fa\u010dast\u00ed na akc\u00edch, kter\u00e9 zvy\u0161uj\u00ed pov\u011bdom\u00ed a oslavuj\u00ed jejich p\u0159\u00edb\u011bhy, jako je vyd\u00e1n\u00ed knihy o chlapci s alopeci\u00ed. <\/span><\/p>\n<p><span style=\"color: #000000;\">Jak se Walsh sna\u017e\u00ed dos\u00e1hnout \u00fasp\u011bchu ve vysoko\u0161kolsk\u00e9m basketbalu, chce se tak\u00e9 st\u00e1t vzorem pro ostatn\u00ed, kte\u0159\u00ed se zab\u00fdvaj\u00ed alopeci\u00ed, a poskytnout jim inspiraci a motivaci.<\/span><\/p>\n<h2><span style=\"color: #000000;\">Jak l\u00e9\u010dit alopecii?<\/span><\/h2>\n<p><img decoding=\"async\" src=\"https:\/\/docerp.s3.amazonaws.com\/erp\/cms\/a3c50521-a054-4cb9-81c6-4b920302f5b1.webp\" alt=\"Rehairsystem\" width=\"700\" \/><\/p>\n<p><span style=\"color: #000000;\">L\u00e9\u010dba alopecie zahrnuje r\u016fzn\u00e9 metody v z\u00e1vislosti na z\u00e1va\u017enosti a preferenc\u00edch jednotlivce. N\u011bkter\u00e9 b\u011b\u017en\u00e9 mo\u017enosti l\u00e9\u010dby zahrnuj\u00ed l\u00e9ky, topick\u00e9 kr\u00e9my, transplantaci vlas\u016f a pou\u017eit\u00ed p\u0159\u00ed\u010desk\u016f.<\/span><\/p>\n<p><span style=\"color: #000000;\">Pro Jordana Walshe bylo no\u0161en\u00ed dob\u0159e vytvo\u0159en\u00e9ho p\u0159\u00ed\u010desku ide\u00e1ln\u00edm \u0159e\u0161en\u00edm, jak zvl\u00e1dnout alopecii a obnovit pocit norm\u00e1lnosti v jeho vzhledu. Pou\u017eit\u00ed p\u0159\u00ed\u010desk\u016f poskytuje p\u0159irozen\u00fd vzhled a zvy\u0161uje sebev\u011bdom\u00ed, co\u017e umo\u017e\u0148uje jednotlivc\u016fm znovu z\u00edskat sebe\u00factu.<\/span><\/p>\n<p><span style=\"color: #000000;\">Pokud hled\u00e1te spolehliv\u00e9 a vysoce kvalitn\u00ed p\u0159\u00ed\u010desky k l\u00e9\u010db\u011b alopecie, zva\u017ete n\u00e1v\u0161t\u011bvu <a style=\"color: #000000;\" href=\"https:\/\/rehairsystem.com\/\" target=\"_blank\" rel=\"noopener\"><strong><span style=\"background-color: #ffff00;\">Rehairsystem<\/span><\/strong><\/a> kade\u0159nictv\u00ed.<\/span><\/p>\n<p><span style=\"color: #000000;\">V\u00fdhody na\u0161eho obchodu s tup\u00e9:<\/span><\/p>\n<ol>\n<li><span style=\"color: #000000;\">Nab\u00edz\u00edme rozs\u00e1hlou kolekci p\u0159\u00ed\u010desk\u016f, kter\u00e9 zajist\u00ed pohodln\u00e9 no\u0161en\u00ed a p\u0159irozen\u00fd vzhled.<\/span><\/li>\n<li><span style=\"color: #000000;\">Pom\u016f\u017eeme v\u00e1m naj\u00edt perfektn\u00ed p\u0159\u00ed\u010desek, kter\u00fd vyhovuje va\u0161im preferenc\u00edm a pot\u0159eb\u00e1m.<\/span><\/li>\n<li><span style=\"color: #000000;\">Zavazujeme se poskytovat v\u00fdjime\u010dn\u00fd z\u00e1kaznick\u00fd servis a \u0161pi\u010dkov\u00e9 produkty.<\/span><\/li>\n<li><span style=\"color: #000000;\">Na\u0161e p\u0159\u00ed\u010desky jsou vyrobeny z nejkvalitn\u011bj\u0161\u00edch materi\u00e1l\u016f, kter\u00e9 zaji\u0161\u0165uj\u00ed pohodl\u00ed, odolnost a realistick\u00fd vzhled.<\/span><\/li>\n<li><span style=\"color: #000000;\">Na\u0161e kade\u0159nictv\u00ed je d\u016fv\u011bryhodn\u00e9 za\u0159\u00edzen\u00ed, kter\u00e9 se op\u00edr\u00e1 o pozitivn\u00ed recenze a reference od spokojen\u00fdch z\u00e1kazn\u00edk\u016f.<\/span><\/li>\n<\/ol>\n<h2><span style=\"color: #000000;\">Z\u00e1v\u011br<\/span><\/h2>\n<p><span style=\"color: #000000;\">Alopecia has impacted Jordan Walsh&#8217;s life, causing him to experience hair loss and develop a bald appearance. However, rather than letting this condition define him negatively, Jordan has embraced his bald look and utilized it as a platform to raise awareness about alopecia. Through the usage of hairpieces, individuals can find a solution that helps them manage their alopecia and boost their self-confidence.<\/span><\/p>","protected":false},"excerpt":{"rendered":"<p>One basketball forwarder\u00a0who has embraced his baldness and become an inspiration to others is Jordan Walsh. Though his hairless appearance may seem unusual to some, &#8230; <a title=\"Vlasy Jordana Walshe: Pro\u010d je ple\u0161at\u00fd? M\u00e1te alopecii?\" class=\"read-more\" href=\"https:\/\/blog.rehairsystem.com\/cs\/jordan-walsh-vlasy-proc-je-holohlavy-s-alopecie\/\" aria-label=\"More on Jordan Walsh Hair: Why Is He Bald? Having Alopecia?\">P\u0159e\u010dt\u011bte si v\u00edce<\/a><\/p>","protected":false},"author":2,"featured_media":6303,"comment_status":"closed","ping_status":"closed","sticky":false,"template":"","format":"standard","meta":[],"categories":[107],"tags":[192],"_links":{"self":[{"href":"https:\/\/blog.rehairsystem.com\/cs\/wp-json\/wp\/v2\/posts\/6294"}],"collection":[{"href":"https:\/\/blog.rehairsystem.com\/cs\/wp-json\/wp\/v2\/posts"}],"about":[{"href":"https:\/\/blog.rehairsystem.com\/cs\/wp-json\/wp\/v2\/types\/post"}],"author":[{"embeddable":true,"href":"https:\/\/blog.rehairsystem.com\/cs\/wp-json\/wp\/v2\/users\/2"}],"replies":[{"embeddable":true,"href":"https:\/\/blog.rehairsystem.com\/cs\/wp-json\/wp\/v2\/comments?post=6294"}],"version-history":[{"count":10,"href":"https:\/\/blog.rehairsystem.com\/cs\/wp-json\/wp\/v2\/posts\/6294\/revisions"}],"predecessor-version":[{"id":7385,"href":"https:\/\/blog.rehairsystem.com\/cs\/wp-json\/wp\/v2\/posts\/6294\/revisions\/7385"}],"wp:featuredmedia":[{"embeddable":true,"href":"https:\/\/blog.rehairsystem.com\/cs\/wp-json\/wp\/v2\/media\/6303"}],"wp:attachment":[{"href":"https:\/\/blog.rehairsystem.com\/cs\/wp-json\/wp\/v2\/media?parent=6294"}],"wp:term":[{"taxonomy":"category","embeddable":true,"href":"https:\/\/blog.rehairsystem.com\/cs\/wp-json\/wp\/v2\/categories?post=6294"},{"taxonomy":"post_tag","embeddable":true,"href":"https:\/\/blog.rehairsystem.com\/cs\/wp-json\/wp\/v2\/tags?post=6294"}],"curies":[{"name":"wp","href":"https:\/\/api.w.org\/{rel}","templated":true}]}}