{"id":5548,"date":"2023-06-16T06:25:58","date_gmt":"2023-06-16T06:25:58","guid":{"rendered":"https:\/\/blog.rehairsystem.com\/?p=5548"},"modified":"2023-07-14T04:45:25","modified_gmt":"2023-07-14T04:45:25","slug":"steven-seagal-hair-does-he-wear-a-wig","status":"publish","type":"post","link":"https:\/\/blog.rehairsystem.com\/da\/steven-seagal-har-bruger-han-paryk\/","title":{"rendered":"Hvad sker der med Steven Seagals h\u00e5r: B\u00e6rer han en paryk?"},"content":{"rendered":"<p><span style=\"color: #000000;\">Steven Seagal, known for his martial arts skills and action movies, has been a popular figure in the entertainment industry for several decades. But his hair has always been a topic of discussion amongst fans and critics alike. Over the years, people have speculated about the actor&#8217;s hair and whether he wears a hairpiece or gets a hair implant. Here, we dive into the mysteries surrounding <a href=\"https:\/\/blog.rehairsystem.com\/da\/steven-seagal-har-bruger-han-paryk\/\" target=\"_blank\" rel=\"noopener\"><span style=\"color: #ff0000;\"><strong>Steven Seagal&#8217;s hair<\/strong><\/span><\/a> og pr\u00f8v at afsl\u00f8re sandheden.<\/span><\/p>\n<h2><span style=\"color: #000000;\">Hvem er Steven Seagal?<\/span><\/h2>\n<p><span style=\"color: #000000;\"><img decoding=\"async\" src=\"https:\/\/docerp.s3.amazonaws.com\/erp\/cms\/3375eef7-4a1a-46d7-80b3-c3065658c204.webp\" alt=\"Steven Seagal h\u00e5r\" width=\"700\" \/><\/span><\/p>\n<p><span style=\"color: #000000;\">Steven Seagal er en amerikansk skuespiller, producer og kampkunstner. Han er bedst kendt for sine roller i actionfilm som &quot;Under Siege&quot;, &quot;Hard to Kill&quot; og &quot;Above the Law&quot;. Seagal har ogs\u00e5 arbejdet som musiker og har udgivet to albums. Han har v\u00e6ret aktiv i underholdningsindustrien siden 1980&#039;erne og har en massiv fanskare.<\/span><\/p>\n<p><span style=\"color: #000000;\">As of 2021, Steven Seagal&#8217;s net worth is estimated to be around $16 million. Some of his major achievements include being awarded a black belt in Aikido by Japanese master Morihei Ueshiba and being inducted into the Black Belt Hall of Fame.<\/span><\/p>\n<h2><span style=\"color: #000000;\">What Happens to Steven Seagal&#8217;s Hair?<\/span><\/h2>\n<p><span style=\"color: #000000;\">While nearing 70 years old, the actor still looks quite impressive. However, his loyal fans are aware that Steven Seagal&#8217;s hair has not always been so impeccably styled and groomed \u2013 it used to show signs of thinning, which was natural for a man his age back then. Nevertheless, Hollywood doesn&#8217;t always tolerate aging well, as evidenced by a throwback picture of Steven with a more natural, less refined appearance.<\/span><\/p>\n<p><span style=\"color: #000000;\">Fast-forward to the present-day, and something seems to have changed significantly \u2013 Steven&#8217;s once-thin hair is now fuller and darker than ever before. Although not confirmed, various rumors online suggest that he may have undergone a hair transplant procedure. Furthermore, he has also been regularly using hair dye and putting an emphasis on bulking up his physique.<\/span><\/p>\n<p><span style=\"color: #ff0000;\"><strong>L\u00e6s ogs\u00e5<\/strong><\/span><span style=\"color: #000000;\">: <a href=\"https:\/\/blog.rehairsystem.com\/da\/steven-seagal-hestehale-myten-og-evolutionen\/\" target=\"_blank\" rel=\"noopener\"><em><strong>Steven Seagal hestehale frisure<\/strong><\/em><\/a><\/span><\/p>\n<h3><span style=\"color: #000000;\">Steven Seagal&#8217;s Hair Loss and Receding Hairline<\/span><\/h3>\n<p><span style=\"color: #000000;\">Det er sikkert, at Steven Seagal i l\u00f8bet af 1980&#039;erne led af alvorligt h\u00e5rtab. Han begyndte sin filmkarriere med at udf\u00f8re stunts og fik til sidst sin f\u00f8rste skuespillerrolle i Above the Law, udgivet i 1988. P\u00e5 trods af at han blev stylet med Hollywood-h\u00e5r og makeup, var det tydeligt, at han oplevede en betydelig h\u00e5rgr\u00e6nse recession. Billeder fra denne periode afsl\u00f8rede, at Steven Seagal var blevet n\u00e6sten helt skaldet.<\/span><\/p>\n<p><span style=\"color: #000000;\">Men ved udgivelsen af hans n\u00e6ste film, Hard to Kill i 1991, var hans h\u00e5r mirakul\u00f8st blevet tykkere. Der er spekulationer om, at Steven Seagal fik en h\u00e5rtransplantation for at forklare transformationen.<\/span><\/p>\n<h3><span style=\"color: #000000;\">Er <\/span><span style=\"color: #000000;\">Steven Seagal <\/span><span style=\"color: #000000;\">Skaldet nu?<\/span><\/h3>\n<p><span style=\"color: #000000;\">Nej, Steven Seagal har ikke et skaldet hoved. Han oplevede dog m\u00e6rkbart h\u00e5rtab fra starten af sit skuespillerfag. Dette h\u00e5rtab skyldtes skaldethed hos m\u00e6nd, som er almindeligt blandt m\u00e6nd i midten af trediverne. Mens hormonelle \u00e6ndringer og aldring kan bidrage til dette problem, er det hovedsageligt for\u00e5rsaget af genetik.<\/span><\/p>\n<p><span style=\"color: #000000;\">Although it is uncertain whether Seagal&#8217;s baldness was due to male pattern baldness, it is clear that the acclaimed actor had severe hair thinning at the onset of his acting career. Despite an actor&#8217;s makeup and lighting, there are photographs of his early years showing balding in the 1980s. Whether Seagal wore a hairpiece or had hair transplant surgery that made his head look mostly full of dark hair remains unclear, and only the actor can confirm this.<\/span><\/p>\n<h2><span style=\"color: #000000;\">Bruger Steven Segal en h\u00e5rconcealer?<\/span><\/h2>\n<p><span style=\"color: #000000;\">Efter megen research blev det opdaget, at Steven Segal faktisk bruger en h\u00e5rskjuler. Dette h\u00e5rtabs-concealer-produkt er en m\u00f8rk fiber, som du nemt kan ryste p\u00e5 dit h\u00e5r for at give det en illusion af tykkelse. Det er en hurtig, nem og effektiv l\u00f8sning til at d\u00e6kke over eventuelle tegn p\u00e5 tyndere h\u00e5r. Dette er et almindeligt problem blandt de fleste m\u00e6nd, is\u00e6r n\u00e5r de bliver \u00e6ldre. Brug af h\u00e5rskjulere giver dog en midlertidig, men perfekt l\u00f8sning, der giver m\u00e6nd mulighed for at f\u00e5 fyldigere, tykkere h\u00e5r uden behov for invasiv kirurgisk indgreb.<\/span><\/p>\n<h2><span style=\"color: #000000;\">B\u00e6rer Steven Seagal et h\u00e5rstykke?<\/span><\/h2>\n<p><span style=\"color: #000000;\"><img decoding=\"async\" src=\"https:\/\/docerp.s3.amazonaws.com\/erp\/cms\/93b839a4-2ae8-4533-810a-26d741397e4a.webp\" alt=\"Steven Seagal h\u00e5r\" width=\"700\" \/><\/span><\/p>\n<p><span style=\"color: #000000;\">Fans har l\u00e6nge spekuleret i, at kampsportseksperten muligvis har en paryk p\u00e5 grund af sit fulde hoved af sort h\u00e5r i halvfjerdserne. Men \u00e6ldre interviews afsl\u00f8rer, at Steven Seagal oplevede problemer med h\u00e5rtab under udgivelsen af sin debutfilm. Efter succesen med Under Siege virkede hans h\u00e5rgr\u00e6nse fyldigere og m\u00f8rkere inden for fire \u00e5r, hvilket fik mange til at tro, at han muligvis har gennemg\u00e5et en h\u00e5rtransplantation. Nogle h\u00e6vder, at hans h\u00e5rstykke er s\u00e5 velblandet og naturligt udseende, at det ikke kunne v\u00e6re en paryk.<\/span><\/p>\n<p><span style=\"color: #000000;\">Der er dog nogle indikationer p\u00e5, at han kan have paryk p\u00e5, s\u00e5som hans konservative frisure og us\u00e6dvanlig t\u00e6tte h\u00e5rgr\u00e6nse for hans alder. Derudover er hans h\u00e5r blevet sammenlignet med et &quot;robust t\u00e6ppestykke&quot;, og hans vigende h\u00e5rgr\u00e6nse tyder p\u00e5 betydelig udtynding i frontalomr\u00e5det.<\/span><\/p>\n<h2><span style=\"color: #000000;\">Har Steven Seagal f\u00e5et en h\u00e5rtransplantation?<\/span><\/h2>\n<p><span style=\"color: #000000;\">Det virker s\u00e5dan, da hans h\u00e5r fremst\u00e5r tykkere og mindre naturligt end f\u00f8r. 90&#039;ernes h\u00e5rtransplantationskirurgi var ikke avanceret, derfor blev de omtalt som &quot;h\u00e5rpropper&quot;. Hans h\u00e5r er m\u00f8rkt og ser n\u00e6sten ud som om det er malet p\u00e5. S\u00e5 ja, der sker noget med hans h\u00e5r, der indikerer, at han muligvis har f\u00e5et en h\u00e5rtransplantation.<\/span><\/p>\n<h2><span style=\"color: #000000;\">Hvordan f\u00e5r man en lignende men naturlig Steven Seagal-frisure?<\/span><\/h2>\n<p><span style=\"color: #000000;\">It is widely believed that Steven Seagal underwent a hair transplant to address his thinning hair, a time in which wigs and hairpieces were not as common. Nowadays, those seeking to emulate Seagal&#8217;s hair have an easy and painless option in hair replacement systems that not only hide hair loss, but also boost confidence and appearance.<\/span><\/p>\n<p><span style=\"color: #000000;\">Human hair wigs are particularly trendy as they instantly elevate one&#8217;s personality and grant a youthful look. With various colors, sizes, and types available, hair systems can match one&#8217;s natural hair for a seamless look.<\/span><\/p>\n<p><span style=\"color: #000000;\">If you&#8217;re interested in reliable hair replacement manufacturers, check out Rehairsystem.com website. As one of the best hair system providers, <em><strong><span style=\"background-color: #ffff00; color: #000000;\">Rehairsystem<\/span><\/strong><\/em> offers synthetic and human hair toupees made with advanced techniques to meet clients&#8217; specific needs and preferences. Here is one top-selling model that can create Steven Seagal&#8217;s iconic hairstyle and turn heads.<\/span><\/p>\n<h3><span style=\"color: #000000;\"><a style=\"color: #000000;\" href=\"https:\/\/rehairsystem.com\/collections\/stock-hair-systems\/products\/durable-hair-system\" target=\"_blank\" rel=\"noopener\"><span style=\"color: #ff0000;\">Men&#8217;s Durable Hair System In Steven Seagal&#8217;s Style<\/span><\/a><span style=\"color: #ff0000;\">\u00a0<\/span><\/span><\/h3>\n<p><span style=\"color: #000000;\"><img decoding=\"async\" src=\"https:\/\/docerp.s3.amazonaws.com\/erp\/cms\/9e155ba7-f0ef-41eb-b6f2-3f2236d85a51.webp\" alt=\"Steven Seagal h\u00e5rstykke\" width=\"700\" \/><\/span><\/p>\n<p><span style=\"color: #000000;\">Dette h\u00e5rsystem har en meget naturlig og usynlig effekt langs h\u00e5rgr\u00e6nsen takket v\u00e6re den franske blondefront med blegede knuder. Bagsiden af systemet er lavet med tynd hud for holdbarhed og nem p\u00e5f\u00f8ring og fjernelse. Sig farvel til frustrationen ved at tr\u00e6kke h\u00e5r gennem basen, n\u00e5r du fjerner tape eller limrester.<\/span><\/p>\n<p><span style=\"color: #000000;\">Vores h\u00e5rsystem har enkelte split-knuder p\u00e5 den tynde hud, hvilket sikrer et diskret og uopdageligt frontlook, samtidig med at holdbarheden bevares. Og med vores tilpassede h\u00e5rsystem-mulighed kan du skabe et h\u00e5rstykke, der passer perfekt til dit \u00f8nskede udseende og livsstil.<\/span><\/p>\n<p><span style=\"color: #000000;\">Every custom system is made by hand from the finest materials, including lace, skin, and monofilament bases, and our hair consultants are here to assist you every step of the way. Get ready to rock Steven Seagal&#8217;s signature style with confidence and ease. Try the Men&#8217;s Durable Hair System today!<\/span><\/p>\n<ul>\n<li><span style=\"color: #000000;\">Hair Length: 6&#8221;<\/span><\/li>\n<li><span style=\"color: #000000;\">H\u00e5rdensitet: 110%-130%<\/span><\/li>\n<li><span style=\"color: #000000;\">H\u00e5rstil: Fri stil<\/span><\/li>\n<li><span style=\"color: #000000;\">H\u00e5rb\u00f8lge: Let b\u00f8lge<\/span><\/li>\n<li><span style=\"color: #000000;\">Grundtykkelse: 0,06-0,08 mm<\/span><\/li>\n<li><span style=\"color: #000000;\">Base Size: 8&#8221;x10&#8221;, can be cut<\/span><\/li>\n<li><span style=\"color: #000000;\">Farve: De fleste farver er tilg\u00e6ngelige<\/span><\/li>\n<li><span style=\"color: #000000;\">Udskiftningsperiode: 2-3 m\u00e5neder<\/span><\/li>\n<li><span style=\"color: #000000;\">H\u00e5rtype: Indisk menneskeh\u00e5r<\/span><\/li>\n<li><span style=\"color: #000000;\">Knob: Ingen knob over hele bunden<\/span><\/li>\n<li><span style=\"color: #000000;\">Basistype: Fuld supertynd hud, V-l\u00f8kke overalt<\/span><\/li>\n<\/ul>\n\n\n<h2 class=\"wp-block-heading has-contrast-color has-text-color\">Ofte stillede sp\u00f8rgsm\u00e5l<\/h2>\n\n\n<div id=\"rank-math-faq\" class=\"rank-math-block\">\n<div class=\"rank-math-list\">\n<div id=\"faq-question-1686896678915\" class=\"rank-math-list-item\">\n<h3 class=\"rank-math-question\">Is Steven Seagal&#8217;s &#8220;hair&#8221; a wig or what?<\/h3>\n<div class=\"rank-math-answer\">\n\n<p>It is not confirmed whether Steven Seagal&#8217;s current hair is a wig or not. There are speculations and rumors that it is a wig or hairpiece, but he himself has not confirmed or denied this.<\/p>\n\n<\/div>\n<\/div>\n<div id=\"faq-question-1686896685193\" class=\"rank-math-list-item\">\n<h3 class=\"rank-math-question\">What&#8217;s Steven Seagal&#8217;s iconic haircut?<\/h3>\n<div class=\"rank-math-answer\">\n\n<p>Steven Seagal&#8217;s iconic haircut is long, straight, and slicked-back hair with his signature ponytail. He has been seen sporting this hairstyle in most of his movies and public appearances.<\/p>\n\n<\/div>\n<\/div>\n<div id=\"faq-question-1686896693921\" class=\"rank-math-list-item\">\n<h3 class=\"rank-math-question\">Hvorn\u00e5r mistede Steven Seagal h\u00e5r?<\/h3>\n<div class=\"rank-math-answer\">\n\n<p>We know for certain that Steven Seagal experienced significant hair loss during the 1980s. Originally working as a stuntman, he made his first on-screen appearance in 1988&#8217;s Above the Law. Despite Hollywood styling, it was evident that his hairline was receding, as seen in pictures from that era. By the late 80s, Seagal was essentially bald.<\/p>\n\n<\/div>\n<\/div>\n<div id=\"faq-question-1686896703201\" class=\"rank-math-list-item\">\n<h3 class=\"rank-math-question\">Hvad er en h\u00e5rtransplantation?<\/h3>\n<div class=\"rank-math-answer\">\n\n<p>En h\u00e5rtransplantation er en kirurgisk procedure, der involverer at flytte h\u00e5rs\u00e6kkene fra en del af kroppen til de skaldet eller tyndere omr\u00e5der af hovedbunden. Denne procedure udf\u00f8res for at genoprette h\u00e5rv\u00e6kst og forbedre udseendet.<\/p>\n\n<\/div>\n<\/div>\n<div id=\"faq-question-1686896716218\" class=\"rank-math-list-item\">\n<h3 class=\"rank-math-question\">Hvad er h\u00e5rconcealer?<\/h3>\n<div class=\"rank-math-answer\">\n\n<p>H\u00e5rskjuler er en form for kosmetisk produkt, der hj\u00e6lper med at skjule skaldet eller tyndere omr\u00e5der af hovedbunden. Det er normalt tilg\u00e6ngeligt i sprayform og p\u00e5f\u00f8res hovedbunden for at skabe en illusion af tykkere h\u00e5r. H\u00e5rskjuler er en midlertidig l\u00f8sning og kan nemt vaskes af med shampoo.<\/p>\n\n<\/div>\n<\/div>\n<\/div>\n<\/div>\n\n\n<h2 class=\"wp-block-heading has-contrast-color has-text-color\">Konklusion<\/h2>\n\n\n\n<p class=\"has-contrast-color has-text-color\">While Steven Seagal&#8217;s hair may not be the most important thing about him, it&#8217;s a topic that has always been of interest to his fans. Whether he has undergone hair transplant surgery or uses hair concealers, it&#8217;s clear that his hair has undergone quite a transformation over the years. Regardless of the changes, Steven Seagal continues to be a beloved action movie star and martial artist.<\/p>","protected":false},"excerpt":{"rendered":"<p>Steven Seagal, known for his martial arts skills and action movies, has been a popular figure in the entertainment industry for several decades. But his &#8230; <a title=\"What Happens to Steven Seagal&#8217;s Hair: Does He Wear A Wig?\" class=\"read-more\" href=\"https:\/\/blog.rehairsystem.com\/da\/steven-seagal-har-bruger-han-paryk\/\" aria-label=\"More on What Happens to Steven Seagal&#8217;s Hair: Does He Wear A Wig?\">L\u00e6s Mere<\/a><\/p>","protected":false},"author":2,"featured_media":5552,"comment_status":"closed","ping_status":"closed","sticky":false,"template":"","format":"standard","meta":[],"categories":[1],"tags":[115],"_links":{"self":[{"href":"https:\/\/blog.rehairsystem.com\/da\/wp-json\/wp\/v2\/posts\/5548"}],"collection":[{"href":"https:\/\/blog.rehairsystem.com\/da\/wp-json\/wp\/v2\/posts"}],"about":[{"href":"https:\/\/blog.rehairsystem.com\/da\/wp-json\/wp\/v2\/types\/post"}],"author":[{"embeddable":true,"href":"https:\/\/blog.rehairsystem.com\/da\/wp-json\/wp\/v2\/users\/2"}],"replies":[{"embeddable":true,"href":"https:\/\/blog.rehairsystem.com\/da\/wp-json\/wp\/v2\/comments?post=5548"}],"version-history":[{"count":10,"href":"https:\/\/blog.rehairsystem.com\/da\/wp-json\/wp\/v2\/posts\/5548\/revisions"}],"predecessor-version":[{"id":6797,"href":"https:\/\/blog.rehairsystem.com\/da\/wp-json\/wp\/v2\/posts\/5548\/revisions\/6797"}],"wp:featuredmedia":[{"embeddable":true,"href":"https:\/\/blog.rehairsystem.com\/da\/wp-json\/wp\/v2\/media\/5552"}],"wp:attachment":[{"href":"https:\/\/blog.rehairsystem.com\/da\/wp-json\/wp\/v2\/media?parent=5548"}],"wp:term":[{"taxonomy":"category","embeddable":true,"href":"https:\/\/blog.rehairsystem.com\/da\/wp-json\/wp\/v2\/categories?post=5548"},{"taxonomy":"post_tag","embeddable":true,"href":"https:\/\/blog.rehairsystem.com\/da\/wp-json\/wp\/v2\/tags?post=5548"}],"curies":[{"name":"wp","href":"https:\/\/api.w.org\/{rel}","templated":true}]}}