{"id":5747,"date":"2023-06-21T09:11:54","date_gmt":"2023-06-21T09:11:54","guid":{"rendered":"https:\/\/blog.rehairsystem.com\/?p=5747"},"modified":"2023-07-12T09:46:19","modified_gmt":"2023-07-12T09:46:19","slug":"lori-greiner-haircut-hairline-and-hair-loss-rumor","status":"publish","type":"post","link":"https:\/\/blog.rehairsystem.com\/es\/lori-greiner-corte-de-pelo-rayita-y-rumor-de-perdida-del-cabello\/","title":{"rendered":"Lori Greiner Corte de pelo, rayita y rumor de p\u00e9rdida de cabello"},"content":{"rendered":"<p><span style=\"color: #000000;\">Lori Greiner, the famous inventor, and entrepreneur, is one of the most successful women in the business world. She is a familiar face to many people due to her appearance on the popular television show, Shark Tank. There have been rumors circulating about Lori&#8217;s hair, specifically her haircut, hairline, and hair loss. In this article, we&#8217;ll have a detail look.<\/span><\/p>\n<h2><span style=\"color: #000000;\">Los ic\u00f3nicos cortes de pelo de Lori Greiner<\/span><\/h2>\n<p><span style=\"color: #000000;\"><img decoding=\"async\" src=\"https:\/\/docerp.s3.amazonaws.com\/erp\/cms\/f89a329c-ecc0-4dab-b231-be738db4c9ac.webp\" alt=\"peluca lori greiner \" width=\"700\" \/><\/span><\/p>\n<p><span style=\"color: #000000;\">Lori Greiner mostly wears her hair in a medium-length bob with layers and waves. This style is effortless, elegant, and versatile, and it suits her facial features impeccably. Her hair color is a mixture of blonde and light brown hues, which blends well with her skin tone and eye color. Lori&#8217;s chic hairstyle has become a trademark of her brand and personal style, and many women admire her for it.<\/span><\/p>\n<h2><span style=\"color: #000000;\">What Does Lori Greiner&#8217;s Hairline Look Like?<\/span><\/h2>\n<p><span style=\"color: #000000;\"><img decoding=\"async\" src=\"https:\/\/docerp.s3.amazonaws.com\/erp\/cms\/ea542aaa-24e9-4295-8700-b1de9473c919.webp\" alt=\"peluca lori greiner\" width=\"700\" \/><\/span><\/p>\n<p><span style=\"color: #000000;\">Lori Greiner&#8217;s hairline is mostly covered by her layers and waves, but when her hair is pulled back, her hairline appears to be normal. Some fans have speculated that Lori&#8217;s hairline might have receded or that she is experiencing hair thinning.<\/span><\/p>\n<h3><span style=\"color: #000000;\">\u00bfTiene una rayita que retrocede?<\/span><\/h3>\n<p><span style=\"color: #000000;\">No hay una indicaci\u00f3n clara de que Lori Greiner tenga una l\u00ednea de cabello en retroceso. Su cabello parece tener el mismo grosor y densidad que siempre ha tenido, y su peluquero no ha informado ning\u00fan problema que sugiera lo contrario.<\/span><\/p>\n<p><span style=\"color: #ff0000;\"><strong>Ver m\u00e1s Peinados de Celebridades<\/strong><\/span><span style=\"color: #000000;\">: <em><a href=\"https:\/\/blog.rehairsystem.com\/es\/dennis-schroder-rayita-recuperada-pero-payasada\/\" target=\"_blank\" rel=\"noopener\"><span style=\"color: #333333;\"><strong>rayita dennis schroder<\/strong><\/span><\/a><\/em><\/span><\/p>\n<h2><span style=\"color: #000000;\">\u00bfLori Greiner est\u00e1 perdiendo cabello?<\/span><\/h2>\n<p><span style=\"color: #000000;\">Aunque ha habido rumores de que Lori Greiner experimenta p\u00e9rdida de cabello, no hay evidencia que respalde estas afirmaciones. Es natural que las mujeres pierdan cabello a medida que envejecen o debido a ciertas condiciones m\u00e9dicas o tratamientos. Sin embargo, no hay indicios de que Lori est\u00e9 experimentando alguno de estos.<\/span><\/p>\n<h2><span style=\"color: #000000;\">\u00bfCu\u00e1les son las razones de la ca\u00edda del cabello?<\/span><\/h2>\n<p><span style=\"color: #000000;\">Puede haber muchas razones para la p\u00e9rdida de cabello, que incluyen:<\/span><\/p>\n<ul>\n<li><span style=\"color: #000000;\">Gen\u00e9tica: es la causa m\u00e1s com\u00fan de p\u00e9rdida de cabello y puede provocar calvicie de patr\u00f3n masculino o femenino.<\/span><\/li>\n<li><span style=\"color: #000000;\">Cambios hormonales: los desequilibrios hormonales durante el embarazo, la menopausia o los trastornos de la tiroides pueden contribuir a la ca\u00edda del cabello.<\/span><\/li>\n<li><span style=\"color: #000000;\">Medicamentos: ciertos medicamentos como la quimioterapia, los medicamentos para el acn\u00e9 y los antidepresivos tambi\u00e9n pueden causar p\u00e9rdida de cabello.<\/span><\/li>\n<li><span style=\"color: #000000;\">Deficiencias nutricionales: las deficiencias de hierro, zinc, biotina, vitamina D y otros nutrientes pueden causar la ca\u00edda del cabello.<\/span><\/li>\n<li><span style=\"color: #000000;\">Estr\u00e9s: el estr\u00e9s f\u00edsico o emocional puede desencadenar la ca\u00edda del cabello.<\/span><\/li>\n<li><span style=\"color: #000000;\">Condiciones m\u00e9dicas: las infecciones del cuero cabelludo, las enfermedades autoinmunes como la alopecia areata y otras condiciones m\u00e9dicas pueden causar la ca\u00edda del cabello.<\/span><\/li>\n<li><span style=\"color: #000000;\">Peinados y peinados: el uso excesivo de herramientas de peinado, tratamientos qu\u00edmicos y peinados apretados como trenzas y colas de caballo pueden provocar la ca\u00edda del cabello.<\/span><\/li>\n<li><span style=\"color: #000000;\">Envejecimiento: a medida que envejecemos, nuestros fol\u00edculos pilosos se encogen, lo que conduce a un adelgazamiento del cabello y, finalmente, a su p\u00e9rdida.<\/span><\/li>\n<\/ul>\n<h2><span style=\"color: #000000;\">\u00bfLori Greiner usa pelucas para cubrir la calvicie?<\/span><\/h2>\n<p><span style=\"color: #000000;\">En los \u00faltimos a\u00f1os, algunos espectadores del popular programa de televisi\u00f3n &quot;Shark Tank&quot; han especulado sobre si Greiner realmente est\u00e1 experimentando p\u00e9rdida de cabello. Algunos fan\u00e1ticos con ojos de \u00e1guila han notado que su cabello ya no parece tan grueso y lustroso como en temporadas anteriores. Algunos han ido tan lejos como para publicar fotos comparativas en las redes sociales, se\u00f1alando la aparente diferencia en volumen y textura.<\/span><\/p>\n<p><span style=\"color: #000000;\">A pesar de los rumores y especulaciones, no hay evidencia concreta que sugiera que Lori Greiner usa pelucas para cubrir la calvicie o la ca\u00edda del cabello. Es muy posible que simplemente est\u00e9 envejeciendo naturalmente, como cualquier otra persona, y como resultado su cabello se est\u00e9 adelgazando gradualmente. Tambi\u00e9n puede estar usando t\u00e9cnicas de peinado para lograr una apariencia diferente o para crear la impresi\u00f3n de un cabello m\u00e1s grueso.<\/span><\/p>\n<p><span style=\"color: #000000;\"><span style=\"color: #ff0000;\"><strong>Para saber la verdad<\/strong><\/span>: <span style=\"color: #333333;\"><em><a style=\"color: #333333;\" href=\"https:\/\/blog.rehairsystem.com\/es\/lori-greiner-wears-a-wig-is-it-true\/\" target=\"_blank\" rel=\"noopener\"><strong>Peluca de Lori Greiner<\/strong><\/a><\/em><\/span><\/span><\/p>\n<h2><span style=\"color: #000000;\">\u00bfD\u00f3nde comprar pelucas Lori Greiner?<\/span><\/h2>\n<p><span style=\"color: #000000;\">If you are looking to buy wigs to emulate Lori Greiner&#8217;s hairstyle, you can check out <span style=\"color: #ff0000;\"><strong>Rehairsystem<\/strong><\/span> tienda de postizos.<\/span><\/p>\n<p><span style=\"color: #000000;\">Ofrecemos una amplia gama de pelucas y postizos de alta calidad que se ven naturales y elegantes. Y nuestro equipo brinda servicios de personalizaci\u00f3n y consulta para ayudarlo a elegir la mejor peluca que se adapte a sus caracter\u00edsticas y preferencias.<\/span><\/p>\n<h2><span style=\"color: #000000;\">Conclusi\u00f3n<\/span><\/h2>\n<p><span style=\"color: #000000;\">The rumors surrounding Lori Greiner&#8217;s haircut, hairline, and hair loss are unfounded. While it&#8217;s true that her hair does look slightly different in some photos, there is no evidence to suggest that she has experienced hair loss or had any type of hairline surgery. It&#8217;s important to remember that celebrities are often subject to intense scrutiny and rumors, and it&#8217;s crucial that we base our opinions on facts, not speculation. As for Lori, she continues to be a successful entrepreneur and a role model for women all around the world.<\/span><\/p>","protected":false},"excerpt":{"rendered":"<p>Lori Greiner, the famous inventor, and entrepreneur, is one of the most successful women in the business world. She is a familiar face to many &#8230; <a title=\"Lori Greiner Corte de pelo, rayita y rumor de p\u00e9rdida de cabello\" class=\"read-more\" href=\"https:\/\/blog.rehairsystem.com\/es\/lori-greiner-corte-de-pelo-rayita-y-rumor-de-perdida-del-cabello\/\" aria-label=\"M\u00e1s en Lori Greiner Haircut, Hairline and Hair Loss Rumor\">Leer m\u00e1s<\/a><\/p>","protected":false},"author":2,"featured_media":5753,"comment_status":"closed","ping_status":"closed","sticky":false,"template":"","format":"standard","meta":[],"categories":[1],"tags":[140],"_links":{"self":[{"href":"https:\/\/blog.rehairsystem.com\/es\/wp-json\/wp\/v2\/posts\/5747"}],"collection":[{"href":"https:\/\/blog.rehairsystem.com\/es\/wp-json\/wp\/v2\/posts"}],"about":[{"href":"https:\/\/blog.rehairsystem.com\/es\/wp-json\/wp\/v2\/types\/post"}],"author":[{"embeddable":true,"href":"https:\/\/blog.rehairsystem.com\/es\/wp-json\/wp\/v2\/users\/2"}],"replies":[{"embeddable":true,"href":"https:\/\/blog.rehairsystem.com\/es\/wp-json\/wp\/v2\/comments?post=5747"}],"version-history":[{"count":3,"href":"https:\/\/blog.rehairsystem.com\/es\/wp-json\/wp\/v2\/posts\/5747\/revisions"}],"predecessor-version":[{"id":6655,"href":"https:\/\/blog.rehairsystem.com\/es\/wp-json\/wp\/v2\/posts\/5747\/revisions\/6655"}],"wp:featuredmedia":[{"embeddable":true,"href":"https:\/\/blog.rehairsystem.com\/es\/wp-json\/wp\/v2\/media\/5753"}],"wp:attachment":[{"href":"https:\/\/blog.rehairsystem.com\/es\/wp-json\/wp\/v2\/media?parent=5747"}],"wp:term":[{"taxonomy":"category","embeddable":true,"href":"https:\/\/blog.rehairsystem.com\/es\/wp-json\/wp\/v2\/categories?post=5747"},{"taxonomy":"post_tag","embeddable":true,"href":"https:\/\/blog.rehairsystem.com\/es\/wp-json\/wp\/v2\/tags?post=5747"}],"curies":[{"name":"wp","href":"https:\/\/api.w.org\/{rel}","templated":true}]}}