{"id":6314,"date":"2023-07-05T09:29:43","date_gmt":"2023-07-05T09:29:43","guid":{"rendered":"https:\/\/blog.rehairsystem.com\/?p=6314"},"modified":"2023-07-05T09:35:42","modified_gmt":"2023-07-05T09:35:42","slug":"does-the-jonathan-lemire-wear-a-hairpiece","status":"publish","type":"post","link":"https:\/\/blog.rehairsystem.com\/es\/does-the-jonathan-lemire-wear-a-hairpiece\/","title":{"rendered":"\u00bfEl reportero de la Casa Blanca, Jonathan Lemire, usa un postizo?"},"content":{"rendered":"<p><span style=\"color: #000000;\">In this article, let&#8217;s discuss the intriguing question of whether the renowned White House reporter Jonathan Lemire wears a hairpiece. Despite his exceptional reporting skills, many have wondered about his hairline and if it might be the result of a natural gift or the assistance of artificial means. Join us as we uncover the truth behind <span style=\"color: #ff0000;\"><a style=\"color: #ff0000;\" href=\"https:\/\/blog.rehairsystem.com\/es\/does-the-jonathan-lemire-wear-a-hairpiece\/\" target=\"_blank\" rel=\"noopener\"><strong>Jonathan Lemire&#8217;s hair piece<\/strong><\/a><\/span>.<\/span><\/p>\n<h2><span style=\"color: #000000;\">\u00bfQui\u00e9n es Jonathan Lemire?<\/span><\/h2>\n<p><span style=\"color: #000000;\"><img decoding=\"async\" src=\"https:\/\/docerp.s3.amazonaws.com\/erp\/cms\/0f13d0a9-2c8a-49ba-9665-6de51ccf5861.webp\" alt=\"jonathan lemire hair piece\" width=\"700\" \/><\/span><\/p>\n<p><span style=\"color: #000000;\">Jonathan Lemire is an American journalist and White House reporter for the Associated Press (AP). He gained significant recognition for his coverage of the Trump presidency and his reporting on major political events. Lemire&#8217;s work has been widely featured in prominent news outlets, and he is known for his insightful analysis and sharp reporting skills.<\/span><\/p>\n<p><span style=\"color: #000000;\">Once Trump assumed office, Lemire became one of the most prominent White House reporters, providing an inside look into the administration&#8217;s policies, controversies, and decision-making processes. His reporting continually shed light on the internal workings of the Trump administration, allowing the public to better understand the dynamics of the presidency.<\/span><\/p>\n<p><span style=\"color: #000000;\">Lemire&#8217;s ability to ask tough questions and hold those in power accountable made him a respected figure in the world of political journalism. His coverage of the Trump administration received widespread attention, and he was frequently seen moderating panels and providing expert analysis on news networks.<\/span><\/p>\n<h2><span style=\"color: #000000;\">Jonathan Lemire&#8217;s Signature Look<\/span><\/h2>\n<p><span style=\"color: #000000;\"><img decoding=\"async\" src=\"https:\/\/docerp.s3.amazonaws.com\/erp\/cms\/39f7585e-2717-45f7-88c3-ef96c93ac9c7.webp\" alt=\"jonathan lemire hair piece\" width=\"700\" \/><\/span><\/p>\n<p><span style=\"color: #000000;\">One cannot help but notice Jonathan Lemire&#8217;s impeccable sense of style and, particularly, his hairline. Lemire&#8217;s hair always seems to be in the perfect place, complementing his overall appearance and projecting a sense of confidence and professionalism.<\/span><\/p>\n<h2><span style=\"color: #000000;\">\u00bfJonathan Lemire est\u00e1 experimentando p\u00e9rdida de cabello?<\/span><\/h2>\n<p><span style=\"color: #000000;\"><img decoding=\"async\" src=\"https:\/\/docerp.s3.amazonaws.com\/erp\/cms\/b42eb617-9a6e-40f8-b931-e5743237ff28.webp\" alt=\"jonathan lemire hair piece\" width=\"700\" \/><\/span><\/p>\n<p><span style=\"color: #000000;\">Yes, Jonathan Lemire is experiencing hair loss. While many speculate about whether Lemire&#8217;s hairline is natural or the result of hair loss, it is crucial to first explore the reasons why individuals might experience hair loss. Various factors, such as genetics, age, hormonal changes, and stress, can contribute to hair loss, causing individuals to seek alternative solutions.<\/span><\/p>\n<h2><span style=\"color: #000000;\">The Reasons for Jonathan Lemire&#8217;s Hair Loss<\/span><\/h2>\n<ul>\n<li><span style=\"color: #000000;\"><em><span style=\"text-decoration: underline;\">Estr\u00e9s<\/span><\/em>: Experimentar altos niveles de estr\u00e9s durante per\u00edodos prolongados puede provocar la ca\u00edda del cabello. Jonathan Lemire, como muchas personas en trabajos de alta presi\u00f3n, puede estar lidiando con la p\u00e9rdida de cabello relacionada con el estr\u00e9s.<\/span><\/li>\n<li><span style=\"color: #000000;\"><em><span style=\"text-decoration: underline;\">Cambios hormonales<\/span><\/em>: Las fluctuaciones en las hormonas pueden causar la ca\u00edda del cabello. El envejecimiento y los desequilibrios hormonales pueden afectar el ciclo de crecimiento del cabello, lo que lleva al adelgazamiento o la ca\u00edda del cabello.<\/span><\/li>\n<li><span style=\"color: #000000;\"><em><span style=\"text-decoration: underline;\">Gen\u00e9tica<\/span><\/em>: Los antecedentes familiares juegan un papel importante en la determinaci\u00f3n de los patrones de p\u00e9rdida de cabello. Si Jonathan Lemire tiene antecedentes familiares de p\u00e9rdida de cabello, es posible que est\u00e9 gen\u00e9ticamente predispuesto a experimentar adelgazamiento del cabello o calvicie.<\/span><\/li>\n<li><span style=\"color: #000000;\"><span style=\"text-decoration: underline;\">Condiciones m\u00e9dicas o tratamientos<\/span>: Ciertas condiciones m\u00e9dicas, como la alopecia areata o los trastornos autoinmunitarios, pueden provocar la ca\u00edda del cabello. Adem\u00e1s, someterse a tratamientos como la quimioterapia puede provocar la p\u00e9rdida temporal o permanente del cabello.<\/span><\/li>\n<li><span style=\"color: #000000;\"><em><span style=\"text-decoration: underline;\">Pr\u00e1cticas de peinado o productos para el cabello.<\/span><\/em>: Excessive use of heat-styling tools, tight hairstyles, or harsh chemicals in hair products can damage the hair follicles, leading to hair loss. It is possible that Jonathan Lemire&#8217;s styling practices or choice of hair products may contribute to his hair loss.<\/span><\/li>\n<\/ul>\n<h2><span style=\"color: #000000;\">\u00bfLleva un postizo?<\/span><\/h2>\n<p><span style=\"color: #000000;\">The question on many people&#8217;s minds is, \u201cDoes he wear a hairpiece?\u201d While it is true that Jonathan Lemire&#8217;s hairline seems to be receding and showing signs of hair loss, there is no concrete evidence to suggest that he relies on a wig or hairpiece to cover up this natural phenomenon. <\/span><\/p>\n<p><span style=\"color: #000000;\">It is not an uncommon occurrence for individuals to experience hair thinning or receding hairlines as they age, and Lemire&#8217;s case appears to be no different. However, it is worth noting that without explicit confirmation from the man himself, any speculation about his hair can only remain as just that \u2013 speculation.<\/span><\/p>\n<h2><span style=\"color: #000000;\">\u00bfC\u00f3mo salvar la l\u00ednea de cabello alta de las personas con p\u00e9rdida de cabello?<\/span><\/h2>\n<p><img decoding=\"async\" loading=\"lazy\" class=\"alignnone wp-image-6320\" src=\"https:\/\/blog.rehairsystem.com\/wp-content\/uploads\/2023\/07\/Men-Frontal-Hairpiece-1024x494.jpg\" alt=\"Buy Men Frontal Hairpiece\" width=\"751\" height=\"362\" srcset=\"https:\/\/blog.rehairsystem.com\/wp-content\/uploads\/2023\/07\/Men-Frontal-Hairpiece-1024x494.jpg 1024w, https:\/\/blog.rehairsystem.com\/wp-content\/uploads\/2023\/07\/Men-Frontal-Hairpiece-300x145.jpg 300w, https:\/\/blog.rehairsystem.com\/wp-content\/uploads\/2023\/07\/Men-Frontal-Hairpiece-768x370.jpg 768w, https:\/\/blog.rehairsystem.com\/wp-content\/uploads\/2023\/07\/Men-Frontal-Hairpiece-18x9.jpg 18w, https:\/\/blog.rehairsystem.com\/wp-content\/uploads\/2023\/07\/Men-Frontal-Hairpiece.jpg 1467w\" sizes=\"(max-width: 751px) 100vw, 751px\" \/><\/p>\n<p><span style=\"color: #000000;\">Para las personas que se enfrentan a la ca\u00edda del cabello, usar una peluca en la frente puede cambiar las reglas del juego. A <span style=\"color: #ff0000;\"><a style=\"color: #ff0000;\" href=\"https:\/\/rehairsystem.com\/products\/mens-frontal-hairpiece-covering-receding-hairline\" target=\"_blank\" rel=\"noopener\"><strong>peluca de frente<\/strong><\/a><\/span> es un tipo de peluca que cubre espec\u00edficamente la l\u00ednea frontal del cabello, mezcl\u00e1ndose perfectamente con el cabello natural y creando una apariencia natural. Puede ayudar a las personas a combatir la ca\u00edda del cabello y restaurar su confianza.<\/span><\/p>\n<p><span style=\"color: #000000;\">The advantage of a forehead wig is that it is easy to wear, adjustable, and easily maintained. Additionally, it allows for seamless integration with the individual&#8217;s existing hair, eliminating any visible signs of artificial assistance.<\/span><\/p>\n<p><span style=\"color: #000000;\">Para aquellos interesados en comprar una peluca para la frente, el <strong>Rehairsystem<\/strong> tienda de pelucas es una opci\u00f3n de buena reputaci\u00f3n. Con su amplia gama de pelucas de alta calidad y su excelente servicio al cliente, podemos asegurarnos de que los clientes puedan encontrar la peluca perfecta para satisfacer sus necesidades. Y priorizamos la satisfacci\u00f3n del cliente y ofrecemos una experiencia de compra perfecta.<\/span><\/p>\n<p><span style=\"color: #000000;\">Nos comprometemos a proporcionar a los clientes productos y servicios de primer nivel. Nuestras pelucas est\u00e1n hechas con materiales de primera calidad, mano de obra experta y atenci\u00f3n al detalle, lo que garantiza un ajuste natural y c\u00f3modo.<\/span><\/p>\n<h2><span style=\"color: #000000;\">Conclusi\u00f3n<\/span><\/h2>\n<p><span style=\"color: #000000;\">Si bien la verdad detr\u00e1s de la l\u00ednea del cabello de Jonathan Lemire sigue siendo un misterio, es importante reconocer que la p\u00e9rdida de cabello afecta a las personas en todas las esferas de la vida. Ya sea que elija abrazar su cabello natural o buscar ayuda a trav\u00e9s de una peluca, es una elecci\u00f3n personal que no deber\u00eda restar valor a sus impresionantes logros como reportero de la Casa Blanca.<\/span><\/p>","protected":false},"excerpt":{"rendered":"<p>In this article, let&#8217;s discuss the intriguing question of whether the renowned White House reporter Jonathan Lemire wears a hairpiece. Despite his exceptional reporting skills, &#8230; <a title=\"\u00bfEl reportero de la Casa Blanca, Jonathan Lemire, usa un postizo?\" class=\"read-more\" href=\"https:\/\/blog.rehairsystem.com\/es\/does-the-jonathan-lemire-wear-a-hairpiece\/\" aria-label=\"M\u00e1s en Does The White House Reporter Jonathan Lemire Wear A Hairpiece?\">Leer m\u00e1s<\/a><\/p>","protected":false},"author":2,"featured_media":6315,"comment_status":"closed","ping_status":"closed","sticky":false,"template":"","format":"standard","meta":[],"categories":[1],"tags":[193],"_links":{"self":[{"href":"https:\/\/blog.rehairsystem.com\/es\/wp-json\/wp\/v2\/posts\/6314"}],"collection":[{"href":"https:\/\/blog.rehairsystem.com\/es\/wp-json\/wp\/v2\/posts"}],"about":[{"href":"https:\/\/blog.rehairsystem.com\/es\/wp-json\/wp\/v2\/types\/post"}],"author":[{"embeddable":true,"href":"https:\/\/blog.rehairsystem.com\/es\/wp-json\/wp\/v2\/users\/2"}],"replies":[{"embeddable":true,"href":"https:\/\/blog.rehairsystem.com\/es\/wp-json\/wp\/v2\/comments?post=6314"}],"version-history":[{"count":5,"href":"https:\/\/blog.rehairsystem.com\/es\/wp-json\/wp\/v2\/posts\/6314\/revisions"}],"predecessor-version":[{"id":6322,"href":"https:\/\/blog.rehairsystem.com\/es\/wp-json\/wp\/v2\/posts\/6314\/revisions\/6322"}],"wp:featuredmedia":[{"embeddable":true,"href":"https:\/\/blog.rehairsystem.com\/es\/wp-json\/wp\/v2\/media\/6315"}],"wp:attachment":[{"href":"https:\/\/blog.rehairsystem.com\/es\/wp-json\/wp\/v2\/media?parent=6314"}],"wp:term":[{"taxonomy":"category","embeddable":true,"href":"https:\/\/blog.rehairsystem.com\/es\/wp-json\/wp\/v2\/categories?post=6314"},{"taxonomy":"post_tag","embeddable":true,"href":"https:\/\/blog.rehairsystem.com\/es\/wp-json\/wp\/v2\/tags?post=6314"}],"curies":[{"name":"wp","href":"https:\/\/api.w.org\/{rel}","templated":true}]}}