{"id":6917,"date":"2023-07-18T01:59:03","date_gmt":"2023-07-18T01:59:03","guid":{"rendered":"https:\/\/blog.rehairsystem.com\/?p=6917"},"modified":"2023-07-18T10:58:56","modified_gmt":"2023-07-18T10:58:56","slug":"jude-bellingham-hair-look-after-transferring-to-real-madrid","status":"publish","type":"post","link":"https:\/\/blog.rehairsystem.com\/es\/jude-bellingham-peinado-traspaso-al-real-madrid\/","title":{"rendered":"El peinado de Jude Bellingham tras fichar por el Real Madrid"},"content":{"rendered":"<p><span style=\"color: #000000;\">Jude Bellingham, the young football sensation, has recently made headlines with his remarkable transfer to Real Madrid. And fashion enthusiasts are also curious about how Bellingham&#8217;s hair look will evolve in his new club. Bellingham has already made a statement with his bold and stylish haircuts, and now, with his move to Real Madrid, there is anticipation surrounding what his hair will look like in the famous white jersey.<\/span><\/p>\n<h2><span style=\"color: #000000;\">Jude Bellingham&#8217;s New Hairstyle?<\/span><\/h2>\n<p><span style=\"color: #000000;\"><img decoding=\"async\" loading=\"lazy\" src=\"https:\/\/docerp.s3.amazonaws.com\/erp\/cms\/ddc5ba69-ba3e-4b95-9b52-02f7a31389fe.webp\" alt=\"Cabello de Jude Bellingham\" width=\"700\" height=\"891\"><\/span><\/p>\n<p><span style=\"color: #000000;\">Jude Bellingham&#8217;s hair look is seen to remain unchanged even after his transfer to Real Madrid. The talented footballer has been sporting an Afro hairstyle with a high top, low taper, and a precise hairline, which perfectly complements his exceptional skills on the field. This distinctive haircut was meticulously designed by Sheldon Edwards, a renowned barber from South London who is known as the unofficial barber to the England football squad. Sheldon revealed to the Guardian that Jude&#8217;s hairstyle involves a low taper with a high top.<\/span><\/p>\n<p><span style=\"color: #000000;\">A medida que Bellingham se embarca en su nuevo viaje con el Real Madrid, es probable que los fan\u00e1ticos puedan anticipar verlo continuar luciendo su caracter\u00edstico corte de cabello afro, manteniendo tanto sus impresionantes habilidades futbol\u00edsticas como su elegante apariencia.<\/span><\/p>\n<p><span style=\"color: #000000;\"><span style=\"color: #ff0000;\"><strong>Leer m\u00e1s<\/strong><\/span>: <em><strong><span style=\"color: #333333;\"><a style=\"color: #333333;\" href=\"https:\/\/blog.rehairsystem.com\/es\/que-es-el-corte-de-pelo-de-jude-bellingham-y-como-recrear\/\" target=\"_blank\" rel=\"noopener\">Consigue el corte de pelo de Jude Bellingham<\/a><\/span><\/strong><\/em><\/span><\/p>\n<h2><span style=\"color: #000000;\">Jude Bellingham ficha por el Real Madrid<\/span><\/h2>\n<p><span style=\"color: #000000;\">In a groundbreaking transfer that has sent shockwaves through the football world, Jude Bellingham has officially joined Real Madrid. The Spanish giants have secured the services of the talented midfielder in a deal worth \u20ac134 million. This move marks a significant milestone in Bellingham&#8217;s career and highlights the trust and confidence Real Madrid has in his abilities.<\/span><\/p>\n<p><span style=\"color: #000000;\">Real Madrid recently confirmed the signing of England international Jude Bellingham from Borussia Dortmund for a staggering fee of \u20ac103 million (\u00a388 million), which could potentially rise up to \u20ac133.9 million (\u00a3114 million) with add-ons. This transfer not only showcases Bellingham&#8217;s immense talent but also highlights the high regard in which he is held by top clubs around the world.<\/span><\/p>\n<p><span style=\"color: #000000;\">Bellingham&#8217;s move to Real Madrid presents him with an incredible opportunity to further develop his skills and compete at the highest level of European football. Playing alongside some of the world&#8217;s best players and under the guidance of esteemed coaches, Bellingham will undoubtedly face new challenges and experiences that will shape his career for years to come.<\/span><\/p>\n<h2><span style=\"color: #000000;\">Jude Bellingham&#8217;s First Real Madrid Training<\/span><\/h2>\n<h3><span style=\"color: #000000;\">Particip\u00f3 en el entrenamiento de pretemporada con nuevos compa\u00f1eros la semana pasada.<\/span><\/h3>\n<p><iframe loading=\"lazy\" src=\"\/\/www.youtube.com\/embed\/f2MvxGjKjaI\" width=\"560\" height=\"314\" allowfullscreen=\"allowfullscreen\"><\/iframe><\/p>\n<p><span style=\"color: #000000;\">Jude Bellingham, que ven\u00eda recuper\u00e1ndose de una lesi\u00f3n en la rodilla, ya est\u00e1 preparado para iniciar su primer entrenamiento con el Real Madrid. El centrocampista ingl\u00e9s se encontr\u00f3 con problemas en la rodilla hacia el final de la temporada en el Borussia Dortmund, lo que motiv\u00f3 su exclusi\u00f3n de la selecci\u00f3n inglesa como medida de precauci\u00f3n durante los \u00faltimos partidos internacionales. <\/span><\/p>\n<p><span style=\"color: #000000;\">El Madrid est\u00e1 decidido a reintegrarlo en plena forma con cautela, asegur\u00e1ndose de que haga un regreso sin problemas. Tras disfrutar de un merecido descanso estival, Bellingham espera con impaciencia el inicio de los entrenamientos de pretemporada en el Real Madrid.<\/span><\/p>\n<p><span style=\"color: #000000;\">En un desarrollo emocionante, la joven estrella mostr\u00f3 sus habilidades al marcar un gol notable durante una sesi\u00f3n de entrenamiento con Los Blancos. Mostrando su agilidad y compostura, Bellingham maniobr\u00f3 h\u00e1bilmente a varios jugadores antes de terminar con delicadeza. Esta impresionante exhibici\u00f3n seguramente dej\u00f3 una impresi\u00f3n positiva en el cuerpo t\u00e9cnico y consolid\u00f3 a\u00fan m\u00e1s su lugar dentro del equipo.<\/span><\/p>\n<p><span style=\"color: #000000;\">De cara al futuro, el Real Madrid ha programado su fase central de pretemporada en Estados Unidos, que le servir\u00e1 como preparaci\u00f3n vital para la pr\u00f3xima campa\u00f1a 2023-24. Bellingham est\u00e1 listo para ser parte de esta importante gira, uni\u00e9ndose a sus nuevos compa\u00f1eros de equipo cuando comiencen sus partidos de pretemporada el 24 de julio contra el AC Milan.<\/span><\/p>\n<h2><span style=\"color: #000000;\">\u00bfQu\u00e9 dice Jude Bellingham sobre jugar en el Real Madrid?<\/span><\/h2>\n<p><span style=\"color: #000000;\">El talentoso centrocampista ha hablado muy bien de su experiencia jugando en el club espa\u00f1ol. Bellingham dice que sus nuevos compa\u00f1eros de equipo lo han estado ayudando a adaptarse a la vida en Espa\u00f1a.<\/span><\/p>\n<p><span style=\"color: #000000;\">He mentions that Lucas Vazquez and Brahim Diaz have been teaching him Spanish, and describes them as his biggest Spanish teachers. He also says that everyone is contributing to his language learning, even teaching him some \u201cbad words\u201d which he can&#8217;t wait to try out.<\/span><\/p>\n<p><span style=\"color: #000000;\">Bellingham&#8217;s focus on adapting to his new surroundings is evident, and he expressed excitement about playing under the legendary coach Carlo Ancelotti.<\/span><\/p>\n<h2><span style=\"color: #000000;\">Conclusi\u00f3n<\/span><\/h2>\n<p><span style=\"color: #000000;\">Bellingham has already proven his penchant for unique and stylish haircuts. Whether he maintains his current Afro With High Top or experiments with a new trend, one thing is certain: Bellingham&#8217;s hair look will continue to reflect his confidence, individuality, and passion for the game. As he takes the field for Real Madrid, Bellingham&#8217;s hair will undoubtedly become a topic of discussion among fans and fashion enthusiasts alike.<\/span><\/p>","protected":false},"excerpt":{"rendered":"<p>Jude Bellingham, the young football sensation, has recently made headlines with his remarkable transfer to Real Madrid. And fashion enthusiasts are also curious about how &#8230; <a title=\"Jude Bellingham&#8217;s Hair Look After Transferring To Real Madrid\" class=\"read-more\" href=\"https:\/\/blog.rehairsystem.com\/es\/jude-bellingham-peinado-traspaso-al-real-madrid\/\" aria-label=\"M\u00e1s en Jude Bellingham&#8217;s Hair Look After Transferring To Real Madrid\">Leer m\u00e1s<\/a><\/p>","protected":false},"author":2,"featured_media":6918,"comment_status":"closed","ping_status":"closed","sticky":false,"template":"","format":"standard","meta":[],"categories":[225,1],"tags":[226],"_links":{"self":[{"href":"https:\/\/blog.rehairsystem.com\/es\/wp-json\/wp\/v2\/posts\/6917"}],"collection":[{"href":"https:\/\/blog.rehairsystem.com\/es\/wp-json\/wp\/v2\/posts"}],"about":[{"href":"https:\/\/blog.rehairsystem.com\/es\/wp-json\/wp\/v2\/types\/post"}],"author":[{"embeddable":true,"href":"https:\/\/blog.rehairsystem.com\/es\/wp-json\/wp\/v2\/users\/2"}],"replies":[{"embeddable":true,"href":"https:\/\/blog.rehairsystem.com\/es\/wp-json\/wp\/v2\/comments?post=6917"}],"version-history":[{"count":6,"href":"https:\/\/blog.rehairsystem.com\/es\/wp-json\/wp\/v2\/posts\/6917\/revisions"}],"predecessor-version":[{"id":6968,"href":"https:\/\/blog.rehairsystem.com\/es\/wp-json\/wp\/v2\/posts\/6917\/revisions\/6968"}],"wp:featuredmedia":[{"embeddable":true,"href":"https:\/\/blog.rehairsystem.com\/es\/wp-json\/wp\/v2\/media\/6918"}],"wp:attachment":[{"href":"https:\/\/blog.rehairsystem.com\/es\/wp-json\/wp\/v2\/media?parent=6917"}],"wp:term":[{"taxonomy":"category","embeddable":true,"href":"https:\/\/blog.rehairsystem.com\/es\/wp-json\/wp\/v2\/categories?post=6917"},{"taxonomy":"post_tag","embeddable":true,"href":"https:\/\/blog.rehairsystem.com\/es\/wp-json\/wp\/v2\/tags?post=6917"}],"curies":[{"name":"wp","href":"https:\/\/api.w.org\/{rel}","templated":true}]}}