{"id":5747,"date":"2023-06-21T09:11:54","date_gmt":"2023-06-21T09:11:54","guid":{"rendered":"https:\/\/blog.rehairsystem.com\/?p=5747"},"modified":"2023-07-12T09:46:19","modified_gmt":"2023-07-12T09:46:19","slug":"lori-greiner-haircut-hairline-and-hair-loss-rumor","status":"publish","type":"post","link":"https:\/\/blog.rehairsystem.com\/fi\/lori-greiner-leikkaus-hiusraja-ja-hiustenlahto-huhu\/","title":{"rendered":"Lori Greiner -hiustenleikkaus, hiusraja ja -huhu"},"content":{"rendered":"<p><span style=\"color: #000000;\">Lori Greiner, the famous inventor, and entrepreneur, is one of the most successful women in the business world. She is a familiar face to many people due to her appearance on the popular television show, Shark Tank. There have been rumors circulating about Lori&#8217;s hair, specifically her haircut, hairline, and hair loss. In this article, we&#8217;ll have a detail look.<\/span><\/p>\n<h2><span style=\"color: #000000;\">Ikoniset Lori Greinerin hiustenleikkaukset<\/span><\/h2>\n<p><span style=\"color: #000000;\"><img decoding=\"async\" src=\"https:\/\/docerp.s3.amazonaws.com\/erp\/cms\/f89a329c-ecc0-4dab-b231-be738db4c9ac.webp\" alt=\"lori greiner peruukki \" width=\"700\" \/><\/span><\/p>\n<p><span style=\"color: #000000;\">Lori Greiner mostly wears her hair in a medium-length bob with layers and waves. This style is effortless, elegant, and versatile, and it suits her facial features impeccably. Her hair color is a mixture of blonde and light brown hues, which blends well with her skin tone and eye color. Lori&#8217;s chic hairstyle has become a trademark of her brand and personal style, and many women admire her for it.<\/span><\/p>\n<h2><span style=\"color: #000000;\">What Does Lori Greiner&#8217;s Hairline Look Like?<\/span><\/h2>\n<p><span style=\"color: #000000;\"><img decoding=\"async\" src=\"https:\/\/docerp.s3.amazonaws.com\/erp\/cms\/ea542aaa-24e9-4295-8700-b1de9473c919.webp\" alt=\"lori greiner peruukki\" width=\"700\" \/><\/span><\/p>\n<p><span style=\"color: #000000;\">Lori Greiner&#8217;s hairline is mostly covered by her layers and waves, but when her hair is pulled back, her hairline appears to be normal. Some fans have speculated that Lori&#8217;s hairline might have receded or that she is experiencing hair thinning.<\/span><\/p>\n<h3><span style=\"color: #000000;\">Onko h\u00e4nell\u00e4 v\u00e4istyv\u00e4 hiusraja?<\/span><\/h3>\n<p><span style=\"color: #000000;\">Ei ole selv\u00e4\u00e4 merkkej\u00e4 siit\u00e4, ett\u00e4 Lori Greinerin hiusraja on v\u00e4istym\u00e4ss\u00e4. H\u00e4nen hiuksensa n\u00e4ytt\u00e4v\u00e4t olevan sama paksuus ja tiheys kuin aina, eik\u00e4 h\u00e4nen kampaajansa ole ilmoittanut mist\u00e4\u00e4n ongelmasta, joka viittaisi toisin.<\/span><\/p>\n<p><span style=\"color: #ff0000;\"><strong>Katso lis\u00e4\u00e4 Celebrity Hairline<\/strong><\/span><span style=\"color: #000000;\">: <em><a href=\"https:\/\/blog.rehairsystem.com\/fi\/dennis-schroder-hiusraja-palautunut-mutta-klonaatti\/\" target=\"_blank\" rel=\"noopener\"><span style=\"color: #333333;\"><strong>Dennis Schroderin hiusraja<\/strong><\/span><\/a><\/em><\/span><\/p>\n<h2><span style=\"color: #000000;\">Menett\u00e4\u00e4k\u00f6 Lori Greiner hiuksiaan?<\/span><\/h2>\n<p><span style=\"color: #000000;\">Vaikka on ollut huhuja siit\u00e4, ett\u00e4 Lori Greiner kokee hiustenl\u00e4ht\u00f6\u00e4, ei ole todisteita n\u00e4iden v\u00e4itteiden tueksi. On luonnollista, ett\u00e4 naiset menett\u00e4v\u00e4t hiuksiaan ik\u00e4\u00e4ntyess\u00e4\u00e4n tai tiettyjen sairauksien tai hoitojen vuoksi. Mik\u00e4\u00e4n ei kuitenkaan viittaa siihen, ett\u00e4 Lori kokisi jotain n\u00e4ist\u00e4.<\/span><\/p>\n<h2><span style=\"color: #000000;\">Mitk\u00e4 ovat syyt hiustenl\u00e4ht\u00f6\u00f6n?<\/span><\/h2>\n<p><span style=\"color: #000000;\">Hiustenl\u00e4ht\u00f6\u00f6n voi olla monia syit\u00e4, mukaan lukien:<\/span><\/p>\n<ul>\n<li><span style=\"color: #000000;\">Genetiikka \u2013 Se on yleisin syy hiustenl\u00e4ht\u00f6\u00f6n, ja se voi johtaa miesten tai naisten kaljuuntumiseen.<\/span><\/li>\n<li><span style=\"color: #000000;\">Hormonaaliset muutokset \u2013 Hormonaaliset ep\u00e4tasapainot raskauden, vaihdevuosien tai kilpirauhasen toimintah\u00e4iri\u00f6iden aikana voivat edist\u00e4\u00e4 hiustenl\u00e4ht\u00f6\u00e4.<\/span><\/li>\n<li><span style=\"color: #000000;\">L\u00e4\u00e4kkeet \u2013 Tietyt l\u00e4\u00e4kkeet, kuten kemoterapia, aknel\u00e4\u00e4kkeet ja masennusl\u00e4\u00e4kkeet, voivat my\u00f6s aiheuttaa hiustenl\u00e4ht\u00f6\u00e4.<\/span><\/li>\n<li><span style=\"color: #000000;\">Ravitsemukselliset puutteet \u2013 raudan, sinkin, biotiinin, D-vitamiinin ja muiden ravintoaineiden puute voi aiheuttaa hiustenl\u00e4ht\u00f6\u00e4.<\/span><\/li>\n<li><span style=\"color: #000000;\">Stressi \u2013 Fyysinen tai henkinen stressi voi laukaista hiustenl\u00e4ht\u00f6\u00e4.<\/span><\/li>\n<li><span style=\"color: #000000;\">L\u00e4\u00e4ketieteelliset tilat \u2013 P\u00e4\u00e4nahan infektiot, autoimmuunisairaudet, kuten alopecia areata, ja muut sairaudet voivat aiheuttaa hiustenl\u00e4ht\u00f6\u00e4.<\/span><\/li>\n<li><span style=\"color: #000000;\">Kampaukset ja muotoilu \u2013 Liiallinen kampausty\u00f6kalujen, kemiallisten hoitojen ja tiukkojen kampausten, kuten punosten ja poninh\u00e4nn\u00e4t, k\u00e4ytt\u00f6 voi johtaa hiustenl\u00e4ht\u00f6\u00f6n.<\/span><\/li>\n<li><span style=\"color: #000000;\">Ik\u00e4\u00e4ntyminen \u2013 Ik\u00e4\u00e4ntyess\u00e4mme karvatupemme kutistuvat, mik\u00e4 johtaa hiusten ohenemiseen ja mahdolliseen hiustenl\u00e4ht\u00f6\u00f6n.<\/span><\/li>\n<\/ul>\n<h2><span style=\"color: #000000;\">K\u00e4ytt\u00e4\u00e4k\u00f6 Lori Greiner peruukkeja kaljuuntumisen peitt\u00e4miseen?<\/span><\/h2>\n<p><span style=\"color: #000000;\">Viime vuosina jotkut suositun &quot;Shark Tank&quot; -televisio-ohjelman katsojat ovat pohtineet, onko Greinerill\u00e4 todellakin hiustenl\u00e4ht\u00f6\u00e4. Jotkut kotkasilm\u00e4iset fanit ovat huomanneet, ett\u00e4 h\u00e4nen hiuksensa eiv\u00e4t en\u00e4\u00e4 n\u00e4yt\u00e4 niin paksuilta ja kiilt\u00e4vilt\u00e4 kuin aikaisempina vuodenaikoina. Jotkut ovat menneet niin pitk\u00e4lle, ett\u00e4 ovat julkaisseet vertailukuvia sosiaaliseen mediaan ja osoittavat ilmeisen eron tilavuuden ja tekstuurin v\u00e4lill\u00e4.<\/span><\/p>\n<p><span style=\"color: #000000;\">Huhuista ja spekulaatioista huolimatta ei ole konkreettisia todisteita siit\u00e4, ett\u00e4 Lori Greiner k\u00e4ytt\u00e4isi peruukkeja peitt\u00e4\u00e4kseen kaljuuntumista tai hiustenl\u00e4ht\u00f6\u00e4. On t\u00e4ysin mahdollista, ett\u00e4 h\u00e4n vain vanhenee luonnollisesti, kuten kaikki muutkin, ja h\u00e4nen hiuksensa ohenevat t\u00e4m\u00e4n seurauksena v\u00e4hitellen. H\u00e4n saattaa my\u00f6s k\u00e4ytt\u00e4\u00e4 muotoilutekniikoita saadakseen erilaisen ilmeen tai luodakseen vaikutelman paksummista hiuksista.<\/span><\/p>\n<p><span style=\"color: #000000;\"><span style=\"color: #ff0000;\"><strong>Tiet\u00e4\u00e4 Totuus<\/strong><\/span>: <span style=\"color: #333333;\"><em><a style=\"color: #333333;\" href=\"https:\/\/blog.rehairsystem.com\/fi\/lori-greiner-kayttaa-peruukki-on-se-to-to\/\" target=\"_blank\" rel=\"noopener\"><strong>Lori Greiner peruukki<\/strong><\/a><\/em><\/span><\/span><\/p>\n<h2><span style=\"color: #000000;\">Mist\u00e4 ostaa Lori Greiner peruukit?<\/span><\/h2>\n<p><span style=\"color: #000000;\">If you are looking to buy wigs to emulate Lori Greiner&#8217;s hairstyle, you can check out <span style=\"color: #ff0000;\"><strong>Kunnostusj\u00e4rjestelm\u00e4<\/strong><\/span> hiuslis\u00e4kauppa.<\/span><\/p>\n<p><span style=\"color: #000000;\">Tarjoamme laajan valikoiman laadukkaita peruukkeja ja hiuslis\u00e4kkeit\u00e4, jotka n\u00e4ytt\u00e4v\u00e4t luonnollisilta ja tyylikk\u00e4ilt\u00e4. Ja tiimimme tarjoaa r\u00e4\u00e4t\u00e4l\u00f6inti- ja konsultointipalveluita, joiden avulla voit valita parhaan peruukin, joka sopii ominaisuuksiisi ja mieltymyksiisi.<\/span><\/p>\n<h2><span style=\"color: #000000;\">Johtop\u00e4\u00e4t\u00f6s<\/span><\/h2>\n<p><span style=\"color: #000000;\">The rumors surrounding Lori Greiner&#8217;s haircut, hairline, and hair loss are unfounded. While it&#8217;s true that her hair does look slightly different in some photos, there is no evidence to suggest that she has experienced hair loss or had any type of hairline surgery. It&#8217;s important to remember that celebrities are often subject to intense scrutiny and rumors, and it&#8217;s crucial that we base our opinions on facts, not speculation. As for Lori, she continues to be a successful entrepreneur and a role model for women all around the world.<\/span><\/p>","protected":false},"excerpt":{"rendered":"<p>Lori Greiner, the famous inventor, and entrepreneur, is one of the most successful women in the business world. She is a familiar face to many &#8230; <a title=\"Lori Greiner -hiustenleikkaus, hiusraja ja -huhu\" class=\"read-more\" href=\"https:\/\/blog.rehairsystem.com\/fi\/lori-greiner-leikkaus-hiusraja-ja-hiustenlahto-huhu\/\" aria-label=\"Lis\u00e4\u00e4 Lori Greiner Haircut, Hairline and Hair Loss Rumor\">Lue lis\u00e4\u00e4<\/a><\/p>","protected":false},"author":2,"featured_media":5753,"comment_status":"closed","ping_status":"closed","sticky":false,"template":"","format":"standard","meta":[],"categories":[1],"tags":[140],"_links":{"self":[{"href":"https:\/\/blog.rehairsystem.com\/fi\/wp-json\/wp\/v2\/posts\/5747"}],"collection":[{"href":"https:\/\/blog.rehairsystem.com\/fi\/wp-json\/wp\/v2\/posts"}],"about":[{"href":"https:\/\/blog.rehairsystem.com\/fi\/wp-json\/wp\/v2\/types\/post"}],"author":[{"embeddable":true,"href":"https:\/\/blog.rehairsystem.com\/fi\/wp-json\/wp\/v2\/users\/2"}],"replies":[{"embeddable":true,"href":"https:\/\/blog.rehairsystem.com\/fi\/wp-json\/wp\/v2\/comments?post=5747"}],"version-history":[{"count":3,"href":"https:\/\/blog.rehairsystem.com\/fi\/wp-json\/wp\/v2\/posts\/5747\/revisions"}],"predecessor-version":[{"id":6655,"href":"https:\/\/blog.rehairsystem.com\/fi\/wp-json\/wp\/v2\/posts\/5747\/revisions\/6655"}],"wp:featuredmedia":[{"embeddable":true,"href":"https:\/\/blog.rehairsystem.com\/fi\/wp-json\/wp\/v2\/media\/5753"}],"wp:attachment":[{"href":"https:\/\/blog.rehairsystem.com\/fi\/wp-json\/wp\/v2\/media?parent=5747"}],"wp:term":[{"taxonomy":"category","embeddable":true,"href":"https:\/\/blog.rehairsystem.com\/fi\/wp-json\/wp\/v2\/categories?post=5747"},{"taxonomy":"post_tag","embeddable":true,"href":"https:\/\/blog.rehairsystem.com\/fi\/wp-json\/wp\/v2\/tags?post=5747"}],"curies":[{"name":"wp","href":"https:\/\/api.w.org\/{rel}","templated":true}]}}