{"id":6294,"date":"2023-07-05T09:09:57","date_gmt":"2023-07-05T09:09:57","guid":{"rendered":"https:\/\/blog.rehairsystem.com\/?p=6294"},"modified":"2023-07-28T08:49:58","modified_gmt":"2023-07-28T08:49:58","slug":"jordan-walsh-hair-why-is-he-bald-having-alopecia","status":"publish","type":"post","link":"https:\/\/blog.rehairsystem.com\/fi\/jordan-walsh-hair-miksi-han-on-kalju-having-alopecia\/","title":{"rendered":"Jordan Walsh Hair: Miksi h\u00e4n on kalju? Onko sinulla hiustenl\u00e4ht\u00f6?"},"content":{"rendered":"<p><span style=\"color: #000000;\">One basketball forwarder\u00a0who has embraced his baldness and become an inspiration to others is Jordan Walsh. Though his hairless appearance may seem unusual to some, it is a result of a condition called alopecia. Hair loss is a condition that affects millions of people around the world. Whether it be due to age, genetics, or medical issues, losing one&#8217;s hair can greatly impact one&#8217;s self-esteem and confidence.<\/span><\/p>\n<h2><span style=\"color: #000000;\">Kuka on Jordan Walsh?<\/span><\/h2>\n<p><span style=\"color: #000000;\">Jordan Walsh on nouseva amerikkalainen ammattikoripalloilija, joka syntyi 3. maaliskuuta 2004. Walsh on nuoresta asti tuntenut syv\u00e4\u00e4 intohimoa urheiluun, joten h\u00e4n on edennyt riveiss\u00e4 tasaisesti ja h\u00e4nest\u00e4 on tullut yksi parhaista. haluttuja koripalloilijoita.<\/span><\/p>\n<p><span style=\"color: #000000;\">T\u00e4ll\u00e4 hetkell\u00e4 Boston Celticsiss\u00e4 National Basketball Associationissa pelaava Walsh osallistui juniorivuotensa aikana Faith Family Academyyn, jossa h\u00e4n osoitti poikkeuksellisia taitojaan tekem\u00e4ll\u00e4 keskim\u00e4\u00e4rin 18 pistett\u00e4, 11 levypalloa, viisi sy\u00f6tt\u00f6\u00e4, 2,4 sy\u00f6tt\u00f6\u00e4 ja 2,3 blokkaa.<\/span><\/p>\n<h2><span style=\"color: #000000;\">What Happened To Jordan Walsh&#8217;s Hair?<\/span><\/h2>\n<p><span style=\"color: #000000;\"><img decoding=\"async\" src=\"https:\/\/docerp.s3.amazonaws.com\/erp\/cms\/49ea8cae-ca90-4a40-b893-6b5b9c8d114c.webp\" alt=\"jordan walsh hiukset\" width=\"700\" \/><\/span><\/p>\n<p><span style=\"color: #000000;\">What&#8217;s wrong with <a href=\"https:\/\/blog.rehairsystem.com\/fi\/jordan-walsh-hair-miksi-han-on-kalju-having-alopecia\/\" target=\"_blank\" rel=\"noopener\"><span style=\"color: #ff0000;\"><strong>Jordan Walsh&#8217;s hair<\/strong><\/span><\/a>? T\u00e4m\u00e4 kysymys sai fanit uteliaiksi ja kiinnostuneiksi. Vain 19-vuotiaana Walsh p\u00e4\u00e4tti omaksua t\u00e4ysin ajelun p\u00e4\u00e4n ja erottui ik\u00e4isens\u00e4 rohkealla ja erottuvalla ilmeell\u00e4.<\/span><\/p>\n<h2><span style=\"color: #000000;\">Onko Jordan Walshilla hiuksia vai ei?<\/span><\/h2>\n<p><span style=\"color: #000000;\">It&#8217;s a question that has been intriguing the minds of many lately. Well, the answer may come as a surprise to those who remember him as the guy with a full head of luscious locks. No, he is completely balding now. Jordan&#8217;s hair has gradually faded away, leaving him with a shiny bald pate.<\/span><\/p>\n<h2><span style=\"color: #000000;\">Miksi Jordan Walsh on kalju?<\/span><\/h2>\n<p><span style=\"color: #000000;\">Jordan Walsh is bald due to his diagnosis of Alopecia in 2018. Alopecia is a condition that can have a significant impact on a person&#8217;s self-esteem and confidence, often leading to complete baldness, as it did in Jordan&#8217;s case.<\/span><\/p>\n<p><span style=\"color: #000000;\">Sen sijaan, ett\u00e4 olisi k\u00e4sitelty arvaamattomia laastareita, joita tyypillisesti esiintyy hiustenl\u00e4ht\u00f6\u00f6n, Walsh on p\u00e4\u00e4tt\u00e4nyt poistaa hiuksensa ja yritt\u00e4\u00e4 avoimesti poistaa kaljuun liittyv\u00e4n leimautumisen. H\u00e4n ei ole antanut t\u00e4m\u00e4n sairauden m\u00e4\u00e4ritt\u00e4\u00e4 itse\u00e4\u00e4n, vaan h\u00e4n n\u00e4ytt\u00e4\u00e4 esimerkki\u00e4 lapsille, nuorille ja kaikille muille, joilla on hiustenl\u00e4ht\u00f6, ja tekee lujasti t\u00f6it\u00e4 voittaakseen sen tuomat haasteet.<\/span><\/p>\n<h3><span style=\"color: #000000;\">Mik\u00e4 on hiustenl\u00e4ht\u00f6?<\/span><\/h3>\n<p><span style=\"color: #000000;\">Hiustenl\u00e4ht\u00f6 on sairaus, jolle on tunnusomaista, ett\u00e4 immuunij\u00e4rjestelm\u00e4 hy\u00f6kk\u00e4\u00e4 vahingossa karvatupiin, mik\u00e4 johtaa hiustenl\u00e4ht\u00f6\u00f6n, joka ei kasva takaisin. T\u00e4m\u00e4 tila voi esiinty\u00e4 eri muodoissa, mik\u00e4 johtaa joko hajanaiseen hiustenl\u00e4ht\u00f6\u00f6n tai t\u00e4ydelliseen kaljuuntumiseen. Lis\u00e4ksi hiustenl\u00e4ht\u00f6 on vaikuttanut useisiin merkitt\u00e4viin urheilijoihin, kuten Charlie Villanuevaan, Ryan Shazieriin ja Josh Dobbsiin.<\/span><\/p>\n<p><span style=\"color: #ff0000;\"><strong>Lue lis\u00e4\u00e4<\/strong><\/span><span style=\"color: #000000;\">: <span style=\"color: #333333;\"><a style=\"color: #333333;\" href=\"https:\/\/blog.rehairsystem.com\/fi\/miten-lopeta-alopecia-areata-leviamisesta\/\" target=\"_blank\" rel=\"noopener\"><em><strong>Opas hiustenl\u00e4ht\u00f6 Areatan levi\u00e4misen est\u00e4miseksi<\/strong><\/em><\/a><\/span><\/span><\/p>\n<h3><span style=\"color: #000000;\">Milloin Jordan Walshilla alkaa hiustenl\u00e4ht\u00f6?<\/span><\/h3>\n<p><span style=\"color: #000000;\">Jordan Walsh alkaa sairastaa hiustenl\u00e4ht\u00f6\u00e4 nuorena. Dan Treacy Sporting Newsista paljastaa, ett\u00e4 Walsh on jo keskustellut asiasta ja totesi, ett\u00e4 h\u00e4n on k\u00e4sitellyt hiustenl\u00e4ht\u00f6\u00e4 nuoruudestaan l\u00e4htien. Vaikka videot lukiourasta kuvaavat h\u00e4nt\u00e4, jolla on laikkuja hiuksia, Walshilla ei ole t\u00e4ll\u00e4 hetkell\u00e4 hiuksia.<\/span><\/p>\n<h3><span style=\"color: #000000;\">Miten Jordan Walsh suhtautuu hiustenl\u00e4ht\u00f6\u00f6n?<\/span><\/h3>\n<p><span style=\"color: #000000;\">Jordan Walsh suhtautuu positiivisesti hiustenl\u00e4ht\u00f6\u00f6n. H\u00e4n neuvoo sairastavia nuoria syleilem\u00e4\u00e4n todellista itse\u00e4\u00e4n ja rakastamaan itse\u00e4\u00e4n. <\/span><\/p>\n<p><span style=\"color: #000000;\">Lis\u00e4ksi h\u00e4n osoittaa tukensa hiustenl\u00e4ht\u00f6\u00e4 sairastaville henkil\u00f6ille osallistumalla tapahtumiin, jotka lis\u00e4\u00e4v\u00e4t tietoisuutta ja juhlivat heid\u00e4n tarinoitaan, kuten kirjan julkaisua pojasta, jolla on hiustenl\u00e4ht\u00f6. <\/span><\/p>\n<p><span style=\"color: #000000;\">Kun Walsh pyrkii saavuttamaan menestyst\u00e4 korkeakoulukoripallossa, h\u00e4n pyrkii my\u00f6s olemaan roolimalli muille kaljuuntumisesta k\u00e4rsiville tarjoamalla heille inspiraatiota ja motivaatiota.<\/span><\/p>\n<h2><span style=\"color: #000000;\">Kuinka hoitaa hiustenl\u00e4ht\u00f6\u00e4?<\/span><\/h2>\n<p><img decoding=\"async\" src=\"https:\/\/docerp.s3.amazonaws.com\/erp\/cms\/a3c50521-a054-4cb9-81c6-4b920302f5b1.webp\" alt=\"Kunnostusj\u00e4rjestelm\u00e4\" width=\"700\" \/><\/p>\n<p><span style=\"color: #000000;\">Alopecian hoitoon kuuluu erilaisia menetelmi\u00e4 yksil\u00f6n vakavuudesta ja mieltymyksist\u00e4 riippuen. Joitakin yleisi\u00e4 hoitovaihtoehtoja ovat l\u00e4\u00e4kitys, paikalliset voiteet, hiustensiirtoleikkaus ja hiuslis\u00e4kkeiden k\u00e4ytt\u00f6.<\/span><\/p>\n<p><span style=\"color: #000000;\">Jordan Walshille hyvin muotoillun hiuslis\u00e4kkeen k\u00e4ytt\u00e4minen on ollut ihanteellinen ratkaisu h\u00e4nen hiustenl\u00e4ht\u00f6ns\u00e4 hallintaan ja palauttaakseen normaalin tunteen ulkon\u00e4k\u00f6\u00f6n. Hiuslis\u00e4kkeiden k\u00e4ytt\u00f6 antaa luonnollisen ilmeen ja lis\u00e4\u00e4 itseluottamusta, jolloin yksil\u00f6t voivat palauttaa itsetuntonsa.<\/span><\/p>\n<p><span style=\"color: #000000;\">Jos etsit luotettavia ja laadukkaita hiuslis\u00e4kkeit\u00e4 hiustenl\u00e4ht\u00f6\u00f6n, harkitse vierailua <a style=\"color: #000000;\" href=\"https:\/\/rehairsystem.com\/\" target=\"_blank\" rel=\"noopener\"><strong><span style=\"background-color: #ffff00;\">Kunnostusj\u00e4rjestelm\u00e4<\/span><\/strong><\/a> hiuslis\u00e4kauppa.<\/span><\/p>\n<p><span style=\"color: #000000;\">Toupee-myym\u00e4l\u00e4mme edut:<\/span><\/p>\n<ol>\n<li><span style=\"color: #000000;\">Tarjoamme laajan valikoiman hiuslis\u00e4kkeit\u00e4, jotka takaavat mukavan istuvuuden ja luonnollisen ilmeen.<\/span><\/li>\n<li><span style=\"color: #000000;\">Autamme sinua l\u00f6yt\u00e4m\u00e4\u00e4n t\u00e4ydellisen hiuslis\u00e4kkeen, joka vastaa mieltymyksi\u00e4si ja tarpeitasi.<\/span><\/li>\n<li><span style=\"color: #000000;\">Sitoudumme tarjoamaan poikkeuksellista asiakaspalvelua ja huippuluokan tuotteita.<\/span><\/li>\n<li><span style=\"color: #000000;\">Hiuslis\u00e4kkeemme on valmistettu laadukkaista materiaaleista, mik\u00e4 takaa mukavuuden, kest\u00e4vyyden ja realistisen ulkon\u00e4\u00f6n.<\/span><\/li>\n<li><span style=\"color: #000000;\">Hiuslis\u00e4kauppamme on luotettava yritys, jonka tukena ovat tyytyv\u00e4isten asiakkaiden positiiviset arvostelut ja suosittelut.<\/span><\/li>\n<\/ol>\n<h2><span style=\"color: #000000;\">Johtop\u00e4\u00e4t\u00f6s<\/span><\/h2>\n<p><span style=\"color: #000000;\">Alopecia has impacted Jordan Walsh&#8217;s life, causing him to experience hair loss and develop a bald appearance. However, rather than letting this condition define him negatively, Jordan has embraced his bald look and utilized it as a platform to raise awareness about alopecia. Through the usage of hairpieces, individuals can find a solution that helps them manage their alopecia and boost their self-confidence.<\/span><\/p>","protected":false},"excerpt":{"rendered":"<p>One basketball forwarder\u00a0who has embraced his baldness and become an inspiration to others is Jordan Walsh. Though his hairless appearance may seem unusual to some, &#8230; <a title=\"Jordan Walsh Hair: Miksi h\u00e4n on kalju? Onko sinulla hiustenl\u00e4ht\u00f6?\" class=\"read-more\" href=\"https:\/\/blog.rehairsystem.com\/fi\/jordan-walsh-hair-miksi-han-on-kalju-having-alopecia\/\" aria-label=\"Lis\u00e4\u00e4 Jordan Walsh Hair: Why Is He Bald? Having Alopecia?\">Lue lis\u00e4\u00e4<\/a><\/p>","protected":false},"author":2,"featured_media":6303,"comment_status":"closed","ping_status":"closed","sticky":false,"template":"","format":"standard","meta":[],"categories":[107],"tags":[192],"_links":{"self":[{"href":"https:\/\/blog.rehairsystem.com\/fi\/wp-json\/wp\/v2\/posts\/6294"}],"collection":[{"href":"https:\/\/blog.rehairsystem.com\/fi\/wp-json\/wp\/v2\/posts"}],"about":[{"href":"https:\/\/blog.rehairsystem.com\/fi\/wp-json\/wp\/v2\/types\/post"}],"author":[{"embeddable":true,"href":"https:\/\/blog.rehairsystem.com\/fi\/wp-json\/wp\/v2\/users\/2"}],"replies":[{"embeddable":true,"href":"https:\/\/blog.rehairsystem.com\/fi\/wp-json\/wp\/v2\/comments?post=6294"}],"version-history":[{"count":10,"href":"https:\/\/blog.rehairsystem.com\/fi\/wp-json\/wp\/v2\/posts\/6294\/revisions"}],"predecessor-version":[{"id":7385,"href":"https:\/\/blog.rehairsystem.com\/fi\/wp-json\/wp\/v2\/posts\/6294\/revisions\/7385"}],"wp:featuredmedia":[{"embeddable":true,"href":"https:\/\/blog.rehairsystem.com\/fi\/wp-json\/wp\/v2\/media\/6303"}],"wp:attachment":[{"href":"https:\/\/blog.rehairsystem.com\/fi\/wp-json\/wp\/v2\/media?parent=6294"}],"wp:term":[{"taxonomy":"category","embeddable":true,"href":"https:\/\/blog.rehairsystem.com\/fi\/wp-json\/wp\/v2\/categories?post=6294"},{"taxonomy":"post_tag","embeddable":true,"href":"https:\/\/blog.rehairsystem.com\/fi\/wp-json\/wp\/v2\/tags?post=6294"}],"curies":[{"name":"wp","href":"https:\/\/api.w.org\/{rel}","templated":true}]}}