{"id":7324,"date":"2023-07-28T04:13:02","date_gmt":"2023-07-28T04:13:02","guid":{"rendered":"https:\/\/blog.rehairsystem.com\/?p=7324"},"modified":"2023-08-09T02:07:54","modified_gmt":"2023-08-09T02:07:54","slug":"how-to-stop-alopecia-areata-from-spreading","status":"publish","type":"post","link":"https:\/\/blog.rehairsystem.com\/fr\/how-to-stop-alopecia-areata-from-spreading\/","title":{"rendered":"Comment emp\u00eacher la pelade de se propager\u00a0?"},"content":{"rendered":"<p><span style=\"color: #000000;\">L&#039;alop\u00e9cie areata, une maladie auto-immune courante qui provoque la perte de cheveux, peut \u00eatre une condition p\u00e9nible pour les personnes touch\u00e9es. Si vous ou quelqu&#039;un que vous connaissez souffrez d&#039;alop\u00e9cie areata, il est important de comprendre comment pr\u00e9venir sa propagation et g\u00e9rer efficacement la maladie. Ici, nous allons vous dire <span style=\"color: #ff0000;\"><a style=\"color: #ff0000;\" href=\"https:\/\/blog.rehairsystem.com\/fr\/how-to-stop-alopecia-areata-from-spreading\/\" target=\"_blank\" rel=\"noopener\"><strong>comment arr\u00eater la propagation de la pelade<\/strong><\/a><\/span> et empirer.<\/span><\/p>\n<h2><span style=\"color: #000000;\">Comprendre la pelade<\/span><\/h2>\n<h3><span style=\"color: #000000;\">Qu&#039;est-ce que la pelade ?<\/span><\/h3>\n<p><span style=\"color: #000000;\"><img decoding=\"async\" src=\"https:\/\/docerp.s3.amazonaws.com\/erp\/cms\/6455f29c-8620-45e9-98f5-c65307aea8b0.webp\" alt=\"How To Stop Alopecia Areata From Spreading\" width=\"700\" \/><\/span><\/p>\n<p><span style=\"color: #000000;\">La pelade est une maladie auto-immune connue pour provoquer une perte de cheveux impr\u00e9visible. Sa dur\u00e9e et sa gravit\u00e9 peuvent varier consid\u00e9rablement d&#039;une personne \u00e0 l&#039;autre. Elle peut se manifester par de petites plaques arrondies de perte de cheveux sur le cuir chevelu ou d&#039;autres parties du corps, mais dans les cas plus graves, elle peut entra\u00eener une calvitie compl\u00e8te. Cette condition survient lorsque le syst\u00e8me immunitaire attaque par erreur les follicules pileux, interrompant le cycle normal de croissance des cheveux et provoquant la chute des cheveux.<\/span><\/p>\n<h3><span style=\"color: #000000;\">Comment diagnostiquer la pelade ?<\/span><\/h3>\n<p><span style=\"color: #000000;\">Le diagnostic de l&#039;alop\u00e9cie areata implique g\u00e9n\u00e9ralement une combinaison d&#039;\u00e9valuation des ant\u00e9c\u00e9dents m\u00e9dicaux, d&#039;examen physique et parfois de tests suppl\u00e9mentaires. Voici les \u00e9tapes courantes impliqu\u00e9es dans le diagnostic de cette condition\u00a0:<\/span><\/p>\n<ul>\n<li><span style=\"color: #000000;\"><span style=\"text-decoration: underline;\"><em>Ant\u00e9c\u00e9dents m\u00e9dicaux<\/em><\/span>: Votre fournisseur de soins de sant\u00e9 commencera par vous poser des questions sur vos sympt\u00f4mes, y compris quand la perte de cheveux a commenc\u00e9, le sch\u00e9ma de la perte de cheveux et tout autre sympt\u00f4me ou facteur associ\u00e9 qui pourrait \u00eatre pertinent.<\/span><\/li>\n<li><span style=\"color: #000000;\"><em><span style=\"text-decoration: underline;\">Examen physique<\/span><\/em>: Un examen approfondi des zones touch\u00e9es par la perte de cheveux sera effectu\u00e9 par votre fournisseur de soins de sant\u00e9.<\/span><\/li>\n<li><span style=\"color: #000000;\"><em><span style=\"text-decoration: underline;\">Essai de traction<\/span><\/em>: The healthcare provider may perform a &#8220;pull test&#8221; to check the ease with which hair can be plucked from the scalp.<\/span><\/li>\n<li><span style=\"color: #000000;\"><em><span style=\"text-decoration: underline;\">Biopsie cutan\u00e9e<\/span><\/em>: Dans certains cas, une biopsie cutan\u00e9e peut \u00eatre recommand\u00e9e pour confirmer le diagnostic ou \u00e9carter d&#039;autres causes possibles de chute de cheveux.<\/span><\/li>\n<li><span style=\"color: #000000;\"><em><span style=\"text-decoration: underline;\">Des analyses de sang<\/span><\/em>: Bien qu&#039;il n&#039;y ait pas de test sanguin sp\u00e9cifique pour diagnostiquer l&#039;alop\u00e9cie areata, votre fournisseur de soins de sant\u00e9 peut vous prescrire des tests sanguins pour v\u00e9rifier les conditions auto-immunes sous-jacentes ou d&#039;autres troubles connexes qui pourraient contribuer \u00e0 la perte de cheveux.<\/span><\/li>\n<\/ul>\n<h3><span style=\"color: #000000;\">Qui sera affect\u00e9 par la pelade ?<\/span><\/h3>\n<p><span style=\"color: #000000;\">Alopecia areata does not discriminate &#8211; it can affect anyone regardless of age, gender, or ethnicity. However, most cases first occur in people younger than 30 years old. This condition can appear completely out of the blue in otherwise healthy individuals or in people who have family members experiencing the same. Genetics seem to play a role; individuals with a family history of autoimmune disorders are more likely to develop this condition.<\/span><\/p>\n<h2><span style=\"color: #000000;\">Diff\u00e9rents types d&#039;alop\u00e9cie areata<\/span><\/h2>\n<p><span style=\"color: #000000;\">La pelade se pr\u00e9sente traditionnellement sous ces formes, chacune avec plus ou moins de perte de cheveux :<\/span><\/p>\n<ul>\n<li><span style=\"color: #000000;\"><em><strong>Pelade<\/strong><\/em> (Alop\u00e9cie in\u00e9gale): Il s&#039;agit de la forme la plus courante d&#039;alop\u00e9cie areata, caract\u00e9ris\u00e9e par des plaques rondes ou ovales de perte de cheveux sur le cuir chevelu ou d&#039;autres zones du corps.<\/span><\/li>\n<li><span style=\"color: #000000;\"><em><strong>Alop\u00e9cie Totale<\/strong><\/em>: Dans ce type, il y a une perte compl\u00e8te de cheveux sur le cuir chevelu. Elle implique la perte de tous les follicules pileux du cuir chevelu, entra\u00eenant une apparence chauve.<\/span><\/li>\n<li><span style=\"color: #000000;\"><em><strong>Alop\u00e9cie universelle<\/strong><\/em>: L&#039;alop\u00e9cie universelle est la forme la plus s\u00e9v\u00e8re d&#039;alop\u00e9cie areata, entra\u00eenant la perte compl\u00e8te des cheveux sur le cuir chevelu, le visage (y compris les sourcils et les cils), le corps, voire l&#039;absence de poils.<\/span><\/li>\n<\/ul>\n<h2><span style=\"color: #000000;\">Les sympt\u00f4mes de la pelade<\/span><\/h2>\n<p><span style=\"color: #000000;\">Le principal sympt\u00f4me de la pelade est la chute soudaine des cheveux. Cela commence souvent par une ou plusieurs plaques chauves circulaires sur le cuir chevelu ou d&#039;autres parties du corps. La perte de cheveux peut survenir lors du peignage ou du lavage de vos cheveux, ou m\u00eame apr\u00e8s une l\u00e9g\u00e8re traction. <\/span><\/p>\n<p><span style=\"color: #000000;\">Un autre sympt\u00f4me, bien que moins courant, est des changements dans les ongles ou les ongles des pieds, tels que des fosses ou des bosses apparaissant \u00e0 la surface. Ces sympt\u00f4mes peuvent varier en gravit\u00e9 et en dur\u00e9e d&#039;une personne \u00e0 l&#039;autre, mais les reconna\u00eetre t\u00f4t est essentiel pour emp\u00eacher la propagation de la maladie.<\/span><\/p>\n<h2><span style=\"color: #000000;\">Les causes de la pelade<\/span><\/h2>\n<ul>\n<li><span style=\"color: #000000;\"><em><span style=\"text-decoration: underline;\">Facteurs auto-immuns<\/span><\/em>: La principale th\u00e9orie derri\u00e8re l&#039;alop\u00e9cie areata sugg\u00e8re qu&#039;une combinaison de facteurs g\u00e9n\u00e9tiques et environnementaux d\u00e9clenche une r\u00e9ponse auto-immune.<\/span><\/li>\n<li><span style=\"color: #000000;\"><em><span style=\"text-decoration: underline;\">Pr\u00e9disposition g\u00e9n\u00e9tique<\/span><\/em>: La pelade a tendance \u00e0 \u00eatre h\u00e9r\u00e9ditaire, sugg\u00e9rant une composante g\u00e9n\u00e9tique. Certains g\u00e8nes associ\u00e9s \u00e0 la r\u00e9gulation immunitaire et \u00e0 l&#039;inflammation peuvent augmenter le risque de d\u00e9velopper cette maladie.<\/span><\/li>\n<li><span style=\"color: #000000;\"><em><span style=\"text-decoration: underline;\">D\u00e9clencheurs environnementaux<\/span><\/em>: Divers facteurs ou \u00e9v\u00e9nements environnementaux peuvent potentiellement d\u00e9clencher ou exacerber des \u00e9pisodes d&#039;alop\u00e9cie areata chez des individus g\u00e9n\u00e9tiquement pr\u00e9dispos\u00e9s.<\/span><\/li>\n<\/ul>\n<p><span style=\"color: #ff0000;\"><strong>A lire aussi<\/strong><\/span><span style=\"color: #000000;\">: <span style=\"color: #333333;\"><em><strong><a style=\"color: #333333;\" href=\"https:\/\/blog.rehairsystem.com\/fr\/how-many-hair-follicles-on-a-human-head\/\" target=\"_blank\" rel=\"noopener\">How many hair follicles on human heads<\/a>?<\/strong><\/em><\/span><\/span><\/p>\n<h2><span style=\"color: #000000;\">Les traitements de la pelade<\/span><\/h2>\n<p><span style=\"color: #000000;\">Bien qu&#039;il n&#039;existe actuellement aucun rem\u00e8de permanent contre la pelade, plusieurs traitements peuvent stimuler la repousse des cheveux et g\u00e9rer les sympt\u00f4mes. Des agents topiques comme les corticost\u00e9ro\u00efdes, le minoxidil (Rogaine), l&#039;anthraline et la diphencyprone sont souvent utilis\u00e9s.<\/span><\/p>\n<p><span style=\"color: #000000;\">Steroid injections can be effective for smaller patches of hair loss, while oral treatments include corticosteroids and certain other autoimmune and inflammatory medications. Light therapy, or photochemotherapy, which involves exposure to ultraviolet light under medical supervision, is another potential treatment. As with any condition, it&#8217;s crucial to consult with a healthcare provider to find the most suitable treatment for your unique situation.<\/span><\/p>\n<h3><span style=\"color: #000000;\">Quelle est la meilleure fa\u00e7on de traiter l&#039;alop\u00e9cie ?<\/span><\/h3>\n<h4><span style=\"color: #000000;\"><strong>Porter un toupet<\/strong><\/span><\/h4>\n<p><span style=\"color: #000000;\">Wearing a toupee or a wig can be an immediate and highly effective way to cope with hair loss. It&#8217;s a non-invasive method that can quickly restore your previous look and boost your self-confidence. Modern toupees are incredibly realistic, and comfortable, and can be matched to existing hair or adjusted to fit a new style. Quality is crucial when selecting a toupee, and considering professional help for the right fit and style can add significantly to its natural appearance.<\/span><\/p>\n<p><span style=\"color: #000000;\"><img decoding=\"async\" src=\"https:\/\/docerp.s3.amazonaws.com\/erp\/cms\/c886d004-e64c-490c-9a2a-6fb6a9d1ed4c.webp\" alt=\"How To Stop Alopecia Areata From Spreading\" width=\"700\" \/><\/span><\/p>\n<p><span style=\"color: #000000;\">Toupees are more cost-effective and less risky, and can help you restore your hair to its original appearance before hair loss in a short period of time. So where can you buy high-quality toupees?<\/span><\/p>\n<p><span style=\"color: #000000;\">C&#039;est <span style=\"color: #ff0000;\"><span style=\"color: #000000;\"><strong>Rehairsystem<\/strong>,<\/span><\/span> <span style=\"color: #ff0000;\"><a style=\"color: #ff0000;\" href=\"https:\/\/rehairsystem.com\/\" target=\"_blank\" rel=\"noopener\"><strong>ce magasin de toupets<\/strong><\/a><\/span> peut fournir tout type de syst\u00e8mes capillaires que vous souhaitez. Nous proposons \u00e9galement un service sp\u00e9cial de toupet personnalis\u00e9 afin qu&#039;il ressemble \u00e0 vos cheveux naturels. Nous avons une \u00e9quipe professionnelle qui peut vous fournir la couleur, le style et la longueur de votre toupet. Si vous \u00eates int\u00e9ress\u00e9, vous pouvez visiter notre site officiel, Rehairsystem.com pour consultation.<\/span><\/p>\n<h3><span style=\"color: #000000;\">Quel est le moyen le plus rapide de gu\u00e9rir la pelade ?<\/span><\/h3>\n<p><span style=\"color: #000000;\">Treating alopecia areata most effectively typically involves a multipronged approach including medical treatments, lifestyle changes, and sometimes psychological support. However, if you&#8217;re looking for a single treatment that is often considered first-line and has shown good effectiveness, corticosteroid injections would be the option.<\/span><\/p>\n<h4><span style=\"color: #000000;\"><strong>Injections de corticost\u00e9ro\u00efdes<\/strong><\/span><\/h4>\n<p><span style=\"color: #000000;\">Les injections sont administr\u00e9es directement dans les zones chauves de la peau pour supprimer la r\u00e9action immunitaire locale qui se produit. Selon l&#039;\u00e9tendue de la perte de cheveux, plusieurs injections peuvent \u00eatre n\u00e9cessaires. La croissance des cheveux peut commencer environ quatre semaines apr\u00e8s la premi\u00e8re injection, mais cela peut prendre plus de temps dans certains cas. Ces traitements sont g\u00e9n\u00e9ralement r\u00e9p\u00e9t\u00e9s mensuellement.<\/span><\/p>\n<p><span style=\"color: #000000;\">It&#8217;s important to keep in mind that while corticosteroid injections are an effective treatment, they are not a permanent cure for alopecia areata. Some people may experience hair loss again after the treatments are stopped. Additionally, like all treatments, they come with the risk of side effects, including temporary thinning of the skin at the injection site.<\/span><\/p>\n<h2><span style=\"color: #000000;\">Comment savoir si mon pelade se propage ?<\/span><\/h2>\n<p><span style=\"color: #000000;\">If you have alopecia areata and you&#8217;re concerned about whether it is spreading, here are some signs to watch for:<\/span><\/p>\n<ul>\n<li><span style=\"color: #000000;\"><strong><em>Nouvelle perte de cheveux in\u00e9gale<\/em><\/strong>: Si vous remarquez de nouvelles plaques de perte de cheveux apparaissant dans diff\u00e9rentes zones, cela pourrait indiquer que la maladie se propage.<\/span><\/li>\n<li><span style=\"color: #000000;\"><strong><em>Augmenter la taille du patch<\/em><\/strong>: Si les plaques de perte de cheveux existantes s&#039;agrandissent avec le temps, cela peut sugg\u00e9rer que la pelade progresse ou se propage.<\/span><\/li>\n<li><span style=\"color: #000000;\"><strong><em>Perte de cheveux dans de nouvelles zones<\/em><\/strong>: La pelade peut affecter diff\u00e9rentes zones du corps, notamment le cuir chevelu, les sourcils, les cils, la barbe et les poils.<\/span><\/li>\n<li><span style=\"color: #000000;\"><strong><em>Interruption de la repousse<\/em><\/strong>: La pelade se caract\u00e9rise par des cycles de chute et de repousse des cheveux.<\/span><\/li>\n<li><span style=\"color: #000000;\"><strong><em>Consulter un professionnel de la sant\u00e9<\/em><\/strong>: Ils peuvent \u00e9valuer votre \u00e9tat, suivre sa progression et fournir des conseils et des options de traitement appropri\u00e9s.<\/span><\/li>\n<\/ul>\n<h2><span style=\"color: #000000;\">\u00c0 quelle vitesse l&#039;alop\u00e9cie se propage-t-elle\u00a0?<\/span><\/h2>\n<p><span style=\"color: #000000;\">La vitesse \u00e0 laquelle la pelade se propage peut varier consid\u00e9rablement d&#039;une personne \u00e0 l&#039;autre. Dans certains cas, la chute des cheveux peut progresser rapidement en quelques jours ou quelques semaines, alors que dans d&#039;autres, elle peut s&#039;\u00e9tendre plus progressivement sur plusieurs mois, voire plusieurs ann\u00e9es. Certaines personnes peuvent ne conna\u00eetre qu&#039;un seul \u00e9pisode de perte de cheveux qui ne se reproduit jamais, tandis que d&#039;autres peuvent avoir des \u00e9pisodes r\u00e9currents avec des p\u00e9riodes de repousse suivies de nouvelles zones de perte de cheveux.<\/span><\/p>\n<p><span style=\"color: #000000;\">Le sch\u00e9ma et l&#039;\u00e9tendue de la perte de cheveux peuvent \u00e9galement diff\u00e9rer d&#039;un individu \u00e0 l&#039;autre. Elle peut aller de petites plaques sur le cuir chevelu (alop\u00e9cie areata) \u00e0 la perte compl\u00e8te du cuir chevelu et des poils du corps (alop\u00e9cie totale ou alop\u00e9cie universelle). La nature impr\u00e9visible de la pelade rend difficile de pr\u00e9dire \u00e0 quelle vitesse elle se propagera chez un individu donn\u00e9.<\/span><\/p>\n<h2><span style=\"color: #000000;\">Puis-je emp\u00eacher la pelade de s&#039;aggraver\u00a0?<\/span><\/h2>\n<p><span style=\"color: #000000;\">While there is no guaranteed way to stop alopecia areata from getting worse, there are treatment options available that may help manage the condition and potentially slow down its progression. It&#8217;s important to consult with a dermatologist who specializes in hair disorders to discuss your specific situation and determine the most suitable treatment approach for you.<\/span><\/p>\n<h2><span style=\"color: #000000;\">Comment arr\u00eater la propagation de la pelade\u00a0?<\/span><\/h2>\n<h3><span style=\"color: #000000;\">Des traitements m\u00e9dicaux<\/span><\/h3>\n<p><span style=\"color: #000000;\">L&#039;option de traitement la plus courante pour l&#039;alop\u00e9cie areata est les corticost\u00e9ro\u00efdes, qui sont de puissants anti-inflammatoires qui peuvent supprimer le syst\u00e8me immunitaire. Ils peuvent \u00eatre administr\u00e9s de diff\u00e9rentes mani\u00e8res : application topique (cr\u00e8me ou pommade), orale (pilule), ou injections dans les zones de chute de cheveux. Une autre option de traitement est le minoxidil (Rogaine), un traitement topique qui peut aider \u00e0 stimuler la croissance des cheveux.<\/span><\/p>\n<h3><span style=\"color: #000000;\">\u00c9viter les d\u00e9clencheurs<\/span><\/h3>\n<p><span style=\"color: #000000;\">Le stress, la maladie et certains m\u00e9dicaments peuvent parfois d\u00e9clencher un \u00e9pisode d&#039;alop\u00e9cie areata. Bien qu&#039;il ne soit peut-\u00eatre pas possible de pr\u00e9venir chaque \u00e9pisode, apprendre \u00e0 g\u00e9rer le stress (par des activit\u00e9s comme le yoga, la m\u00e9ditation ou la th\u00e9rapie), rester en bonne sant\u00e9 et parler \u00e0 votre professionnel de la sant\u00e9 de vos m\u00e9dicaments peut aider \u00e0 r\u00e9duire le risque.<\/span><\/p>\n<h3><span style=\"color: #000000;\">Mode de vie sain<\/span><\/h3>\n<p><span style=\"color: #000000;\">Le maintien d&#039;une alimentation et d&#039;un mode de vie sains peut \u00eatre b\u00e9n\u00e9fique pour votre sant\u00e9 globale et pourrait ainsi aider votre corps \u00e0 g\u00e9rer le trouble. Cela comprend une activit\u00e9 physique r\u00e9guli\u00e8re, un sommeil suffisant et une alimentation bien \u00e9quilibr\u00e9e.<\/span><\/p>\n<h3><span style=\"color: #000000;\">Contr\u00f4les r\u00e9guliers<\/span><\/h3>\n<p><span style=\"color: #000000;\">Des contr\u00f4les r\u00e9guliers sont essentiels pour que votre dermatologue puisse suivre l&#039;\u00e9volution de la maladie et ajuster le traitement en cons\u00e9quence.<\/span><\/p>\n<h3><span style=\"color: #000000;\">Soutien psychologique<\/span><\/h3>\n<p><span style=\"color: #000000;\">Seek help if you&#8217;re feeling anxious or depressed about your hair loss. A counselor, psychologist, or support group can help you cope with the psychological effects of the disease.<\/span><\/p>\n\n\n<h2 class=\"wp-block-heading has-contrast-color has-text-color\">FAQ<\/h2>\n\n\n<div id=\"rank-math-faq\" class=\"rank-math-block\">\n<div class=\"rank-math-list\">\n<div id=\"faq-question-1690513937884\" class=\"rank-math-list-item\">\n<h3 class=\"rank-math-question\">La pelade est-elle permanente ?<\/h3>\n<div class=\"rank-math-answer\">\n\n<p>Pour certaines personnes, la perte de cheveux peut \u00eatre temporaire et les cheveux peuvent repousser d&#039;eux-m\u00eames sans aucun traitement. Cependant, pour d&#039;autres, la condition peut \u00eatre plus persistante.<\/p>\n\n<\/div>\n<\/div>\n<div id=\"faq-question-1690513949962\" class=\"rank-math-list-item\">\n<h3 class=\"rank-math-question\">Comment emp\u00eacher la propagation des boutons d&#039;alop\u00e9cie\u00a0?<\/h3>\n<div class=\"rank-math-answer\">\n\n<p>Les approches de traitement peuvent inclure les corticost\u00e9ro\u00efdes, l&#039;immunoth\u00e9rapie topique, le minoxidil, la cr\u00e8me de dithranol et les m\u00e9dicaments immunomodulateurs.<\/p>\n\n<\/div>\n<\/div>\n<div id=\"faq-question-1690513963049\" class=\"rank-math-list-item\">\n<h3 class=\"rank-math-question\">Comment emp\u00eacher l&#039;alop\u00e9cie de se propager naturellement ?<\/h3>\n<div class=\"rank-math-answer\">\n\n<p>Que vous pouvez faire une alimentation \u00e9quilibr\u00e9e, des huiles essentielles et un massage du cuir chevelu pour emp\u00eacher l&#039;alop\u00e9cie de se propager naturellement.<\/p>\n\n<\/div>\n<\/div>\n<div id=\"faq-question-1690513976377\" class=\"rank-math-list-item\">\n<h3 class=\"rank-math-question\">Comment emp\u00eacher la pelade de grossir\u00a0?<\/h3>\n<div class=\"rank-math-answer\">\n\n<p>Pour \u00e9viter que les plaques d&#039;alop\u00e9cie ne s&#039;\u00e9tendent, vous pouvez consulter un dermatologue. Suivez les recommandations de traitement, g\u00e9rez le stress, prot\u00e9gez le cuir chevelu et faites des suivis r\u00e9guliers.<\/p>\n\n<\/div>\n<\/div>\n<div id=\"faq-question-1690513990769\" class=\"rank-math-list-item\">\n<h3 class=\"rank-math-question\">Comment stopper rapidement l&#039;alop\u00e9cie ?<\/h3>\n<div class=\"rank-math-answer\">\n\n<p>Demander rapidement un avis m\u00e9dical et suivre un plan de traitement appropri\u00e9 peut potentiellement aider \u00e0 acc\u00e9l\u00e9rer le processus. Certaines options de traitement potentielles qui peuvent \u00eatre prescrites par un dermatologue r\u00e9duisent l&#039;inflammation et stimulent la repousse des cheveux.<\/p>\n\n<\/div>\n<\/div>\n<\/div>\n<\/div>\n\n\n<h2 class=\"wp-block-heading has-contrast-color has-text-color\">Conclusion<\/h2>\n\n\n\n<p class=\"has-contrast-color has-text-color\">Vivre avec la pelade peut \u00eatre difficile, mais avec la bonne approche, il est possible de g\u00e9rer la maladie et de pr\u00e9venir sa propagation. Il est important de se rappeler que l&#039;alop\u00e9cie areata affecte chaque individu diff\u00e9remment, et ce qui fonctionne pour une personne peut ne pas fonctionner pour une autre. Par cons\u00e9quent, il est essentiel de consulter un professionnel de la sant\u00e9 ou un dermatologue pour \u00e9laborer un plan de traitement personnalis\u00e9.<\/p>","protected":false},"excerpt":{"rendered":"<p>Alopecia areata, a common autoimmune disorder that causes hair loss, can be a distressing condition for those affected. If you or someone you know is &#8230; <a title=\"Comment emp\u00eacher la pelade de se propager\u00a0?\" class=\"read-more\" href=\"https:\/\/blog.rehairsystem.com\/fr\/how-to-stop-alopecia-areata-from-spreading\/\" aria-label=\"Plus sur How to Stop Alopecia Areata from Spreading?\">Lire plus<\/a><\/p>","protected":false},"author":2,"featured_media":7364,"comment_status":"closed","ping_status":"closed","sticky":false,"template":"","format":"standard","meta":[],"categories":[257],"tags":[259],"_links":{"self":[{"href":"https:\/\/blog.rehairsystem.com\/fr\/wp-json\/wp\/v2\/posts\/7324"}],"collection":[{"href":"https:\/\/blog.rehairsystem.com\/fr\/wp-json\/wp\/v2\/posts"}],"about":[{"href":"https:\/\/blog.rehairsystem.com\/fr\/wp-json\/wp\/v2\/types\/post"}],"author":[{"embeddable":true,"href":"https:\/\/blog.rehairsystem.com\/fr\/wp-json\/wp\/v2\/users\/2"}],"replies":[{"embeddable":true,"href":"https:\/\/blog.rehairsystem.com\/fr\/wp-json\/wp\/v2\/comments?post=7324"}],"version-history":[{"count":9,"href":"https:\/\/blog.rehairsystem.com\/fr\/wp-json\/wp\/v2\/posts\/7324\/revisions"}],"predecessor-version":[{"id":7921,"href":"https:\/\/blog.rehairsystem.com\/fr\/wp-json\/wp\/v2\/posts\/7324\/revisions\/7921"}],"wp:featuredmedia":[{"embeddable":true,"href":"https:\/\/blog.rehairsystem.com\/fr\/wp-json\/wp\/v2\/media\/7364"}],"wp:attachment":[{"href":"https:\/\/blog.rehairsystem.com\/fr\/wp-json\/wp\/v2\/media?parent=7324"}],"wp:term":[{"taxonomy":"category","embeddable":true,"href":"https:\/\/blog.rehairsystem.com\/fr\/wp-json\/wp\/v2\/categories?post=7324"},{"taxonomy":"post_tag","embeddable":true,"href":"https:\/\/blog.rehairsystem.com\/fr\/wp-json\/wp\/v2\/tags?post=7324"}],"curies":[{"name":"wp","href":"https:\/\/api.w.org\/{rel}","templated":true}]}}