{"id":5381,"date":"2023-06-13T09:22:09","date_gmt":"2023-06-13T09:22:09","guid":{"rendered":"https:\/\/blog.rehairsystem.com\/?p=5381"},"modified":"2023-07-15T06:21:25","modified_gmt":"2023-07-15T06:21:25","slug":"rose-namajunas-with-hair-no-and-the-reasons","status":"publish","type":"post","link":"https:\/\/blog.rehairsystem.com\/hu\/rozsa-namajunas-haja-nem-es-a-ok\/","title":{"rendered":"Rose Namajunas hajjal? Nem, itt vannak az okok!"},"content":{"rendered":"<p><span style=\"color: #000000;\">A Rose Namajunas n\u00e9v, amelyet most m\u00e1r nem kell bemutatni a vegyes harcm\u0171v\u00e9szetek vil\u00e1g\u00e1ban. Kirobban\u00f3 harci st\u00edlus\u00e1r\u00f3l \u00e9s a nyolcsz\u00f6gben val\u00f3 f\u00e9lelmetlens\u00e9g\u00e9r\u0151l ismert. De van m\u00e9g valami, ami megk\u00fcl\u00f6nb\u00f6zteti \u0151t a t\u00f6bbi harcost\u00f3l \u2013 a haja vagy annak hi\u00e1nya. Ma a haj\u00fa Rose Namajunasr\u00f3l, arr\u00f3l, hogyan n\u00e9zett ki, miel\u0151tt megkopaszodott, valamint a fejborotv\u00e1lkoz\u00e1s ut\u00e1ni karrier siker\u00e9r\u0151l lesz sz\u00f3.<\/span><\/p>\n<h2><span style=\"color: #000000;\">Ismered Rose Namajunas?<\/span><\/h2>\n<p><span style=\"color: #000000;\">Miel\u0151tt belemer\u00fcln\u00e9nk <span style=\"color: #ff0000;\"><a style=\"color: #ff0000;\" href=\"https:\/\/blog.rehairsystem.com\/hu\/which-is-better-long-hair-rose-namajunas-or-bald\/\" target=\"_blank\" rel=\"noopener\"><strong>Rose Namajunas hajjal<\/strong><\/a><\/span>, let&#8217;s understand who she is. Born on June 29, 1992, in Milwaukee, Rose Namajunas began her martial arts journey as a child. Her parents trained her, and she even won her debut amateur bout at the age of 18. In 2021, she is now a two-time strawweight champion with an impressive professional record of nine wins and four losses.<\/span><\/p>\n<h2><span style=\"color: #000000;\">R\u00f3zsa Namajunas Hajjal<\/span><\/h2>\n<p><span style=\"color: #000000;\"><img decoding=\"async\" src=\"https:\/\/docerp.s3.amazonaws.com\/erp\/cms\/02637220-21b3-4969-8982-b5170bec5434.webp\" alt=\"R\u00f3zsa Namajunas Hajjal \" width=\"700\" \/><\/span><\/p>\n<p><span style=\"color: #000000;\">Rose Namajunas hajdan viselte kin\u00e9zet\u00e9t, \u00edgy ismert\u00e9k fel harci karrierje kezdet\u00e9n. K\u00e9s\u0151bb azonban a k\u00fcls\u0151 megjelen\u00e9se mellett d\u00f6nt\u00f6tt, \u00e9s \u00fagy d\u00f6nt\u00f6tt, leveszi a haj\u00e1t, ami sokak sz\u00e1m\u00e1ra sokkot okozott.<\/span><\/p>\n<p><span style=\"color: #000000;\">2015-ben a k\u00f6z\u00f6ss\u00e9gi m\u00e9di\u00e1ban felfedte \u00faj megjelen\u00e9s\u00e9t, amelyet el\u0151zetesen alaposan \u00e1tgondolt. Kezdetben f\u00e9lig kopasz megjelen\u00e9st v\u00e1lasztott, de ez nem igaz\u00e1n illett a harci karrierj\u00e9hez.<\/span><\/p>\n<p><span style=\"color: #000000;\">Rose Namajunas ma hat\u00e1rozottan k\u00fcl\u00f6nb\u00f6zik kor\u00e1bbi \u00f6nmag\u00e1t\u00f3l, mivel minden haj\u00e1t lev\u00e1gta.<\/span><\/p>\n<h3><span style=\"color: #000000;\">Mikor volt Rose Namajunas hossz\u00fa haja?<\/span><\/h3>\n<p><span style=\"color: #000000;\">Rose Namajunas \u00e9lete nagy r\u00e9sz\u00e9ben hossz\u00fa haja volt. Azonban n\u00e9h\u00e1ny nappal a Paige Van Zanttal v\u00edvott \u00f6sszecsap\u00e1sa el\u0151tt 2015 december\u00e9ben hirtelen \u00fagy d\u00f6nt\u00f6tt, hogy leborotv\u00e1lja.<\/span><\/p>\n<h3><span style=\"color: #000000;\">Hogy n\u00e9zett ki Rose Namajunas, miel\u0151tt megkopaszodott?<\/span><\/h3>\n<p><span style=\"color: #000000;\"><img decoding=\"async\" src=\"https:\/\/docerp.s3.amazonaws.com\/erp\/cms\/238ea6b0-14c0-4f19-80db-a126180ae593.webp\" alt=\"R\u00f3zsa Namajunas Hajjal\" width=\"700\" \/><\/span><\/p>\n<p><span style=\"color: #000000;\">Mint eml\u00edtett\u00fck, Rose Namajunas hossz\u00fa, sz\u0151ke haja volt, amit \u00e1ltal\u00e1ban l\u00f3farokban vagy copfban tartott. Haja egyenes \u00e9s selymes volt, \u00e9s kit\u0171nt a harci felszerel\u00e9s\u00e9b\u0151l. \u00dagy n\u00e9zett ki, mint b\u00e1rmely m\u00e1s sportos, hossz\u00fa sz\u0151ke haj\u00fa n\u0151.<\/span><\/p>\n<h2><span style=\"color: #000000;\">Mi\u00e9rt v\u00e1gta le a haj\u00e1t Rose Namajunas?<\/span><\/h2>\n<p><span style=\"color: #000000;\">Rose Namajunas \u00fagy d\u00f6nt\u00f6tt, hogy lecser\u00e9li hossz\u00fa haj\u00e1t egy ny\u00edrt v\u00e1g\u00e1sra, mivel ez akad\u00e1lyozta az edz\u00e9s\u00e9t.<\/span><\/p>\n<p><span style=\"color: #000000;\">2015. december 10-\u00e9n, a Las Vegas-i UFC Fight Night 80-on, Paige VanZant elleni f\u0151m\u00e9rk\u0151z\u00e9se el\u0151tt Namajunas leborotv\u00e1lta a haj\u00e1t. Bevallotta, hogy d\u00f6nt\u00e9s\u00e9t a sportos h\u00e1ttere, a fi\u00fas feln\u00f6v\u00e9si m\u00f3dja \u00e9s az, hogy nem tudta, hogyan form\u00e1zza meg a haj\u00e1t, befoly\u00e1solta.<\/span><\/p>\n<p><span style=\"color: #000000;\">A m\u00e9di\u00e1nak nyilatkozva Namajunas kifejezte drasztikus hajv\u00e1ltoz\u00e1s\u00e1nak \u00e9rzelmi jelent\u0151s\u00e9g\u00e9t, kifejtve, hogy ez a m\u00faltja elvet\u00e9s\u00e9t \u00e9s az identit\u00e1s\u00e1val oly szorosan \u00f6sszefon\u00f3d\u00f3 dolgok elenged\u00e9s\u00e9nek ment\u00e1lis \u00e9s fizikai kih\u00edv\u00e1saival val\u00f3 megk\u00fczd\u00e9s\u00e9t jelk\u00e9pezi.<\/span><\/p>\n<h2><span style=\"color: #000000;\">A karrier sikere a haja borotv\u00e1lkoz\u00e1sa ut\u00e1n<\/span><\/h2>\n<p><span style=\"color: #000000;\">MMA karrierj\u00e9vel Namajunas fenomen\u00e1lis fejl\u0151d\u00e9st \u00e9rt el. A fejborotv\u00e1lkoz\u00e1s el\u0151tt 3-2-es profi rekordot tartott, mik\u00f6zben hossz\u00fa hajat viselt.<\/span><\/p>\n<p><span style=\"color: #000000;\">Megd\u00f6bben\u00e9s\u00fcnkre, miut\u00e1n bev\u00e1llalta a fej\u00e9t \u00e9s leborotv\u00e1lta a fej\u00e9t, tov\u00e1bbi 8 gy\u0151zelmet aratott, nevezetesen az MMA t\u00f6rt\u00e9net\u00e9nek egyik legnagyobb veres\u00e9g\u00e9ben diadalmaskodott. B\u00e1r ez nem kiz\u00e1r\u00f3lag a frizur\u00e1j\u00e1nak tulajdon\u00edthat\u00f3, nyilv\u00e1nval\u00f3, hogy \u00faj megjelen\u00e9se pozit\u00edv hat\u00e1ssal volt \u00e1ltal\u00e1nos teljes\u00edtm\u00e9ny\u00e9re.<\/span><\/p>\n<h2><span style=\"color: #000000;\">Rose Namajunas m\u00e9g mindig kopasz?<\/span><\/h2>\n<p><span style=\"color: #000000;\">Even though it&#8217;s been years since Rose shaved her head, she still keeps it bald. It has now become her trademark look, and she rocks it with confidence in every fight.<\/span><\/p>\n<h2><span style=\"color: #000000;\">Rose Namajunas hordhat par\u00f3k\u00e1t, amikor nem harcol<\/span><\/h2>\n<p><span style=\"color: #000000;\">While cutting off her hair might have been a fashion statement, it may have long-term repercussions on the fighter&#8217;s hair health. Her hair might be thinning out, breaking off, and may not be growing as fast. Wearing a wig during her off-fighting days might be a potential solution to cover up any bald spots or other hair loss symptoms she may have, while also allowing her hair to heal.<\/span><\/p>\n<p><span style=\"color: #000000;\">A par\u00f3ka visel\u00e9se nemcsak a hajhull\u00e1s\u00e1t v\u00e9di, hanem lehet\u0151v\u00e9 teszi sz\u00e1m\u00e1ra, hogy k\u00fcl\u00f6nb\u00f6z\u0151 frizur\u00e1kokkal k\u00eds\u00e9rletezzen an\u00e9lk\u00fcl, hogy ez k\u00e1ros\u00edtan\u00e1 term\u00e9szetes haj\u00e1t. Kiv\u00e1l\u00f3 min\u0151s\u00e9g\u0171 par\u00f3k\u00e1k sz\u00e9les k\u00edn\u00e1lat\u00e1b\u00f3l v\u00e1logathat, k\u00fcl\u00f6nb\u00f6z\u0151 st\u00edlusokban, hossz\u00fas\u00e1gban \u00e9s sz\u00ednben, hogy megfeleljen az ig\u00e9nyeinek.<\/span><\/p>\n<p><span style=\"color: #000000;\">Hossz\u00fa t\u00e1von azt javasoljuk, hogy Rose Namajunas viseljen par\u00f3k\u00e1t a harcon k\u00edv\u00fcli napjaiban, hogy lek\u00fczdje hajhull\u00e1sait. Ez lehet\u0151s\u00e9get ad neki, hogy pihenjen \u00e9s megfiatal\u00edtsa term\u00e9szetes haj\u00e1t, mik\u00f6zben tov\u00e1bbra is divatos \u00e9s st\u00edlusos megjelen\u00e9s\u0171 lesz.<\/span><\/p>\n<h2><span style=\"color: #000000;\">Melyik hajfest\u00e9k a legjobb v\u00e1laszt\u00e1s Rose Namajunas sz\u00e1m\u00e1ra?<\/span><\/h2>\n<p><span style=\"color: #000000;\">If Rose decides to wear a hair topper, she can select from a variety of options available in the market. However, she may want to look for tops that are lightweight and comfortable and won&#8217;t shift or shift during a fight. She can also personalize the topper by picking a hair color and texture that matches her natural hair.<\/span><\/p>\n<p><span style=\"color: #000000;\">Par\u00f3kaboltunkban, <span style=\"background-color: #ffff00;\"><strong>Rehairsystem<\/strong><\/span>, megtal\u00e1lja a neki \u00e9s a t\u00f6bbi l\u00e1nynak megfelel\u0151 frizur\u00e1t. K\u00f6nnyen haszn\u00e1lhat\u00f3, k\u00e9nyelmes \u00e9s term\u00e9szetes megjelen\u00e9s\u0171 frizur\u00e1k \u00e9s hajrendszerek sz\u00e9les v\u00e1laszt\u00e9k\u00e1t k\u00edn\u00e1ljuk. \u00dczlet\u00fcnk st\u00edlusok, sz\u00ednek \u00e9s m\u00e9retek sz\u00e9les v\u00e1laszt\u00e9k\u00e1t k\u00edn\u00e1lja a k\u00fcl\u00f6nb\u00f6z\u0151 preferenci\u00e1knak megfelel\u0151en. \u00c9s \u00fczlet\u00fcnk egyedi tupe-okat is elfogad.<\/span><\/p>\n<p><span style=\"color: #000000;\">N\u00e9h\u00e1ny legkeresettebb hajfest\u00e9k \u00fczlet\u00fcnkben itt tal\u00e1lhat\u00f3:<\/span><\/p>\n<h3 class=\"product_name title\"><span style=\"color: #ff0000;\"><a style=\"color: #ff0000;\" href=\"https:\/\/rehairsystem.com\/collections\/womens-hairpieces\/products\/womens-clip-on-fine-mono-hair-topper-virgin-hair-16\" target=\"_blank\" rel=\"noopener\">Women&#8217;s Clip-on Fine Mono Hair Topper<\/a><\/span><\/h3>\n<p><span style=\"color: #000000;\"><img decoding=\"async\" src=\"https:\/\/docerp.s3.amazonaws.com\/erp\/cms\/fc63cd6b-519e-417a-bd97-b6032f118e65.webp\" alt=\"Rose Namajunas hajfed\u0151\" width=\"700\" \/><\/span><\/p>\n<p><span style=\"color: #000000;\">This Women&#8217;s Clip-on Fine Mono Hair Topper is a great choice for those looking for a natural-looking hairpiece that is easy to use and maintain. Its main features include a fine mono base with wefted in sides and back, 14-inch hair length, 120% hair density, natural straight hair wave, free style hair direction, and 100% human Remy hair.<\/span><\/p>\n<ul>\n<li><span style=\"color: #000000;\">Alapt\u00edpus: Finom mono + oldalt \u00e9s h\u00e1tul vet\u00fcl\u00e9k<\/span><\/li>\n<li><span style=\"color: #000000;\">Base Size: 6&#8221; X 7&#8221;<\/span><\/li>\n<li><span style=\"color: #000000;\">Hajhossz: 14 h\u00fcvelyk<\/span><\/li>\n<li><span style=\"color: #000000;\">Hajs\u0171r\u0171s\u00e9g: 120%<\/span><\/li>\n<li><span style=\"color: #000000;\">Hajhull\u00e1m: term\u00e9szetes egyenes<\/span><\/li>\n<li><span style=\"color: #000000;\">Hajir\u00e1ny: Szabad st\u00edlus<\/span><\/li>\n<li><span style=\"color: #000000;\">Hajt\u00edpus: 100% Human Remy Hair<\/span><\/li>\n<\/ul>\n<h3 class=\"product_name title\"><span style=\"color: #ff0000;\"><a style=\"color: #ff0000;\" href=\"https:\/\/rehairsystem.com\/collections\/womens-hairpieces\/products\/french-lace-with-polyskin-perimeter-base-women-hair-system\" target=\"_blank\" rel=\"noopener\">Francia csipke poliskin ker\u00fcleti alappal, n\u0151i fels\u0151vel<\/a><\/span><\/h3>\n<p><span style=\"color: #000000;\"><img decoding=\"async\" src=\"https:\/\/docerp.s3.amazonaws.com\/erp\/cms\/e16a4bf7-4516-4d7b-a06b-534e6966c8b0.webp\" alt=\"Rose Namajunas par\u00f3ka\" width=\"700\" \/><\/span><\/p>\n<p><span style=\"color: #000000;\">Ez a pr\u00e9mium min\u0151s\u00e9g\u0171 hajd\u00edsz t\u00f6k\u00e9letes megold\u00e1s azok sz\u00e1m\u00e1ra, akik k\u00e9nyelmes \u00e9s k\u00f6nnyen haszn\u00e1lhat\u00f3 sminket keresnek. Az alap francia csipk\u00e9b\u0151l k\u00e9sz\u00fclt, amely l\u00e9g\u00e1tereszt\u0151 \u00e9s puha \u00e9rzetet biztos\u00edt. A ker\u00fclete polyskin-szel van meger\u0151s\u00edtve, amely meger\u0151s\u00edti a hajd\u00edsz form\u00e1j\u00e1t, \u00e9s megk\u00f6nny\u00edti a szalaggal vagy ragaszt\u00f3val t\u00f6rt\u00e9n\u0151 fel- \u00e9s elt\u00e1vol\u00edt\u00e1s\u00e1t. 100% emberi hajb\u00f3l k\u00e9sz\u00fclt, \u00edgy t\u00f6k\u00e9letes m\u00f3dja annak, hogy hossz\u00fas\u00e1got, volument \u00e9s magabiztoss\u00e1got adjon megjelen\u00e9s\u00e9hez.\u00a0<\/span><\/p>\n<ul>\n<li><span style=\"color: #000000;\">Alapt\u00edpus: francia csipke, polib\u0151r ker\u00fclettel<\/span><\/li>\n<li><span style=\"color: #000000;\">Base Size:\u00a07&#8221; X 9&#8221;<\/span><\/li>\n<li><span style=\"color: #000000;\">Hair Length:\u00a014&#8243;,16&#8221;, 18&#8221;<\/span><\/li>\n<li><span style=\"color: #000000;\">Hajs\u0171r\u0171s\u00e9g: 130%<\/span><\/li>\n<li><span style=\"color: #000000;\">Hajsz\u00edn: #1B, #2, #4<\/span><\/li>\n<li><span style=\"color: #000000;\">Hajhull\u00e1m: Term\u00e9szetes egyenes<\/span><\/li>\n<li><span style=\"color: #000000;\">Hajir\u00e1ny: Freestyle<\/span><\/li>\n<li><span style=\"color: #000000;\">Hajt\u00edpus: 100% emberi haj<\/span><\/li>\n<\/ul>\n\n\n<h2 class=\"wp-block-heading has-contrast-color has-text-color\">GYIK<\/h2>\n\n\n<div id=\"rank-math-faq\" class=\"rank-math-block\">\n<div class=\"rank-math-list\">\n<div id=\"faq-question-1686647958401\" class=\"rank-math-list-item\">\n<h3 class=\"rank-math-question\">Mi\u00e9rt d\u00f6rzs\u00f6lte a haj\u00e1t Rose Namajunas?<\/h3>\n<div class=\"rank-math-answer\">\n\n<p>Az interj\u00fak szerint Rose Namajunas lev\u00e1gta a haj\u00e1t, hogy \u201eelengedje\u201d. Elmagyar\u00e1zta, hogy rengeteg \u00e9rzelmi poggy\u00e1szt hordott mag\u00e1val, \u00e9s a haja lev\u00e1g\u00e1sa katartikus felszabadul\u00e1st jelentett sz\u00e1m\u00e1ra.<\/p>\n\n<\/div>\n<\/div>\n<div id=\"faq-question-1686647966121\" class=\"rank-math-list-item\">\n<h3 class=\"rank-math-question\">Mi\u00e9rt van r\u00f6vid hajuk a harcosoknak?<\/h3>\n<div class=\"rank-math-answer\">\n\n<p>A harcosoknak r\u00f6vid haj\u00faaknak kell lenni\u00fck, mert a hossz\u00fa haj h\u00e1tr\u00e1nyt jelenthet a k\u00fczdelemben. A hossz\u00fa haj akad\u00e1lyozhatja a k\u00fczdelmet, a leh\u00faz\u00e1st \u00e9s a fel\u00fct\u00e9st. Ezenk\u00edv\u00fcl a hossz\u00fa hajat az ellenf\u00e9l foganty\u00fak\u00e9nt haszn\u00e1lhatja, ami h\u00e1tr\u00e1nyos helyzetbe hozhatja a harcost.<\/p>\n\n<\/div>\n<\/div>\n<div id=\"faq-question-1686647974757\" class=\"rank-math-list-item\">\n<h3 class=\"rank-math-question\">Where is Rose Namajunas&#8217;s ethnicity?<\/h3>\n<div class=\"rank-math-answer\">\n\n<p>Rose Namajunas litv\u00e1n \u00e9s Puerto Ric\u00f3-i sz\u00e1rmaz\u00e1s\u00fa.<\/p>\n\n<\/div>\n<\/div>\n<div id=\"faq-question-1686647983846\" class=\"rank-math-list-item\">\n<h3 class=\"rank-math-question\">What is the UFC Women&#8217;s Strawweight weight?<\/h3>\n<div class=\"rank-math-answer\">\n\n<p>The UFC Women&#8217;s Strawweight weight category is 115 pounds.<\/p>\n\n<\/div>\n<\/div>\n<div id=\"faq-question-1686647995006\" class=\"rank-math-list-item\">\n<h3 class=\"rank-math-question\">Milyen nemzetis\u00e9g\u0171 Rose Namajunas?<\/h3>\n<div class=\"rank-math-answer\">\n\n<p>Rose Namajunas litv\u00e1n \u00e9s Puerto Ric\u00f3-i sz\u00e1rmaz\u00e1s\u00fa amerikai.<\/p>\n\n<\/div>\n<\/div>\n<div id=\"faq-question-1686648004119\" class=\"rank-math-list-item\">\n<h3 class=\"rank-math-question\">Who is Rose Namajunas&#8217;s boyfriend?<\/h3>\n<div class=\"rank-math-answer\">\n\n<p>Rose Namajunas&#8217;s boyfriend is Pat Barry, who is a retired American kickboxer and professional mixed martial artist.<\/p>\n\n<\/div>\n<\/div>\n<\/div>\n<\/div>\n\n\n<h2 class=\"wp-block-heading has-contrast-color has-text-color\">K\u00f6vetkeztet\u00e9s<\/h2>\n\n\n\n<p class=\"has-contrast-color has-text-color\">Rose Namajunas mer\u00e9sz d\u00f6nt\u00e9st hozott, hogy leborotv\u00e1lja a fej\u00e9t az UFC-harcra, \u00e9s ez lett a jellegzetes megjelen\u00e9se. Ak\u00e1r v\u00e1lasztja, hogy par\u00f3k\u00e1t visel, ak\u00e1r nem, kopasz k\u00fclseje ikonj\u00e1v\u00e1 tette a vegyes harcm\u0171v\u00e9szetek vil\u00e1g\u00e1ban. Sok fiatal l\u00e1nyt \u00e9s n\u0151t inspir\u00e1l, akik feln\u00e9znek kegyelm\u00e9re, erej\u00e9re \u00e9s b\u00e1tors\u00e1g\u00e1ra.<\/p>","protected":false},"excerpt":{"rendered":"<p>Rose Namajunas is a name that needs no introduction in the world of mixed martial arts now. Known for her explosive fighting style and fearlessness &#8230; <a title=\"Rose Namajunas hajjal? Nem, itt vannak az okok!\" class=\"read-more\" href=\"https:\/\/blog.rehairsystem.com\/hu\/rozsa-namajunas-haja-nem-es-a-ok\/\" aria-label=\"Tov\u00e1bb Rose Namajunas With Hair? No, Here Are The Reasons!\">Olvass tov\u00e1bb<\/a><\/p>","protected":false},"author":2,"featured_media":5383,"comment_status":"closed","ping_status":"closed","sticky":false,"template":"","format":"standard","meta":[],"categories":[1],"tags":[102],"_links":{"self":[{"href":"https:\/\/blog.rehairsystem.com\/hu\/wp-json\/wp\/v2\/posts\/5381"}],"collection":[{"href":"https:\/\/blog.rehairsystem.com\/hu\/wp-json\/wp\/v2\/posts"}],"about":[{"href":"https:\/\/blog.rehairsystem.com\/hu\/wp-json\/wp\/v2\/types\/post"}],"author":[{"embeddable":true,"href":"https:\/\/blog.rehairsystem.com\/hu\/wp-json\/wp\/v2\/users\/2"}],"replies":[{"embeddable":true,"href":"https:\/\/blog.rehairsystem.com\/hu\/wp-json\/wp\/v2\/comments?post=5381"}],"version-history":[{"count":3,"href":"https:\/\/blog.rehairsystem.com\/hu\/wp-json\/wp\/v2\/posts\/5381\/revisions"}],"predecessor-version":[{"id":6890,"href":"https:\/\/blog.rehairsystem.com\/hu\/wp-json\/wp\/v2\/posts\/5381\/revisions\/6890"}],"wp:featuredmedia":[{"embeddable":true,"href":"https:\/\/blog.rehairsystem.com\/hu\/wp-json\/wp\/v2\/media\/5383"}],"wp:attachment":[{"href":"https:\/\/blog.rehairsystem.com\/hu\/wp-json\/wp\/v2\/media?parent=5381"}],"wp:term":[{"taxonomy":"category","embeddable":true,"href":"https:\/\/blog.rehairsystem.com\/hu\/wp-json\/wp\/v2\/categories?post=5381"},{"taxonomy":"post_tag","embeddable":true,"href":"https:\/\/blog.rehairsystem.com\/hu\/wp-json\/wp\/v2\/tags?post=5381"}],"curies":[{"name":"wp","href":"https:\/\/api.w.org\/{rel}","templated":true}]}}