{"id":5695,"date":"2023-06-20T06:44:25","date_gmt":"2023-06-20T06:44:25","guid":{"rendered":"https:\/\/blog.rehairsystem.com\/?p=5695"},"modified":"2023-07-12T09:47:31","modified_gmt":"2023-07-12T09:47:31","slug":"secret-to-kevin-durants-hairline-and-hair-implant","status":"publish","type":"post","link":"https:\/\/blog.rehairsystem.com\/hu\/titok-kevin-durants-hajvonal-es-hajbeultetes\/","title":{"rendered":"Fedezze fel Kevin Durant hajvonal\u00e1nak \u00e9s hajbe\u00fcltet\u00e9s\u00e9nek titk\u00e1t"},"content":{"rendered":"<p><span style=\"color: #000000;\">Kevin Durant, a basketball superstar and one of the most recognizable faces in sports, has been the subject of much speculation and rumor regarding his hair. Fans and commentators have remarked on the dramatic changes in his hairline and overall appearance, with many suggesting he should undergo a hair transplant. So, what is the truth behind Durant&#8217;s hairline and will a hair implant good for him? Let&#8217;s learn from here.<\/span><\/p>\n<h2><span style=\"color: #000000;\">Kevin Durant Hairline: R\u00f6vid t\u00f6rt\u00e9nelem<\/span><\/h2>\n<p><span style=\"color: #000000;\"><img decoding=\"async\" src=\"https:\/\/docerp.s3.amazonaws.com\/erp\/cms\/57a16b74-37b4-472d-8c3f-c3d651edba81.webp\" alt=\"Kevin Durant Hair\" width=\"700\" \/><\/span><\/p>\n<p><span style=\"color: #000000;\">Kevin Durant&#8217;s hairline has undergone some changes in the past few years. He started his career with a full head of hair, but over time, his hairline has receded slightly, resulting in a more prominent forehead. <\/span><\/p>\n<p><span style=\"color: #000000;\">Az elm\u00falt \u00e9vekben Durant sokf\u00e9le frizur\u00e1t viselt, bele\u00e9rtve a buzz v\u00e1g\u00e1st, egy r\u00f6vid afrot \u00e9s m\u00e9g hosszabb, l\u00f3farokba k\u00f6t\u00f6tt haj\u00e1t. V\u00e1ltoz\u00f3 frizur\u00e1i ellen\u00e9re azonban Durant \u00fagy t\u0171nik, hogy mag\u00e1hoz \u00f6leli term\u00e9szetes hajvonal\u00e1t, \u00e9s \u00fagy l\u00e1tt\u00e1k, hogy nem pr\u00f3b\u00e1lt\u00e1k elrejteni vagy eltakarni.<\/span><\/p>\n<h3><span style=\"color: #000000;\">&quot;M&quot; alak\u00fa hajvonal<\/span><\/h3>\n<p><span style=\"color: #000000;\"><img decoding=\"async\" src=\"https:\/\/docerp.s3.amazonaws.com\/erp\/cms\/99cfa779-4d16-4717-b98c-25f560152493.webp\" alt=\" Kevin Durant Hair\" width=\"700\" \/><\/span><\/p>\n<p><span style=\"color: #000000;\">Durant&#8217;s hairline is unique in that it follows a prominent \u201cM\u201d shape, which is an early indication of male pattern baldness. While the \u201cM\u201d shape can be alarming to some people, it is not necessarily a cause for concern in terms of overall health.<\/span><\/p>\n<p><span style=\"color: #000000;\"><em><span style=\"color: #ff0000;\"><strong>Olvass tov\u00e1bb<\/strong><\/span><\/em>:<\/span><\/p>\n<ul>\n<li><a href=\"https:\/\/blog.rehairsystem.com\/hu\/a-mcdonalds-hajvonal-termeszetes-es-a-javitas-modja\/\" target=\"_blank\" rel=\"noopener\"><span style=\"color: #333333;\"><strong>Mcdonald&#8217;s Hairline<\/strong><\/span><\/a><\/li>\n<li><span style=\"color: #000000;\"><span style=\"color: #333333;\"><a style=\"color: #333333;\" href=\"https:\/\/blog.rehairsystem.com\/hu\/kevin-durant-haircut-solution-to-baldness\/\" target=\"_blank\" rel=\"noopener\"><strong>Mindent Kevin Durant Hairr\u0151l<\/strong><\/a><\/span><\/span><\/li>\n<\/ul>\n<h2><span style=\"color: #000000;\">Hajbe\u00fcltet\u00e9si m\u0171t\u00e9tet kell v\u00e9geznie Kevin Durantnek?<\/span><\/h2>\n<p><span style=\"color: #000000;\">Ha Kevin Durant \u00f6ntudat\u00e1ban van a hajsz\u00e1lveszt\u00e9s miatt, \u00e9s \u00fagy gondolja, hogy a haj\u00e1t\u00fcltet\u00e9s jav\u00edtan\u00e1 \u00f6nbecs\u00fcl\u00e9s\u00e9t \u00e9s \u00f6nbizalm\u00e1t, akkor fontol\u00f3ra kell vennie. Fontos megjegyezni, hogy a haj\u00e1t\u00fcltet\u00e9si m\u0171t\u00e9t orvosi elj\u00e1r\u00e1s, ez\u00e9rt alaposan meg kell vizsg\u00e1lni, \u00e9s meg kell besz\u00e9lni egy k\u00e9pzett orvossal. Ezenk\u00edv\u00fcl sz\u00e1mos nem seb\u00e9szeti lehet\u0151s\u00e9g l\u00e9tezik, mint p\u00e9ld\u00e1ul a gy\u00f3gyszeres kezel\u00e9s \u00e9s a helyi kezel\u00e9sek, amelyeket \u00e9rdemes lehet megvizsg\u00e1lni, miel\u0151tt egy invaz\u00edvabb elj\u00e1r\u00e1st fontolgatna.<\/span><\/p>\n<h3><span style=\"color: #000000;\">Mi az a hajbe\u00fcltet\u00e9s?<\/span><\/h3>\n<p><span style=\"color: #000000;\">A hajbe\u00fcltet\u00e9s olyan elj\u00e1r\u00e1s, amely sor\u00e1n a hajhagym\u00e1kat elt\u00e1vol\u00edtj\u00e1k a fejb\u0151r egyik ter\u00fclet\u00e9r\u0151l, \u00e9s \u00e1t\u00fcltetik azokat olyan ter\u00fcletekre, ahol a haj n\u00f6veked\u00e9se le\u00e1llt vagy lelassult. Az \u00e1t\u00fcltetett haj az \u00faj helyen tov\u00e1bb n\u0151.<\/span><\/p>\n<h3><span style=\"color: #000000;\">A hajbe\u00fcltet\u00e9s el\u0151nyei \u00e9s h\u00e1tr\u00e1nyai<\/span><\/h3>\n<p><span style=\"color: #000000;\"><em><span style=\"text-decoration: underline;\">El\u0151ny\u00f6k:<\/span><\/em><\/span><\/p>\n<ol>\n<li><span style=\"color: #000000;\">Hat\u00e9kony kopaszs\u00e1g eset\u00e9n: A hajbe\u00fcltet\u00e9s hat\u00e9kony megold\u00e1s hajhull\u00e1s \u00e9s kopaszod\u00e1s eset\u00e9n.<\/span><\/li>\n<li><span style=\"color: #000000;\">Tart\u00f3s megold\u00e1s: Ellent\u00e9tben m\u00e1s hajhull\u00e1s elleni megold\u00e1sokkal, p\u00e9ld\u00e1ul hajhelyre\u00e1ll\u00edt\u00f3 term\u00e9kekkel \u00e9s par\u00f3k\u00e1kkal, a haj\u00e1t\u00fcltet\u00e9s tart\u00f3s megold\u00e1s a hajhull\u00e1sra.<\/span><\/li>\n<li><span style=\"color: #000000;\">Term\u00e9szetes hat\u00e1s\u00fa eredm\u00e9ny: Haj\u00e1t\u00fcltet\u00e9s ut\u00e1n a haj term\u00e9szetesnek t\u0171nik, \u00e9s t\u00f6k\u00e9letesen illeszkedik a k\u00f6rnyez\u0151 hajhoz.<\/span><\/li>\n<li><span style=\"color: #000000;\">Alacsony karbantart\u00e1s: A gy\u00f3gyul\u00e1si id\u0151szak ut\u00e1n a hajbe\u00fcltet\u00e9s nagyon kev\u00e9s karbantart\u00e1st ig\u00e9nyel, \u00f6sszehasonl\u00edtva m\u00e1s hajhull\u00e1si megold\u00e1sokkal.<\/span><\/li>\n<li><span style=\"color: #000000;\">N\u00f6veli az \u00f6nbizalmat: A hajbe\u00fcltet\u00e9s visszaadja a hajhull\u00e1sban szenved\u0151k \u00f6nbizalm\u00e1t, mivel teltebb hajat k\u00f6lcs\u00f6n\u00f6z nekik.<\/span><\/li>\n<\/ol>\n<p><span style=\"color: #000000;\"><em><span style=\"text-decoration: underline;\">H\u00e1tr\u00e1nyok:<\/span><\/em><\/span><\/p>\n<ol>\n<li><span style=\"color: #000000;\">Dr\u00e1ga: A hajbe\u00fcltet\u00e9s k\u00f6lts\u00e9ges elj\u00e1r\u00e1s, \u00e9s a k\u00f6lts\u00e9g az \u00e1t\u00fcltetend\u0151 haj mennyis\u00e9g\u00e9t\u0151l \u00e9s az alkalmazott technik\u00e1kt\u00f3l f\u00fcgg\u0151en v\u00e1ltozik.<\/span><\/li>\n<li><span style=\"color: #000000;\">Fert\u0151z\u00e9svesz\u00e9ly: Mint minden seb\u00e9szeti beavatkoz\u00e1sn\u00e1l, itt is fenn\u00e1ll a fert\u0151z\u00e9s vesz\u00e9lye.<\/span><\/li>\n<li><span style=\"color: #000000;\">Hegesed\u00e9s: A hajbe\u00fcltet\u00e9s hegeket okozhat azon a ter\u00fcleten, ahol a hajat \u00e1t\u00fcltett\u00e9k.<\/span><\/li>\n<li><span style=\"color: #000000;\">Korl\u00e1tozott donorhaj: Kiterjedt hajhull\u00e1s eset\u00e9n korl\u00e1tozott mennyis\u00e9g\u0171 donorhaj \u00e1llhat rendelkez\u00e9sre \u00e1t\u00fcltet\u00e9sre, ami korl\u00e1tozhatja az el\u00e9rhet\u0151 lefedetts\u00e9get.<\/span><\/li>\n<li><span style=\"color: #000000;\">F\u00e1jdalmas fel\u00e9p\u00fcl\u00e9s: Haj\u00e1t\u00fcltet\u00e9s ut\u00e1n a recipiens ter\u00fclet t\u00f6bb napig f\u00e1jhat \u00e9s f\u00e1jdalmas lehet, a fel\u00e9p\u00fcl\u00e9si id\u0151szak t\u00f6bb h\u00e9tig is eltarthat.<\/span><\/li>\n<\/ol>\n<h2><span style=\"color: #000000;\">Kevin Durant alkalmasabb hajbe\u00fcltet\u00e9sre vagy hajfest\u00e9kre?<\/span><\/h2>\n<p><span style=\"color: #000000;\">A toupee is a hairpiece or wig that covers a bald spot or thinning hair on the scalp. It is often made of natural or synthetic hair that is attached to a base material, such as lace or polyurethane, and can be styled and colored to match the wearer&#8217;s existing hair.<\/span><\/p>\n<h3><span style=\"color: #000000;\">A toupe el\u0151nyei a k\u00f6vetkez\u0151k:<\/span><\/h3>\n<ol>\n<li><span style=\"color: #000000;\">Azonnali megold\u00e1s \u2013 A tupe azonnali megold\u00e1st ny\u00fajt kopaszod\u00e1sra vagy hajritkul\u00e1sra, an\u00e9lk\u00fcl, hogy m\u0171t\u00e9tre lenne sz\u00fcks\u00e9g, vagy megv\u00e1rn\u00e1k a haj n\u00f6veked\u00e9s\u00e9t.<\/span><\/li>\n<li><span style=\"color: #000000;\">Versatile styling options \u2013 Toupees can be styled and cut to the wearer&#8217;s preference, allowing them to match their existing hairstyle or create a new-look altogether.<\/span><\/li>\n<li><span style=\"color: #000000;\">Megfizethet\u0151 \u2013 A hajbe\u00fcltet\u00e9si m\u0171t\u00e9tekhez vagy m\u00e1s dr\u00e1ga hajhull\u00e1s-kezel\u00e9sekhez k\u00e9pest a tupe megfizethet\u0151bb lehet\u0151s\u00e9g.<\/span><\/li>\n<\/ol>\n<p><span style=\"color: #000000;\">A kopaszod\u00f3 h\u00edress\u00e9gek, p\u00e9ld\u00e1ul Kevin Durant sz\u00e1m\u00e1ra mind a sim\u00edt\u00f3, mind a hajimplant\u00e1tum v\u00e1laszt\u00e1si lehet\u0151s\u00e9g. M\u00edg a hajfest\u00e9k megfizethet\u0151bb \u00e9s sokoldal\u00fabb lehet\u0151s\u00e9g, a hajbe\u00fcltet\u00e9s tart\u00f3s megold\u00e1st \u00e9s term\u00e9szetes hat\u00e1s\u00fa eredm\u00e9nyt biztos\u00edt. Az, hogy melyik a jobb, az egy\u00e9n preferenci\u00e1it\u00f3l, ig\u00e9nyeit\u0151l \u00e9s k\u00f6lts\u00e9gvet\u00e9s\u00e9t\u0151l f\u00fcgg.<\/span><\/p>\n<h2><span style=\"color: #000000;\">Hol v\u00e1s\u00e1rolhat pr\u00e9mium kend\u0151ket vagy hajsz\u00e1lakat?<\/span><\/h2>\n<p><span style=\"color: #000000;\">A Rehairsystem.com kiv\u00e1l\u00f3 v\u00e1laszt\u00e1s a kopaszod\u00f3 vagy hajhull\u00e1son \u00e1tesett f\u00e9rfiak \u00e9s n\u0151k sz\u00e1m\u00e1ra, mivel pr\u00e9mium sminkeket \u00e9s hajd\u00edszeket k\u00edn\u00e1lnak, amelyek term\u00e9szetes megjelen\u00e9s\u0171ek \u00e9s k\u00e9nyelmesek. Ezenk\u00edv\u00fcl az \u00d6n egyedi ig\u00e9nyeihez szabott, testreszabott par\u00f3k\u00e1kat \u00e9s kiv\u00e1l\u00f3 min\u0151s\u00e9g\u0171 hajanyagokat biztos\u00edtunk, amelyek biztos\u00edtj\u00e1k a tart\u00f3ss\u00e1got \u00e9s a tart\u00f3s haszn\u00e1latot. <\/span><\/p>\n<p><span style=\"color: #000000;\">If you want to emulate your favorite celebrity&#8217;s hairstyle, we also offer custom orders to bring your desired look to life. With our expertise in hair systems and dedication to customer satisfaction, Rehairsystem.com is the go-to destination for anyone seeking reliable and efficient solutions to hair loss.<\/span><\/p>\n<p><span style=\"color: #000000;\">\u00c1ruh\u00e1z honlapja:\u00a0<span style=\"color: #ff0000;\"><strong>https:\/\/rehairsystem.com\/<\/strong><\/span><\/span><\/p>\n<h2><span style=\"color: #000000;\">K\u00f6vetkeztet\u00e9s<\/span><\/h2>\n<p><span style=\"color: #000000;\">While there is no concrete evidence to support the rumors about Kevin Durant&#8217;s hairline, the fact remains that hair loss is a common issue among men. It&#8217;s important to remember that there is no shame in seeking help for hair loss, and that there are many options available for those who are looking to restore their hairline or simply feel better about themselves.<\/span><\/p>","protected":false},"excerpt":{"rendered":"<p>Kevin Durant, a basketball superstar and one of the most recognizable faces in sports, has been the subject of much speculation and rumor regarding his &#8230; <a title=\"Uncover the Secret to Kevin Durant&#8217;s Hairline and Hair Implant\" class=\"read-more\" href=\"https:\/\/blog.rehairsystem.com\/hu\/titok-kevin-durants-hajvonal-es-hajbeultetes\/\" aria-label=\"Tov\u00e1bb Uncover the Secret to Kevin Durant&#8217;s Hairline and Hair Implant\">Olvass tov\u00e1bb<\/a><\/p>","protected":false},"author":2,"featured_media":5697,"comment_status":"closed","ping_status":"closed","sticky":false,"template":"","format":"standard","meta":[],"categories":[107],"tags":[130],"_links":{"self":[{"href":"https:\/\/blog.rehairsystem.com\/hu\/wp-json\/wp\/v2\/posts\/5695"}],"collection":[{"href":"https:\/\/blog.rehairsystem.com\/hu\/wp-json\/wp\/v2\/posts"}],"about":[{"href":"https:\/\/blog.rehairsystem.com\/hu\/wp-json\/wp\/v2\/types\/post"}],"author":[{"embeddable":true,"href":"https:\/\/blog.rehairsystem.com\/hu\/wp-json\/wp\/v2\/users\/2"}],"replies":[{"embeddable":true,"href":"https:\/\/blog.rehairsystem.com\/hu\/wp-json\/wp\/v2\/comments?post=5695"}],"version-history":[{"count":2,"href":"https:\/\/blog.rehairsystem.com\/hu\/wp-json\/wp\/v2\/posts\/5695\/revisions"}],"predecessor-version":[{"id":6657,"href":"https:\/\/blog.rehairsystem.com\/hu\/wp-json\/wp\/v2\/posts\/5695\/revisions\/6657"}],"wp:featuredmedia":[{"embeddable":true,"href":"https:\/\/blog.rehairsystem.com\/hu\/wp-json\/wp\/v2\/media\/5697"}],"wp:attachment":[{"href":"https:\/\/blog.rehairsystem.com\/hu\/wp-json\/wp\/v2\/media?parent=5695"}],"wp:term":[{"taxonomy":"category","embeddable":true,"href":"https:\/\/blog.rehairsystem.com\/hu\/wp-json\/wp\/v2\/categories?post=5695"},{"taxonomy":"post_tag","embeddable":true,"href":"https:\/\/blog.rehairsystem.com\/hu\/wp-json\/wp\/v2\/tags?post=5695"}],"curies":[{"name":"wp","href":"https:\/\/api.w.org\/{rel}","templated":true}]}}