{"id":5698,"date":"2023-06-20T07:25:24","date_gmt":"2023-06-20T07:25:24","guid":{"rendered":"https:\/\/blog.rehairsystem.com\/?p=5698"},"modified":"2023-06-20T07:26:29","modified_gmt":"2023-06-20T07:26:29","slug":"get-dean-martin-look-by-customizing-hair-systems","status":"publish","type":"post","link":"https:\/\/blog.rehairsystem.com\/hu\/get-dean-martin-look-by-customizing-hair-systems\/","title":{"rendered":"Hogyan szerezheti meg Dean Martin megjelen\u00e9s\u00e9t a hajrendszerek testreszab\u00e1s\u00e1val?"},"content":{"rendered":"<p><span style=\"color: #000000;\">Dean Martin was an American singer, actor, and comedian who stole the hearts of millions with his suave persona and golden voice. His hairstyle was so iconic that many people still try to emulate it to this day. But the question is, can you customize the Dean Martin&#8217;s hair? And if yes, then how?<\/span><\/p>\n<h2><span style=\"color: #000000;\">Mik azok a hajrendszerek?<\/span><\/h2>\n<p><span style=\"color: #000000;\">Hair systems are a non-surgical hair replacement solution that is designed to help people with hair loss. The hair pieces are customized to fit the client&#8217;s head and mimic the natural hair growth pattern. They are made of high-quality, real human hair that is attached to a skin-like base material, which is typically made of polyurethane or lace. Hair systems can be an ideal solution for people who want to restore their hair&#8217;s natural look without undergoing surgical procedures. <\/span><\/p>\n<h3><span style=\"color: #000000;\">A hajrendszerek testreszab\u00e1s\u00e1nak el\u0151nyei<\/span><\/h3>\n<p><span style=\"color: #000000;\">A hajrendszerek testreszab\u00e1s\u00e1val az \u00fcgyfelek kiv\u00e1laszthatj\u00e1k a term\u00e9szetes hajukhoz ill\u0151 hajsz\u00ednt, hosszt, text\u00far\u00e1t, hajvonalat \u00e9s s\u0171r\u0171s\u00e9get. Ez z\u00f6kken\u0151mentesebb\u00e9, term\u00e9szetesebb megjelen\u00e9s\u0171v\u00e9 \u00e9s \u00e9szrevehetetlenebb\u00e9 teszi a hajrendszert, nagyobb magabiztoss\u00e1got \u00e9s szabads\u00e1got adva az \u00fcgyf\u00e9lnek, hogy gond n\u00e9lk\u00fcl r\u00e9szt vegyen a napi tev\u00e9kenys\u00e9gekben.<\/span><\/p>\n<p><span style=\"color: #000000;\">A hajhull\u00e1s probl\u00e9m\u00e1ival k\u00fczd\u0151 \u00fcgyfelek \u00f3ri\u00e1si hasznot h\u00fazhatnak a hajrendszerek testreszab\u00e1s\u00e1b\u00f3l, mivel egy\u00e9ni st\u00edlusuknak, term\u00e9szetes hajuknak \u00e9s szem\u00e9lyis\u00e9g\u00fcknek megfelel\u0151 hajat kaphatnak.<\/span><\/p>\n<p><span style=\"color: #000000;\">The last benefit of customizing hair systems is that they are easy to maintain. The hair systems used in hair replacement solutions are designed to withstand everyday activities such as swimming, showering, and sleeping. With proper maintenance, a hair system can last for several months and even years, depending on the client&#8217;s needs and care routine.<\/span><\/p>\n<h2><span style=\"color: #000000;\">The Iconic Dean Martin&#8217;s Hairstyle to Recreate<\/span><\/h2>\n<p><span style=\"color: #000000;\"><img decoding=\"async\" src=\"https:\/\/docerp.s3.amazonaws.com\/erp\/cms\/d54c088f-5420-40f3-9cd1-e94ae8ce8a0c.webp\" alt=\" Dean Martin Hairpiece\" width=\"700\" \/><\/span><\/p>\n<p><span style=\"color: #000000;\">Dean Martin&#8217;s iconic hairstyle is known for its slicked-back and stylish appearance. It&#8217;s a curly and voluminous look, especially for those looking for a formal or classic look. The hairstyle is simple and can suit any occasion, making it a popular style choice.<\/span><\/p>\n<p><span style=\"color: #000000;\"><span style=\"color: #ff0000;\"><em><strong>Olvass tov\u00e1bb<\/strong><\/em><\/span>: <span style=\"color: #333333;\"><a style=\"color: #333333;\" href=\"https:\/\/blog.rehairsystem.com\/hu\/dean-martin-wear-a-hairpiece\/\" target=\"_blank\" rel=\"noopener\"><strong>Dean Martin viseljen hajsz\u00e1lat<\/strong><\/a><\/span><\/span><\/p>\n<h2><span style=\"color: #000000;\">How to Customize Dean Martin&#8217;s Hair?<\/span><\/h2>\n<p><span style=\"color: #000000;\"><img decoding=\"async\" src=\"https:\/\/docerp.s3.amazonaws.com\/erp\/cms\/a42bb353-43ed-49c4-8c02-8989ae82538f.webp\" alt=\"Dean Martin Hairpiece\" width=\"700\" \/><\/span><\/p>\n<p><span style=\"color: #000000;\">Customizing Dean Martin&#8217;s hair requires a professional hair expert who understands your preferences and hair structure. Here are some steps to help you achieve a perfect customized hairpiece:<\/span><\/p>\n<h3><span style=\"color: #000000;\">Par\u00f3k\u00e1ja testreszab\u00e1s\u00e1hoz v\u00e1lasszon hajrendszer boltot<\/span><\/h3>\n<p><span style=\"color: #000000;\">V\u00e1lasszon egy professzion\u00e1lis hajp\u00f3tl\u00f3 rendszer boltot, amely egyedi hajfest\u00e9kekre specializ\u00e1l\u00f3dott. Tapasztalt hajszak\u00e9rt\u0151kb\u0151l \u00e1ll\u00f3 csapattal kell rendelkezni\u00fck, akik v\u00e9gigvezetik \u00d6nt a testreszab\u00e1si folyamaton, \u00edgy biztos\u00edtva a legjobb eredm\u00e9nyt.<\/span><\/p>\n<p><span style=\"color: #000000;\">Here I&#8217;m proud to recommend ourselves, <span style=\"color: #ff0000;\"><a style=\"color: #ff0000;\" href=\"https:\/\/rehairsystem.com\/\" target=\"_blank\" rel=\"noopener\"><strong>Rehairsystem.com<\/strong><\/a><\/span>:<\/span><\/p>\n<p><span style=\"color: #000000;\">\u00dczlet\u00fcnkben van egy hat\u00e9kony alkalmaz\u00e1s, amely lehet\u0151v\u00e9 teszi a felhaszn\u00e1l\u00f3k sz\u00e1m\u00e1ra, hogy ellen\u0151rizz\u00e9k a haj megjelen\u00e9s\u00e9t b\u00e1rmilyen st\u00edlusban, hossz\u00fas\u00e1gban \u00e9s sz\u00ednben. Az alkalmaz\u00e1ssal b\u00f6ng\u00e9szhet t\u00f6bb sz\u00e1z frizura \u00e9s sz\u00edn k\u00f6z\u00f6tt a vil\u00e1g minden t\u00e1j\u00e1r\u00f3l, \u00e9s megn\u00e9zheti, hogyan n\u00e9znek ki az arc\u00e1n. Ak\u00e1r b\u00e1rmilyen h\u00edress\u00e9g frizur\u00e1j\u00e1t szeretn\u00e9 kipr\u00f3b\u00e1lni, a Rehairsystem m\u00e1rka kiel\u00e9g\u00edti k\u00edv\u00e1ns\u00e1g\u00e1t.<\/span><\/p>\n<p><span style=\"color: #000000;\">\u00d6sszess\u00e9g\u00e9ben a Rehairsystem.com mindent tartalmaz, amire sz\u00fcks\u00e9ge van a k\u00edv\u00e1nt megjelen\u00e9s el\u00e9r\u00e9s\u00e9hez.<\/span><\/p>\n<h3><span style=\"color: #000000;\">Steps to Customize Dean Martin&#8217;s Hair<\/span><\/h3>\n<p><span style=\"color: #000000;\"><em><span style=\"text-decoration: underline;\">1. l\u00e9p\u00e9s: M\u00e9rje meg a fej\u00e9t<\/span><\/em><\/span><br \/>\n<span style=\"color: #000000;\">Az els\u0151 l\u00e9p\u00e9s a fej pontos m\u00e9r\u00e9se. Ez biztos\u00edtja, hogy a tupe t\u00f6k\u00e9letesen illeszkedjen a fej\u00e9hez, k\u00e9nyelmet \u00e9s magabiztoss\u00e1got biztos\u00edtva.<\/span><\/p>\n<p><span style=\"color: #000000;\"><em><span style=\"text-decoration: underline;\">2. l\u00e9p\u00e9s: V\u00e1lassza ki a par\u00f3ka anyag\u00e1t<\/span><\/em><\/span><br \/>\n<span style=\"color: #000000;\">Ezut\u00e1n seg\u00edt\u00fcnk kiv\u00e1lasztani az ig\u00e9nyeinek \u00e9s preferenci\u00e1inak legink\u00e1bb megfelel\u0151 hajd\u00edsz anyagot.<\/span><\/p>\n<p><span style=\"color: #000000;\"><em><span style=\"text-decoration: underline;\">3. l\u00e9p\u00e9s: V\u00e1lassza ki a st\u00edlust \u00e9s a sz\u00ednt<\/span><\/em><\/span><br \/>\n<span style=\"color: #000000;\">Besz\u00e9lje meg preferenci\u00e1it frizura-szak\u00e9rt\u0151nkkel, \u00e9s \u0151k seg\u00edtenek olyan par\u00f3k\u00e1t l\u00e9trehozni, amely t\u00f6k\u00e9letesen illeszkedik az \u00d6n \u00e1ltal k\u00edv\u00e1nt frizur\u00e1hoz \u00e9s sz\u00ednhez.<\/span><\/p>\n<p><span style=\"color: #000000;\"><em><span style=\"text-decoration: underline;\">4. l\u00e9p\u00e9s: Par\u00f3ka illeszt\u00e9se<\/span><\/em><\/span><br \/>\n<span style=\"color: #000000;\">V\u00e9g\u00fcl kisz\u00e1ll\u00edtjuk \u00d6nnek a term\u00e9ket, \u00edgy a fej\u00e9re hordhatja a tup\u00e9t. Gondoskodhatunk arr\u00f3l, hogy az egyedi hajrendszer a megfelel\u0151 helyen \u00fclj\u00f6n, k\u00e9nyelmes legyen \u00e9s term\u00e9szetes megjelen\u00e9s\u0171 legyen.<\/span><\/p>\n<h2><span style=\"color: #000000;\">Mire kell figyelni, ha szem\u00e9lyre szabott hajrendszert v\u00e1s\u00e1rol?<\/span><\/h2>\n<ol>\n<li><span style=\"color: #000000;\">A haj min\u0151s\u00e9ge: A haj min\u0151s\u00e9ge a legfontosabb szempont, amelyet figyelembe kell venni az egyedi hajrendszerek v\u00e1s\u00e1rl\u00e1sakor. Ellen\u0151rizze, hogy a haj term\u00e9szetes emberi hajb\u00f3l vagy szintetikus hajb\u00f3l k\u00e9sz\u00fclt-e. Az emberi haj a legjobb v\u00e1laszt\u00e1s, mivel illeszkedik a saj\u00e1t hajad \u00e1llag\u00e1hoz \u00e9s sz\u00edn\u00e9hez.<\/span><\/li>\n<li><span style=\"color: #000000;\">Alapanyag: Az alapanyagot is fontos figyelembe venni egy testreszabott hajrendszer v\u00e1s\u00e1rl\u00e1sakor. Ellen\u0151rizd, hogy az alapanyag k\u00e9nyelmes \u00e9s l\u00e9g\u00e1tereszt\u0151-e ahhoz, hogy eg\u00e9sz nap viseld.<\/span><\/li>\n<li><span style=\"color: #000000;\">M\u00e9ret \u00e9s illeszked\u00e9s: Pontosan m\u00e9rje meg a fej m\u00e9ret\u00e9t a t\u00f6k\u00e9letes illeszked\u00e9s \u00e9rdek\u00e9ben. A j\u00f3l illeszked\u0151 hajrendszer term\u00e9szetesnek t\u0171nik, \u00e9s t\u00f6k\u00e9letesen illeszkedik a saj\u00e1t haj\u00e1hoz.<\/span><\/li>\n<li><span style=\"color: #000000;\">Sz\u00ednilleszt\u00e9s: A hajrendszer sz\u00edn\u00e9nek t\u00f6k\u00e9letesen meg kell egyeznie saj\u00e1t haja sz\u00edn\u00e9vel. Kis sz\u00ednv\u00e1ltozatokat is v\u00e1laszthat, ha elt\u00e9r\u0151 megjelen\u00e9st szeretne l\u00e9trehozni.<\/span><\/li>\n<li><span style=\"color: #000000;\">Form\u00e1z\u00e1si lehet\u0151s\u00e9gek: A testreszabott hajrendszerek sz\u00e1mos form\u00e1z\u00e1si lehet\u0151s\u00e9get k\u00edn\u00e1lnak. K\u00fcl\u00f6nb\u00f6z\u0151 hajv\u00e1g\u00e1sok, st\u00edlusok \u00e9s text\u00far\u00e1k k\u00f6z\u00fcl v\u00e1laszthat a saj\u00e1t haj\u00e1hoz.<\/span><\/li>\n<li><span style=\"color: #000000;\">Karbantart\u00e1s: A hajrendszer karbantart\u00e1si k\u00f6vetelm\u00e9nyeit is figyelembe kell vennie v\u00e1s\u00e1rl\u00e1s el\u0151tt. Ellen\u0151rizze, hogy a hajrendszer k\u00f6nnyen moshat\u00f3-e, form\u00e1zhat\u00f3-e \u00e9s \u00e1polhat\u00f3-e.<\/span><\/li>\n<\/ol>\n<p><span style=\"color: #000000;\">\u00d6sszess\u00e9g\u00e9ben egy szem\u00e9lyre szabott hajrendszer v\u00e1s\u00e1rl\u00e1s\u00e1hoz a fenti t\u00e9nyez\u0151k alapos m\u00e9rlegel\u00e9se sz\u00fcks\u00e9ges a t\u00f6k\u00e9letes illeszked\u00e9s \u00e9s a term\u00e9szetes megjelen\u00e9s \u00e9rdek\u00e9ben.<\/span><\/p>\n<h2><span style=\"color: #000000;\">K\u00f6vetkeztet\u00e9s<\/span><\/h2>\n<p><span style=\"color: #000000;\">if you&#8217;re a fan of Dean Martin and want to flaunt his timeless hairstyle at a party or event, then customizing a wig is a great option. From picking the perfect color to styling it, there are several ways to make it more your own while still paying tribute to the legend himself. With a bit of creativity and effort, you can easily achieve the perfect Dean Martin look and feel like a true star.<\/span><\/p>","protected":false},"excerpt":{"rendered":"<p>Dean Martin was an American singer, actor, and comedian who stole the hearts of millions with his suave persona and golden voice. His hairstyle was &#8230; <a title=\"How to Get Dean Martin&#8217;s Look By Customizing Hair Systems?\" class=\"read-more\" href=\"https:\/\/blog.rehairsystem.com\/hu\/get-dean-martin-look-by-customizing-hair-systems\/\" aria-label=\"Tov\u00e1bb How to Get Dean Martin&#8217;s Look By Customizing Hair Systems?\">Olvass tov\u00e1bb<\/a><\/p>","protected":false},"author":2,"featured_media":5699,"comment_status":"closed","ping_status":"closed","sticky":false,"template":"","format":"standard","meta":[],"categories":[1],"tags":[131],"_links":{"self":[{"href":"https:\/\/blog.rehairsystem.com\/hu\/wp-json\/wp\/v2\/posts\/5698"}],"collection":[{"href":"https:\/\/blog.rehairsystem.com\/hu\/wp-json\/wp\/v2\/posts"}],"about":[{"href":"https:\/\/blog.rehairsystem.com\/hu\/wp-json\/wp\/v2\/types\/post"}],"author":[{"embeddable":true,"href":"https:\/\/blog.rehairsystem.com\/hu\/wp-json\/wp\/v2\/users\/2"}],"replies":[{"embeddable":true,"href":"https:\/\/blog.rehairsystem.com\/hu\/wp-json\/wp\/v2\/comments?post=5698"}],"version-history":[{"count":2,"href":"https:\/\/blog.rehairsystem.com\/hu\/wp-json\/wp\/v2\/posts\/5698\/revisions"}],"predecessor-version":[{"id":5702,"href":"https:\/\/blog.rehairsystem.com\/hu\/wp-json\/wp\/v2\/posts\/5698\/revisions\/5702"}],"wp:featuredmedia":[{"embeddable":true,"href":"https:\/\/blog.rehairsystem.com\/hu\/wp-json\/wp\/v2\/media\/5699"}],"wp:attachment":[{"href":"https:\/\/blog.rehairsystem.com\/hu\/wp-json\/wp\/v2\/media?parent=5698"}],"wp:term":[{"taxonomy":"category","embeddable":true,"href":"https:\/\/blog.rehairsystem.com\/hu\/wp-json\/wp\/v2\/categories?post=5698"},{"taxonomy":"post_tag","embeddable":true,"href":"https:\/\/blog.rehairsystem.com\/hu\/wp-json\/wp\/v2\/tags?post=5698"}],"curies":[{"name":"wp","href":"https:\/\/api.w.org\/{rel}","templated":true}]}}