{"id":5732,"date":"2023-06-21T07:49:06","date_gmt":"2023-06-21T07:49:06","guid":{"rendered":"https:\/\/blog.rehairsystem.com\/?p=5732"},"modified":"2023-06-29T03:35:05","modified_gmt":"2023-06-29T03:35:05","slug":"derrick-white-haircut-and-does-he-wear-a-hairpiece","status":"publish","type":"post","link":"https:\/\/blog.rehairsystem.com\/hu\/derrick-white-frizura-es-visel-e-hajdiszt\/","title":{"rendered":"Mi az a Derrick White hajv\u00e1g\u00e1s, \u00e9s hord-e hajd\u00edszt?"},"content":{"rendered":"<p><span style=\"color: #000000;\">Derrick White, a professional basketball player for the San Antonio Spurs, is known for his impressive skills on the court. However, in recent years, he has also grabbed attention for his hair. Fans and skeptics alike have wondered whether his distinctive hairstyle is natural or the result of a hairpiece. So, what is Derrick White&#8217;s haircut, and does he wear a hairpiece? Let&#8217;s find out.<\/span><\/p>\n<h2><span style=\"color: #000000;\">Derrick White&#8217;s Classic Haircut<\/span><\/h2>\n<p><span style=\"color: #000000;\"><img decoding=\"async\" src=\"https:\/\/docerp.s3.amazonaws.com\/erp\/cms\/70235d18-61f7-4f74-8ffd-88fddb8139d7.webp\" alt=\" Derrick White hajvonal\" width=\"700\" \/><\/span><\/p>\n<p><span style=\"color: #000000;\">Derrick White is renowned for his classic haircut, which is short on the sides and longer on the top. He tends to keep his hair messy and styled towards the front. Derrick&#8217;s haircut is functional as it allows him to play basketball without the hindrance of hair. He has changed his hairstyle over time, and his current haircut displays a more stylish but still practical appearance.<\/span><\/p>\n<h3><span style=\"color: #000000;\">Evolution of Derrick White&#8217;s Haircut<\/span><\/h3>\n<p><span style=\"color: #000000;\"><img decoding=\"async\" src=\"https:\/\/docerp.s3.amazonaws.com\/erp\/cms\/204931e0-06c0-4954-b131-46b8ef9b05ca.webp\" alt=\"Derrick White hajvonal\" width=\"700\" \/><\/span><\/p>\n<p><span style=\"color: #000000;\">Derrick White kos\u00e1rlabda-karrierj\u00e9t ny\u00edrt \u00e9s egyszer\u0171 frizur\u00e1val kezdte.<\/span><\/p>\n<p><span style=\"color: #000000;\">Azonban ahogy haladt el\u0151re, elkezdett k\u00eds\u00e9rletezni k\u00fcl\u00f6nb\u00f6z\u0151 frizur\u00e1kkal. Hajfest\u00e9kkel, sz\u00ednes kiemel\u00e9sekkel \u00e9s n\u00e9ha m\u00e9g egy mohawkkal is elkezdte f\u0171szerezni megjelen\u00e9s\u00e9t. <\/span><span style=\"color: #000000;\">Az ut\u00f3bbi \u00e9vekben Derrick klasszikusabb hajviseletet v\u00e1lasztott, ami j\u00f3l \u00e1ll neki.<\/span><\/p>\n<p><span style=\"color: #ff0000;\"><strong>Olvass tov\u00e1bb<\/strong><\/span>: <em><a href=\"https:\/\/blog.rehairsystem.com\/hu\/viccek-es-rejtely-a-derrick-white-hajvonal\/\" target=\"_blank\" rel=\"noopener\"><span style=\"color: #333333;\"><strong>Derrick White Hairline<\/strong><\/span><\/a><\/em><\/p>\n<h2><span style=\"color: #000000;\">Visel-e Derrick White hajd\u00edszt?<\/span><\/h2>\n<p><span style=\"color: #000000;\">Nincs konkr\u00e9t bizony\u00edt\u00e9k arra, hogy Derrick White hajd\u00edszt visel. Egyes rajong\u00f3k felh\u00edvt\u00e1k a figyelmet arra, hogy lehets\u00e9ges, hogy Derrick hajsz\u00e1lakat vagy m\u00e1s hajkorrektorokat haszn\u00e1l, amelyeket sz\u00e9les k\u00f6rben haszn\u00e1lnak a sportiparban.<\/span><\/p>\n<p><span style=\"color: #000000;\">Despite the speculation, Derrick has not publicly commented on his hair situation. Some people argue that it shouldn&#8217;t matter whether an athlete chooses to wear a hairpiece or not, as it does not affect their performance on the court. Others believe that it is a personal decision and should be respected.<\/span><\/p>\n<p><span style=\"color: #000000;\">V\u00e9g\u00fcl is rejt\u00e9ly marad, hogy Derrick White hord-e hajd\u00edszt vagy sem. Az a fontos, hogy tov\u00e1bbra is a j\u00e1t\u00e9k\u00e1ra koncentr\u00e1ljon, \u00e9s tov\u00e1bbra is remekeljen a p\u00e1ly\u00e1n.<\/span><\/p>\n<h3><span style=\"color: #000000;\">Mi az a hajd\u00edsz?<\/span><\/h3>\n<p><span style=\"color: #000000;\">A hajd\u00edsz egy szintetikus vagy term\u00e9szetes hajd\u00edsz, amelyet a fejb\u0151r\u00f6n viselnek a hajhull\u00e1s vagy a kopasz folt elfed\u00e9s\u00e9re. Ez biztos\u00edtja az egy\u00e9neknek azt az \u00f6nbizalmat, amelyre sz\u00fcks\u00e9g\u00fck van ahhoz, hogy szemben\u00e9zzenek a vil\u00e1ggal an\u00e9lk\u00fcl, hogy \u00f6ntudatosnak \u00e9rezn\u00e9k magukat a hajuk miatt.<\/span><\/p>\n<h3><span style=\"color: #000000;\">Evidence of Derrick White&#8217;s Hairpieces<\/span><\/h3>\n<p><span style=\"color: #000000;\">B\u00e1r semmi sem er\u0151s\u00edthet\u0151 meg, egyes forr\u00e1sok azt sugallj\u00e1k, hogy Derrick White m\u00e1r hordott hajd\u00edszeket a m\u00faltban. T\u00f6bb meccsen is szokatlannak t\u0171nt a haja; a hajvonal t\u00fal egyenesnek \u00e9s term\u00e9szetellenesnek t\u0171nt. Ez arra utalhat, hogy hajd\u00edszt visel.<\/span><\/p>\n<p><span style=\"color: #ff0000;\"><strong>T\u00f6bbet l\u00e1tni<\/strong><\/span><em><span style=\"color: #333333;\"><strong>: <a href=\"https:\/\/blog.rehairsystem.com\/hu\/dean-martin-wear-a-hairpiece\/\" target=\"_blank\" rel=\"noopener\">Dean Martin&#8217;s Hairpiece<\/a>\u00a0<\/strong><\/span><\/em><\/p>\n<h2><span style=\"color: #000000;\">Hol v\u00e1s\u00e1rolhat Derrick White Hairpiece-t?<\/span><\/h2>\n<p><span style=\"color: #000000;\">Would you like to try out a hairpiece like Derrick White&#8217;s? If so, there are many online stores that sell these hairpieces. The <strong>Rehairsystem.com<\/strong> term\u00e9szetes megjelen\u00e9s\u0171 hajrendszerek sz\u00e9les sk\u00e1l\u00e1j\u00e1t k\u00edn\u00e1lja, amelyeket egyedileg \u00fagy terveztek, hogy minden egy\u00e9nre t\u00f6k\u00e9letesen illeszkedjenek.<\/span><\/p>\n<p><span style=\"color: #000000;\">Hajd\u00edszeink el\u0151nyei:<\/span><\/p>\n<ul>\n<li><span style=\"color: #000000;\">Customization: Rehairsystem offers customized wigs tailored to the customers&#8217; needs and preferences.<\/span><\/li>\n<li><span style=\"color: #000000;\">High-quality materials: The wigs are made of 100% human hair or synthetic fiber, depending on the customer&#8217;s choice.<\/span><\/li>\n<li><span style=\"color: #000000;\">K\u00e9nyelem: A par\u00f3k\u00e1kat \u00fagy tervezt\u00e9k, hogy biztons\u00e1gosan \u00e9s k\u00e9nyelmesen illeszkedjenek, term\u00e9szetes megjelen\u00e9st \u00e9s \u00e9rzetet biztos\u00edtva.<\/span><\/li>\n<li><span style=\"color: #000000;\">Megfizethet\u0151 \u00e1rak: A Rehairsystem versenyk\u00e9pes \u00e1rakat k\u00edn\u00e1l, \u00edgy minden v\u00e1s\u00e1rl\u00f3 sz\u00e1m\u00e1ra el\u00e9rhet\u0151v\u00e9 teszi a kiv\u00e1l\u00f3 min\u0151s\u00e9g\u0171 par\u00f3k\u00e1kat.<\/span><\/li>\n<\/ul>\n<h2><span style=\"color: #000000;\">K\u00f6vetkeztet\u00e9s<\/span><\/h2>\n<p><span style=\"color: #000000;\">Derrick White&#8217;s haircut is classic, stylish, and functional for his basketball career. Although it is not confirmed, there have been speculations that Derrick White has worn a hairpiece in the past due to his hair&#8217;s unnatural appearance. However, one thing is for sure; Derrick&#8217;s hair looks great, and it enhances his overall look. If you wish to try out a hairpiece similar to his, Rehairsystem is a reputable online store that offers a variety of natural-looking hair systems.<\/span><\/p>","protected":false},"excerpt":{"rendered":"<p>Derrick White, a professional basketball player for the San Antonio Spurs, is known for his impressive skills on the court. However, in recent years, he &#8230; <a title=\"What&#8217;s Derrick White Haircut And Does He Wear A Hairpiece?\" class=\"read-more\" href=\"https:\/\/blog.rehairsystem.com\/hu\/derrick-white-frizura-es-visel-e-hajdiszt\/\" aria-label=\"Tov\u00e1bb What&#8217;s Derrick White Haircut And Does He Wear A Hairpiece?\">Olvass tov\u00e1bb<\/a><\/p>","protected":false},"author":2,"featured_media":5736,"comment_status":"closed","ping_status":"closed","sticky":false,"template":"","format":"standard","meta":[],"categories":[1],"tags":[136],"_links":{"self":[{"href":"https:\/\/blog.rehairsystem.com\/hu\/wp-json\/wp\/v2\/posts\/5732"}],"collection":[{"href":"https:\/\/blog.rehairsystem.com\/hu\/wp-json\/wp\/v2\/posts"}],"about":[{"href":"https:\/\/blog.rehairsystem.com\/hu\/wp-json\/wp\/v2\/types\/post"}],"author":[{"embeddable":true,"href":"https:\/\/blog.rehairsystem.com\/hu\/wp-json\/wp\/v2\/users\/2"}],"replies":[{"embeddable":true,"href":"https:\/\/blog.rehairsystem.com\/hu\/wp-json\/wp\/v2\/comments?post=5732"}],"version-history":[{"count":4,"href":"https:\/\/blog.rehairsystem.com\/hu\/wp-json\/wp\/v2\/posts\/5732\/revisions"}],"predecessor-version":[{"id":5905,"href":"https:\/\/blog.rehairsystem.com\/hu\/wp-json\/wp\/v2\/posts\/5732\/revisions\/5905"}],"wp:featuredmedia":[{"embeddable":true,"href":"https:\/\/blog.rehairsystem.com\/hu\/wp-json\/wp\/v2\/media\/5736"}],"wp:attachment":[{"href":"https:\/\/blog.rehairsystem.com\/hu\/wp-json\/wp\/v2\/media?parent=5732"}],"wp:term":[{"taxonomy":"category","embeddable":true,"href":"https:\/\/blog.rehairsystem.com\/hu\/wp-json\/wp\/v2\/categories?post=5732"},{"taxonomy":"post_tag","embeddable":true,"href":"https:\/\/blog.rehairsystem.com\/hu\/wp-json\/wp\/v2\/tags?post=5732"}],"curies":[{"name":"wp","href":"https:\/\/api.w.org\/{rel}","templated":true}]}}