{"id":5754,"date":"2023-06-21T10:07:54","date_gmt":"2023-06-21T10:07:54","guid":{"rendered":"https:\/\/blog.rehairsystem.com\/?p=5754"},"modified":"2023-06-21T10:08:39","modified_gmt":"2023-06-21T10:08:39","slug":"ceo-of-hair-direct-and-what-does-he-do-now","status":"publish","type":"post","link":"https:\/\/blog.rehairsystem.com\/hu\/vezerigazgato-of-hair-direct-es-mit-csinal-most\/","title":{"rendered":"Ki a Hair Direct vez\u00e9rigazgat\u00f3ja, \u00e9s mit csin\u00e1l most?"},"content":{"rendered":"<p><span style=\"color: #000000;\">A Hair Direct, a hajp\u00f3tl\u00e1ssal foglalkoz\u00f3 c\u00e9g egyike azon kev\u00e9s c\u00e9geknek, amelyek t\u00f6bb mint 20 \u00e9ve foglalkoznak hajhull\u00e1s elleni megold\u00e1sokkal. A c\u00e9g m\u00f6g\u00f6tt \u00e1ll\u00f3 ember, a Hair Direct vez\u00e9rigazgat\u00f3ja d\u00f6nt\u0151 szerepet j\u00e1tszott a hajhull\u00e1s elleni megold\u00e1sok forradalmas\u00edt\u00e1s\u00e1ban. Azonban nem sokan tudnak r\u00f3la \u00e9s az ipar\u00e1ghoz val\u00f3 hozz\u00e1j\u00e1rul\u00e1s\u00e1r\u00f3l. Ebben a bejegyz\u00e9sben k\u00f6zelebbr\u0151l megvizsg\u00e1ljuk a Hair Direct vez\u00e9rigazgat\u00f3j\u00e1t \u00e9s \u00fatj\u00e1t a hajhull\u00e1s elleni megold\u00e1sok ipar\u00e1g\u00e1nak vezet\u0151j\u00e9v\u00e9 v\u00e1l\u00e1s\u00e1hoz.<\/span><\/p>\n<h2><span style=\"color: #000000;\">Hair Direct: alap\u00edt\u00e1s \u00e9s t\u00f6rt\u00e9nete<\/span><\/h2>\n<p><span style=\"color: #000000;\"><img decoding=\"async\" src=\"https:\/\/docerp.s3.amazonaws.com\/erp\/cms\/a768d209-9faf-48ae-85dc-d9b7aac5c3ab.webp\" alt=\"HairDirect\" width=\"500\" \/><\/span><\/p>\n<p><span style=\"color: #000000;\"><span style=\"color: #ff0000;\"><a style=\"color: #ff0000;\" href=\"https:\/\/rehairsystem.com\/blogs\/hairsystem\/new-update-of-hair-direct-close-down\" target=\"_blank\" rel=\"noopener\"><strong>Hair Direct<\/strong><\/a><\/span> is a popular name in the hair replacement industry. The company was founded in 1998 with the aim of offering quality hair replacement systems that are affordable for its customers. The company provides hair replacement solutions such as customized hair systems, hairpieces, wigs, and extensions. Hair Direct has become the number one company in its field, thanks to the dedication and hard work of the company&#8217;s CEO.<\/span><\/p>\n<h2><span style=\"color: #000000;\">A Hair Direct vez\u00e9rigazgat\u00f3ja: Bill Biesecker<\/span><\/h2>\n<p><span style=\"color: #000000;\">Bill Biesecker a Hair Direct vez\u00e9rigazgat\u00f3ja \u00e9s t\u00e1rsalap\u00edt\u00f3ja. A Pennsylvania \u00e1llambeli Lancaster megy\u00e9ben sz\u00fcletett \u00e9s n\u0151tt fel, \u00e9s az Elizabethtown College-ban tanult, ahol \u00fczleti adminisztr\u00e1tori diplom\u00e1t szerzett.<\/span><\/p>\n<p><span style=\"color: #000000;\">Bieseckert mindig is \u00e9rdekelte a v\u00e1llalkoz\u00e1s, \u00e9s korai \u00e9veiben t\u00f6bb kisv\u00e1llalkoz\u00e1st is elind\u00edtott, k\u00f6zt\u00fck gyep\u00e1pol\u00e1si szolg\u00e1ltat\u00e1st \u00e9s kar\u00e1csonyfatelepet. Kifejl\u0151d\u00f6tt benne a szenved\u00e9ly, hogy m\u00e1sokon seg\u00edtsen, \u00e9s v\u00e1ltoz\u00e1st hozzon a k\u00f6z\u00f6ss\u00e9g\u00e9ben.<\/span><\/p>\n<p><span style=\"color: #000000;\">Under Biesecker&#8217;s leadership, Hair Direct has grown from a small startup to a nationally recognized company, with over 100 employees and a loyal customer base. He has been instrumental in developing new technologies and techniques for hair replacement, including the Virtual Hair System, which allows customers to design their own custom hair systems online.<\/span><\/p>\n<p><span style=\"color: #000000;\">Biesecker has received numerous awards and honors for his contributions to the hair replacement industry, including the 2006 Entrepreneur of the Year Award and the 2012 Academy Award for Best Makeup and Hairstyling for his work on the film &#8220;The Hunger Games.&#8221;<\/span><\/p>\n<h2><span style=\"color: #000000;\">How Did Bill Biesecker Response to HairDirect&#8217;s Closure?<\/span><\/h2>\n<p><img decoding=\"async\" src=\"https:\/\/docerp.s3.amazonaws.com\/erp\/cms\/1d712453-0309-444a-9d59-94b037fc8b90.webp\" alt=\"HairDirect alternat\u00edva\" width=\"700\" \/><\/p>\n<p><span style=\"color: #000000;\">2019-ben a Hair Direct bejelentette, hogy bez\u00e1rja kapuit \u00e9s besz\u00fcnteti tev\u00e9kenys\u00e9g\u00e9t. Ez sokkot okozott az ipar\u00e1gban dolgoz\u00f3knak, \u00e9s sok \u00fcgyfelet k\u00e9sztetett arra, hogy megold\u00e1sok ut\u00e1n t\u00fczeljenek. Bill Biesecker azonban nem fekve vette a h\u00edrt. Ehelyett gyorsan akci\u00f3ba lend\u00fclt, \u00e9s elkezdett seg\u00edteni a bez\u00e1r\u00e1s \u00e1ltal \u00e9rintetteken.<\/span><\/p>\n<p><span style=\"color: #000000;\">Biesecker, who had stepped down as CEO of Hair Direct a few years prior, had remained involved in the company as an advisor. When he learned of the impending closure, he partnered with another industry veteran to create a new company, New Hair Technologies. The new venture&#8217;s goal was to help former Hair Direct customers and others influenced by the closure to find alternative solutions and continue to receive the high-quality hair replacement services they had come to expect.<\/span><\/p>\n<p><span style=\"color: #000000;\">Biesecker&#8217;s quick response and dedication to helping those impacted by Hair Direct&#8217;s closure earned him praise from many in the industry. His efforts helped ease the transition for thousands of customers and ensure that they could continue to receive the services they needed.<\/span><\/p>\n<h2><span style=\"color: #000000;\">Mit csin\u00e1l Bill Biesecker az elm\u00falt \u00e9vekben?<\/span><\/h2>\n<p><span style=\"color: #000000;\">A Hair Direct bez\u00e1r\u00e1sa \u00f3ta Bill Biesecker tov\u00e1bbra is a hajp\u00f3tl\u00f3 ipar\u00e1g akt\u00edv szerepl\u0151je. A New Hair Technologiesn\u00e9l v\u00e9gzett munk\u00e1ja mellett tov\u00e1bbra is tan\u00e1csad\u00f3k\u00e9nt szolg\u00e1lt a ter\u00fclet m\u00e1s v\u00e1llalatain\u00e1l, \u00e9s szak\u00e9rtelm\u00e9t k\u00fcl\u00f6nf\u00e9le ipar\u00e1gi rendezv\u00e9nyeken \u00e9s konferenci\u00e1kon k\u00f6lcs\u00f6n\u00f6zte.<\/span><\/p>\n<p><span style=\"color: #000000;\">Biesecker&#8217;s extensive knowledge of the hair replacement industry has made him a sought-after speaker and commentator. He has been featured in various media outlets, discussing topics such as the future of the industry, emerging technologies, and the impact of the pandemic on the hair replacement market.<\/span><\/p>\n<p><span style=\"color: #000000;\">A hajp\u00f3tl\u00f3 ipar\u00e1gban v\u00e9gzett munk\u00e1ja mellett Biesecker k\u00fcl\u00f6nf\u00e9le j\u00f3t\u00e9konys\u00e1gi t\u00f6rekv\u00e9sekben is r\u00e9szt vett. R\u00e9g\u00f3ta t\u00e1mogatja a r\u00e1szorul\u00f3 gyermekeket \u00e9s csal\u00e1dokat seg\u00edt\u0151 szervezeteket, \u00e9s platformj\u00e1t haszn\u00e1lta fel ezekre az \u00fcgyekre, hogy felh\u00edvja a figyelmet \u00e9s a finansz\u00edroz\u00e1st.<\/span><\/p>\n<p><span style=\"color: #000000;\">Overall, Bill Biesecker&#8217;s response to the closure of Hair Direct and his continued work in the hair replacement industry have cemented his status as a respected and influential figure in the field. His dedication to helping others, both in his professional and philanthropic endeavors, is a testament to his character and commitment to making a positive impact in the world.<\/span><\/p>\n<h2><span style=\"color: #000000;\">K\u00f6vetkeztet\u00e9s<\/span><\/h2>\n<p><span style=\"color: #000000;\">Bill Biesecker a hajp\u00f3tl\u00e1si ipar\u00e1g kiemelked\u0151 alakja, aki a hajp\u00f3tl\u00e1ssal kapcsolatos innovat\u00edv megk\u00f6zel\u00edt\u00e9s\u00e9r\u0151l, \u00fcgyfelei \u00e9s alkalmazottai ir\u00e1nti elk\u00f6telezetts\u00e9g\u00e9r\u0151l, valamint k\u00f6z\u00f6ss\u00e9g\u00e9ben val\u00f3 v\u00e1ltoz\u00e1s ir\u00e1nti elk\u00f6telezetts\u00e9g\u00e9r\u0151l ismert. A Hair Direct vez\u00e9rigazgat\u00f3jak\u00e9nt \u00f3ri\u00e1si sikereket \u00e9rt el, \u00e9s hozz\u00e1j\u00e1rul\u00e1sa az ipar\u00e1ghoz az elk\u00f6vetkez\u0151 \u00e9vekben is jelent\u0151s hat\u00e1ssal lesz.<\/span><\/p>","protected":false},"excerpt":{"rendered":"<p>Hair Direct, a hair replacement company, is one of the few companies that has been dedicated to providing solutions to hair loss for over 20 &#8230; <a title=\"Ki a Hair Direct vez\u00e9rigazgat\u00f3ja, \u00e9s mit csin\u00e1l most?\" class=\"read-more\" href=\"https:\/\/blog.rehairsystem.com\/hu\/vezerigazgato-of-hair-direct-es-mit-csinal-most\/\" aria-label=\"Tov\u00e1bb Who Is The CEO Of Hair Direct And What Does He Do Now?\">Olvass tov\u00e1bb<\/a><\/p>","protected":false},"author":2,"featured_media":5755,"comment_status":"closed","ping_status":"closed","sticky":false,"template":"","format":"standard","meta":[],"categories":[90],"tags":[91],"_links":{"self":[{"href":"https:\/\/blog.rehairsystem.com\/hu\/wp-json\/wp\/v2\/posts\/5754"}],"collection":[{"href":"https:\/\/blog.rehairsystem.com\/hu\/wp-json\/wp\/v2\/posts"}],"about":[{"href":"https:\/\/blog.rehairsystem.com\/hu\/wp-json\/wp\/v2\/types\/post"}],"author":[{"embeddable":true,"href":"https:\/\/blog.rehairsystem.com\/hu\/wp-json\/wp\/v2\/users\/2"}],"replies":[{"embeddable":true,"href":"https:\/\/blog.rehairsystem.com\/hu\/wp-json\/wp\/v2\/comments?post=5754"}],"version-history":[{"count":2,"href":"https:\/\/blog.rehairsystem.com\/hu\/wp-json\/wp\/v2\/posts\/5754\/revisions"}],"predecessor-version":[{"id":5757,"href":"https:\/\/blog.rehairsystem.com\/hu\/wp-json\/wp\/v2\/posts\/5754\/revisions\/5757"}],"wp:featuredmedia":[{"embeddable":true,"href":"https:\/\/blog.rehairsystem.com\/hu\/wp-json\/wp\/v2\/media\/5755"}],"wp:attachment":[{"href":"https:\/\/blog.rehairsystem.com\/hu\/wp-json\/wp\/v2\/media?parent=5754"}],"wp:term":[{"taxonomy":"category","embeddable":true,"href":"https:\/\/blog.rehairsystem.com\/hu\/wp-json\/wp\/v2\/categories?post=5754"},{"taxonomy":"post_tag","embeddable":true,"href":"https:\/\/blog.rehairsystem.com\/hu\/wp-json\/wp\/v2\/tags?post=5754"}],"curies":[{"name":"wp","href":"https:\/\/api.w.org\/{rel}","templated":true}]}}