{"id":5795,"date":"2023-06-27T10:46:49","date_gmt":"2023-06-27T10:46:49","guid":{"rendered":"https:\/\/blog.rehairsystem.com\/?p=5795"},"modified":"2023-09-08T06:28:30","modified_gmt":"2023-09-08T06:28:30","slug":"who-wears-a-wig-on-fox-news","status":"publish","type":"post","link":"https:\/\/blog.rehairsystem.com\/hu\/ki-hord-parokat-fox-hirek\/","title":{"rendered":"Ki hord par\u00f3k\u00e1t a Fox News-on?"},"content":{"rendered":"<p><span style=\"color: #000000;\">A Fox News az Egyes\u00fclt \u00c1llamok egyik legn\u00e9pszer\u0171bb h\u00edrh\u00e1l\u00f3zata. A k\u00f6zelm\u00faltban n\u00e9h\u00e1ny sasszem\u0171 n\u00e9z\u0151 \u00e9szrevette, hogy a Fox News csapat\u00e1nak n\u00e9h\u00e1ny tagja leny\u0171g\u00f6z\u0151 frizur\u00e1t viselt az ut\u00f3bbi id\u0151ben \u2013 olyanokat, amelyek t\u00fal t\u00f6k\u00e9letesnek t\u0171nnek ahhoz, hogy val\u00f3diak legyenek. Ez sok tal\u00e1lgat\u00e1st sz\u00fclt arr\u00f3l <a href=\"https:\/\/blog.rehairsystem.com\/hu\/ki-hord-parokat-fox-hirek\/\" target=\"_blank\" rel=\"noopener\"><span style=\"color: #ff0000;\"><strong>aki esetleg par\u00f3k\u00e1t visel a Fox News-on<\/strong><\/span><\/a>.<\/span><\/p>\n<h2><span style=\"color: #000000;\">Elfogadhat\u00f3 a par\u00f3ka visel\u00e9se a Fox News-on?<\/span><\/h2>\n<p><span style=\"color: #000000;\">A par\u00f3k\u00e1k haszn\u00e1lata a m\u00e9diaiparban a kezdetek \u00f3ta elterjedt. A par\u00f3kakult\u00fara nemcsak a m\u00e9diah\u00edrekre korl\u00e1toz\u00f3dik, hanem a sz\u00f3rakoztat\u00f3ipar is sz\u00e9les k\u00f6rben elfogadta. A par\u00f3k\u00e1kat a sz\u00e9ps\u00e9g fokoz\u00e1s\u00e1ra, a frizura megv\u00e1ltoztat\u00e1s\u00e1ra \u00e9s egy m\u00e1sik karakter megjelen\u00edt\u00e9s\u00e9re haszn\u00e1lj\u00e1k a k\u00e9perny\u0151n.<\/span><\/p>\n<h3><span style=\"color: #000000;\">A par\u00f3k\u00e1k hat\u00e1sa a megjelen\u00e9sre \u00e9s a megjelen\u00e9sre<\/span><\/h3>\n<p><span style=\"color: #000000;\">Wearing wigs on media news can have an impact on a person&#8217;s appearance and presentation. It can portray a professional image while still giving an air of sophistication to the wearer. The wig culture allows media news personalities to create a distinctive look that sets them apart in the industry.<\/span><\/p>\n<h2><span style=\"color: #000000;\">Sz\u00f3val, ki hord par\u00f3k\u00e1t a Fox News-on?<\/span><\/h2>\n<h3><span style=\"color: #000000;\">N\u0151k a Fox Newsban, akik par\u00f3k\u00e1t viselnek<\/span><\/h3>\n<p><span style=\"color: #000000;\"><img decoding=\"async\" src=\"https:\/\/docerp.s3.amazonaws.com\/erp\/cms\/44440ff8-26d0-44b9-a101-42140a455161.webp\" alt=\"Ki hord par\u00f3k\u00e1t a Fox News-on\" width=\"700\" \/><\/span><\/p>\n<p><span style=\"color: #000000;\">A Fox Newsnak sz\u00e1mos n\u0151i \u00fajs\u00e1g\u00edr\u00f3ja \u00e9s h\u00edrn\u00f6ke van, akik par\u00f3k\u00e1t viselnek. N\u00e9h\u00e1ny figyelemre m\u00e9lt\u00f3 n\u00e9v k\u00f6z\u00e9 tartozik Maria Molina, Heather Childers \u00e9s Andrea Tantaros. V\u00e1laszt\u00e1suk okai elt\u00e9r\u0151ek, t\u00f6bbek k\u00f6z\u00f6tt a k\u00e9nyelem, a st\u00edlus \u00e9s a hajhull\u00e1s lek\u00fczd\u00e9se.<\/span><\/p>\n<p><span style=\"color: #000000;\">A Fox News-on par\u00f3k\u00e1t visel\u0151 n\u0151k gyakori okai k\u00f6z\u00e9 tartozik az adott frizura fenntart\u00e1sa, a sz\u00e9ps\u00e9g n\u00f6vel\u00e9se \u00e9s a csiszolt megjelen\u00e9s biztos\u00edt\u00e1sa. A szem\u00e9lyes d\u00f6nt\u00e9sek k\u00f6z\u00e9 tartozik az eg\u00e9szs\u00e9g\u00fcgyi okok miatti hajhull\u00e1s lek\u00fczd\u00e9se, vagy magabiztos \u00e9s k\u00e9nyelmes \u00e9rz\u00e9s a k\u00e9perny\u0151n.<\/span><\/p>\n<h3><span style=\"color: #000000;\">Fox News par\u00f3k\u00e1t visel\u0151 f\u00e9rfiak<\/span><\/h3>\n<p><span style=\"color: #000000;\"><img decoding=\"async\" src=\"https:\/\/docerp.s3.amazonaws.com\/erp\/cms\/c8fe5629-43fb-4cc9-af1d-18c11e568d6e.webp\" alt=\"Ki hord par\u00f3k\u00e1t a Fox News-on\" width=\"700\" \/><\/span><\/p>\n<p><span style=\"color: #000000;\">A par\u00f3ka kult\u00fara nemcsak a n\u0151kre korl\u00e1toz\u00f3dik, hanem a f\u00e9rfiak k\u00f6r\u00e9ben is elterjedt. A Fox News n\u00e9h\u00e1ny figyelemre m\u00e9lt\u00f3 neve k\u00f6z\u00e9 tartozik Bob Beckel \u00e9s Sean Hannity. K\u00fcl\u00f6nb\u00f6z\u0151 okok miatt d\u00f6nt\u00f6ttek \u00fagy, hogy par\u00f3k\u00e1t viselnek a k\u00e9perny\u0151n.<\/span><\/p>\n<p><span style=\"color: #000000;\">A par\u00f3k\u00e1kat sz\u00e1mos okb\u00f3l haszn\u00e1lj\u00e1k, kezdve a hajhull\u00e1st\u00f3l vagy a hajritkul\u00e1st\u00f3l eg\u00e9szen egy bizonyos megjelen\u00e9s vagy st\u00edlus el\u00e9r\u00e9s\u00e9ig. Az elm\u00falt \u00e9vekben sz\u00e1mos h\u00edrh\u00e1l\u00f3zat felismerte a reprezent\u00e1ci\u00f3 \u00e9s az inkluzivit\u00e1s fontoss\u00e1g\u00e1t, \u00e9s ez kiterjedt a hordott par\u00f3k\u00e1k sokf\u00e9les\u00e9g\u00e9re is.<\/span><\/p>\n<h2><span style=\"color: #000000;\">A par\u00f3kavisel\u00e9s tabuja a m\u00e9di\u00e1ban<\/span><\/h2>\n<p><span style=\"color: #000000;\">A par\u00f3ka visel\u00e9se a m\u00e9diaipar vizsg\u00e1lat\u00e1nak t\u00e1rgya. Sok kritikus megt\u00e9veszt\u0151nek \u00e9s hamis k\u00e9p \u00e1br\u00e1zol\u00e1s\u00e1nak m\u00f3dj\u00e1nak tartotta. Az ipar\u00e1gban azonban lassan elfogadott\u00e1 v\u00e1lik.<\/span><\/p>\n<h2><span style=\"color: #000000;\">A par\u00f3kavisel\u00e9s rossz \u00e9s j\u00f3 oldalai a m\u00e9di\u00e1ban<\/span><\/h2>\n<p><span style=\"color: #000000;\"><em><span style=\"text-decoration: underline;\">A par\u00f3kavisel\u00e9s rossz oldalai a m\u00e9di\u00e1ban:<\/span><\/em><\/span><\/p>\n<ul>\n<li><span style=\"color: #000000;\">Fenntartja az irre\u00e1lis sz\u00e9ps\u00e9gstandardokat: A m\u00e9di\u00e1ban val\u00f3 par\u00f3k\u00e1k visel\u00e9se irre\u00e1lis sz\u00e9ps\u00e9gstandardokat hozhat l\u00e9tre, \u00e9s azt az \u00fczenetet k\u00fcldheti, hogy a term\u00e9szetes haj elfogadhatatlan vagy divattalan.<\/span><\/li>\n<li><span style=\"color: #000000;\">B\u00e1tor\u00edtja a kultur\u00e1lis kisaj\u00e1t\u00edt\u00e1st: A par\u00f3k\u00e1k haszn\u00e1lata el\u0151seg\u00edtheti m\u00e1s kult\u00far\u00e1kb\u00f3l sz\u00e1rmaz\u00f3 frizur\u00e1k kisaj\u00e1t\u00edt\u00e1s\u00e1t an\u00e9lk\u00fcl, hogy meg\u00e9rten\u00e9 a m\u00f6g\u00f6tt\u00fck rejl\u0151 kultur\u00e1lis jelent\u0151s\u00e9get.<\/span><\/li>\n<li><span style=\"color: #000000;\">Eredetis\u00e9ggel kapcsolatos vit\u00e1khoz vezethet: A par\u00f3ka visel\u00e9se n\u00e9zetelt\u00e9r\u00e9seket okozhat azzal kapcsolatban, hogy mi tekinthet\u0151 hitelesnek egy karakter vagy kult\u00fara sz\u00e1m\u00e1ra.<\/span><\/li>\n<li><span style=\"color: #000000;\">Set unrealistic expectations: Wearing wigs can set unrealistic expectations in the minds of people about what a person&#8217;s hair should look like in certain situations, leading to disappointment when it doesn&#8217;t measure up.<\/span><\/li>\n<\/ul>\n<p><span style=\"color: #000000;\"><em><span style=\"text-decoration: underline;\">A par\u00f3kavisel\u00e9s j\u00f3 oldalai a m\u00e9di\u00e1ban:<\/span><\/em><\/span><\/p>\n<ul>\n<li><span style=\"color: #000000;\">Sokoldal\u00fas\u00e1got k\u00edn\u00e1l: A par\u00f3k\u00e1k visel\u00e9se a m\u00e9di\u00e1ban lehet\u0151v\u00e9 teszi a sz\u00edn\u00e9szek \u00e9s az el\u0151ad\u00f3k sz\u00e1m\u00e1ra, hogy gyorsan \u00e9s egyszer\u0171en megv\u00e1ltoztass\u00e1k megjelen\u00e9s\u00fcket, k\u00fcl\u00f6nb\u00f6z\u0151 karaktereket vagy alakokat alak\u00edtva.<\/span><\/li>\n<li><span style=\"color: #000000;\">Seg\u00edthet normaliz\u00e1lni a hajhull\u00e1st: A par\u00f3k\u00e1k visel\u00e9se a m\u00e9di\u00e1ban seg\u00edthet normaliz\u00e1lni a hajhull\u00e1st, \u00e9s biztons\u00e1gos \u00e9s k\u00e9nyelmes alternat\u00edv\u00e1t jelenthet a hajhull\u00e1sban szenved\u0151k sz\u00e1m\u00e1ra.<\/span><\/li>\n<li><span style=\"color: #000000;\">Lehet\u0151s\u00e9get ad a kreativit\u00e1sra: A par\u00f3k\u00e1k visel\u00e9se kreativit\u00e1si lehet\u0151s\u00e9get k\u00edn\u00e1l a stylistok \u00e9s a tervez\u0151k sz\u00e1m\u00e1ra egyedi \u00e9s \u00f6tletes megjelen\u00e9s kialak\u00edt\u00e1s\u00e1ban.<\/span><\/li>\n<li><span style=\"color: #000000;\">N\u00f6veli a reprezent\u00e1ci\u00f3t: A par\u00f3k\u00e1k visel\u00e9se lehet\u0151s\u00e9get ny\u00fajthat a k\u00fcl\u00f6nb\u00f6z\u0151 hajszerkezetek \u00e9s hajt\u00edpusok m\u00e9di\u00e1ban t\u00f6rt\u00e9n\u0151 megjelen\u00edt\u00e9s\u00e9re, a soksz\u00edn\u0171s\u00e9g bemutat\u00e1s\u00e1ra.<\/span><\/li>\n<\/ul>\n<h2><span style=\"color: #000000;\">A par\u00f3kavisel\u00e9s elfogad\u00e1sa \u00e9s indokl\u00e1sa a Fox News-on<\/span><\/h2>\n<p><span style=\"color: #000000;\">A Fox News-ban a par\u00f3ka haszn\u00e1lat\u00e1t normak\u00e9nt fogadt\u00e1k el. A Fox News szem\u00e9lyis\u00e9gei nemcsak szem\u00e9lyes okokb\u00f3l, hanem a szakmais\u00e1g \u00e9s az \u00e1ltal\u00e1nos bemutat\u00e1s miatt is ezt a lehet\u0151s\u00e9get v\u00e1lasztott\u00e1k.<\/span><\/p>\n<h2><span style=\"color: #000000;\">A par\u00f3kahaszn\u00e1lat k\u00f6r\u00fcli vita a Fox News-on<\/span><\/h2>\n<p><span style=\"color: #000000;\">The debate surrounding wig usage on Fox News stems from personal preferences, criticism, and stereotypes. Some view it as an essential part of one&#8217;s professional attire, while others criticize it as a tool for deceiving the audience.<\/span><\/p>\n<h2><span style=\"color: #000000;\">A par\u00f3k\u00e1k sokf\u00e9les\u00e9ge a m\u00e9di\u00e1ban<\/span><\/h2>\n<p><span style=\"color: #000000;\">A par\u00f3k\u00e1k k\u00fcl\u00f6nb\u00f6z\u0151 fajt\u00e1kban, st\u00edlusokban \u00e9s mint\u00e1kban kaphat\u00f3k. A m\u00e9diaiparban a m\u00e9diaszem\u00e9lyis\u00e9gek sokf\u00e9le lehet\u0151s\u00e9g k\u00f6z\u00fcl v\u00e1laszthatnak, amelyek lehet\u0151v\u00e9 teszik megjelen\u00e9s\u00fck testreszab\u00e1s\u00e1t, a term\u00e9szetesebb megjelen\u00e9st\u0151l a dr\u00e1maibb megjelen\u00e9sig.<\/span><\/p>\n<p><span style=\"color: #000000;\">Egyes h\u00edrad\u00f3k \u00e9s tud\u00f3s\u00edt\u00f3k term\u00e9szetes megjelen\u00e9s\u0171 par\u00f3k\u00e1kat v\u00e1lasztanak, amelyek a saj\u00e1t hajszerkezet\u00fcket \u00e9s -sz\u00edn\u00fcket t\u00fckr\u00f6zik, m\u00edg m\u00e1sok dr\u00e1maibb st\u00edlusokat vagy \u00e9l\u00e9nk sz\u00edn\u0171 par\u00f3k\u00e1kat v\u00e1laszthatnak, hogy egy\u00e9nis\u00e9get adjanak, vagy kiemelkedjenek a kamera el\u0151tt. Ezenk\u00edv\u00fcl sok h\u00edrh\u00e1l\u00f3zat alkalmazza a par\u00f3k\u00e1k haszn\u00e1lat\u00e1t a k\u00fcl\u00f6nb\u00f6z\u0151 karakterek vagy kultur\u00e1lis szem\u00e9lyis\u00e9gek pontos \u00e1br\u00e1zol\u00e1s\u00e1ra. <\/span><\/p>\n<h2><span style=\"color: #000000;\">Hol v\u00e1s\u00e1rolhat kiv\u00e1l\u00f3 min\u0151s\u00e9g\u0171 par\u00f3k\u00e1kat?<\/span><\/h2>\n<p><a href=\"https:\/\/rehairsystem.com\/collections\/stock-hair-systems\" target=\"_blank\" rel=\"nofollow noopener\"><img decoding=\"async\" src=\"https:\/\/docerp.s3.amazonaws.com\/erp\/cms\/5f40b105-f5e8-47f0-b82d-b2d81bb4e133.webp\" alt=\"sim\u00edt\u00f3k vagy hajrendszerek\" width=\"700\" \/><\/a><\/p>\n<p><span style=\"color: #000000;\">If you&#8217;re looking for a premium wig, look no further than the <span style=\"color: #ff0000;\"><a style=\"color: #ff0000;\" href=\"https:\/\/rehairsystem.com\/\" target=\"_blank\" rel=\"noopener\"><strong>Rehairsystem.com<\/strong><\/a><\/span> hajd\u00edsz bolt.<\/span><\/p>\n<p><span style=\"color: #000000;\">Our shop is easy to navigate, so you can quickly find what you&#8217;re looking for and place your order with ease. And the wigs are crafted with precision, so you can be sure that your wig will look realistic and perfectly suited to your face.<\/span><\/p>\n<p><span style=\"color: #000000;\">In addition, Our wigs are made using high-quality materials and supporting customization, so you can be sure that you&#8217;re getting a product that will last and fit you perfectly.<\/span><\/p>\n\n\n<h2 class=\"wp-block-heading\">GYIK<\/h2>\n\n\n<div id=\"rank-math-faq\" class=\"rank-math-block\">\n<div class=\"rank-math-list\">\n<div id=\"faq-question-1687862733293\" class=\"rank-math-list-item\">\n<h3 class=\"rank-math-question\">Tucker Carlson hord par\u00f3k\u00e1t?<\/h3>\n<div class=\"rank-math-answer\">\n\n<p>M\u00e9g 2020-ban egy szatirikus online \u00fajs\u00e1g azzal viccel\u0151d\u00f6tt, hogy LEGO hajd\u00edsz volt rajta. Egyes rajong\u00f3k m\u00e9g azt is elkezdt\u00e9k azt gondolni, hogy hajfest\u00e9ket hord, hogy eltakarja a ritkul\u00f3 haj\u00e1t. De a par\u00f3kapletyk\u00e1k m\u00f6g\u00f6tt megh\u00faz\u00f3d\u00f3 igazs\u00e1g tov\u00e1bbra is tiszt\u00e1zatlan.<\/p>\n\n<\/div>\n<\/div>\n<div id=\"faq-question-1687862748991\" class=\"rank-math-list-item\">\n<h3 class=\"rank-math-question\">Bret Baier hord hajd\u00edszt?<\/h3>\n<div class=\"rank-math-answer\">\n\n<p>Bret Baier nem hord p\u00f3l\u00f3t, \u00e9s a haja term\u00e9szetes.<\/p>\n\n<\/div>\n<\/div>\n<div id=\"faq-question-1687862763584\" class=\"rank-math-list-item\">\n<h3 class=\"rank-math-question\">Mely f\u00e9rfi h\u00edress\u00e9gek viselnek par\u00f3k\u00e1t?<\/h3>\n<div class=\"rank-math-answer\">\n\n<p>Charlie Sheen, Ben Affleck \u00e9s John Travolta.<\/p>\n\n<\/div>\n<\/div>\n<\/div>\n<\/div>\n\n\n<h2 class=\"wp-block-heading\">K\u00f6vetkeztet\u00e9s<\/h2>\n\n\n\n<p class=\"has-contrast-color has-text-color\">Whether it&#8217;s for a medical reason or simply for a style choice, it&#8217;s no secret that some Fox News anchors and reporters choose to wear wigs. With any luck, this article has cleared up some misconceptions and provided you with a better understanding of why someone might pick to wear a wig, and how it can benefit them both personally and professionally. So the next time you tune in to Fox News, you can enjoy the programming without wondering whether or not your favorite anchor&#8217;s hair is real.<\/p>","protected":false},"excerpt":{"rendered":"<p>Fox News is one of the most popular news networks in the United States. Recently, some eagle-eyed viewers have noticed that a few of the &#8230; <a title=\"Ki hord par\u00f3k\u00e1t a Fox News-on?\" class=\"read-more\" href=\"https:\/\/blog.rehairsystem.com\/hu\/ki-hord-parokat-fox-hirek\/\" aria-label=\"Tov\u00e1bb Who Wears A Wig On Fox News?\">Olvass tov\u00e1bb<\/a><\/p>","protected":false},"author":2,"featured_media":5811,"comment_status":"closed","ping_status":"closed","sticky":false,"template":"","format":"standard","meta":[],"categories":[1],"tags":[152],"_links":{"self":[{"href":"https:\/\/blog.rehairsystem.com\/hu\/wp-json\/wp\/v2\/posts\/5795"}],"collection":[{"href":"https:\/\/blog.rehairsystem.com\/hu\/wp-json\/wp\/v2\/posts"}],"about":[{"href":"https:\/\/blog.rehairsystem.com\/hu\/wp-json\/wp\/v2\/types\/post"}],"author":[{"embeddable":true,"href":"https:\/\/blog.rehairsystem.com\/hu\/wp-json\/wp\/v2\/users\/2"}],"replies":[{"embeddable":true,"href":"https:\/\/blog.rehairsystem.com\/hu\/wp-json\/wp\/v2\/comments?post=5795"}],"version-history":[{"count":5,"href":"https:\/\/blog.rehairsystem.com\/hu\/wp-json\/wp\/v2\/posts\/5795\/revisions"}],"predecessor-version":[{"id":8974,"href":"https:\/\/blog.rehairsystem.com\/hu\/wp-json\/wp\/v2\/posts\/5795\/revisions\/8974"}],"wp:featuredmedia":[{"embeddable":true,"href":"https:\/\/blog.rehairsystem.com\/hu\/wp-json\/wp\/v2\/media\/5811"}],"wp:attachment":[{"href":"https:\/\/blog.rehairsystem.com\/hu\/wp-json\/wp\/v2\/media?parent=5795"}],"wp:term":[{"taxonomy":"category","embeddable":true,"href":"https:\/\/blog.rehairsystem.com\/hu\/wp-json\/wp\/v2\/categories?post=5795"},{"taxonomy":"post_tag","embeddable":true,"href":"https:\/\/blog.rehairsystem.com\/hu\/wp-json\/wp\/v2\/tags?post=5795"}],"curies":[{"name":"wp","href":"https:\/\/api.w.org\/{rel}","templated":true}]}}