{"id":6296,"date":"2023-07-05T08:47:08","date_gmt":"2023-07-05T08:47:08","guid":{"rendered":"https:\/\/blog.rehairsystem.com\/?p=6296"},"modified":"2023-07-12T10:49:36","modified_gmt":"2023-07-12T10:49:36","slug":"frank-sinatra-toupee-did-the-legend-wear-a-wig","status":"publish","type":"post","link":"https:\/\/blog.rehairsystem.com\/hu\/frank-sinatra-toupee-a-legenda-parokat-hordott\/","title":{"rendered":"Frank Sinatra toupee: A legenda viselt par\u00f3k\u00e1t?"},"content":{"rendered":"<p><span style=\"color: #000000;\">Frank Sinatra, a zene \u00e9s a sz\u00f3rakoztat\u00e1s vil\u00e1g\u00e1nak ikonikus alakja kit\u00f6r\u00f6lhetetlen nyomot hagyott az iparban finom hangj\u00e1val \u00e9s karizmatikus jelenl\u00e9t\u00e9vel. \u00c1m egy r\u00e9g\u00f3ta terjed\u0151 pletyka a haja \u00e1llapot\u00e1r\u00f3l. Igen <span style=\"color: #ff0000;\"><a style=\"color: #ff0000;\" href=\"https:\/\/blog.rehairsystem.com\/hu\/frank-sinatra-toupee-a-legenda-parokat-hordott\/\" target=\"_blank\" rel=\"noopener\"><strong>Frank Sinatra val\u00f3j\u00e1ban tincset visel<\/strong><\/a><\/span>? Csak ebben a bejegyz\u00e9sben tal\u00e1lja meg a v\u00e1laszt.<\/span><\/p>\n<h2><span style=\"color: #000000;\">Ki az a Frank Sinatra?<\/span><\/h2>\n<p><span style=\"color: #000000;\"><img decoding=\"async\" src=\"https:\/\/docerp.s3.amazonaws.com\/erp\/cms\/ab1aa3d1-55ca-44e9-95de-0d4dd6acf8cb.webp\" alt=\"frank sinatra toupee\" width=\"700\" \/><\/span><\/p>\n<p><span style=\"color: #000000;\">Frank Sinatra amerikai \u00e9nekes, sz\u00edn\u00e9sz \u00e9s producer volt, a 20. sz\u00e1zad egyik legn\u00e9pszer\u0171bb \u00e9s legbefoly\u00e1sosabb zenem\u0171v\u00e9sze. 1915. december 12-\u00e9n sz\u00fcletett a New Jersey \u00e1llambeli Hobokenben, \u00e9s 1998. m\u00e1jus 14-\u00e9n halt meg.<\/span><\/p>\n<p><span style=\"color: #000000;\">Sinatra&#8217;s career spanned over six decades, and he achieved success in both the music and film industries. He is known for his smooth vocals, impeccable phrasing, and charismatic stage presence. Sinatra&#8217;s signature songs include \u201cMy Way,\u201d \u201cNew York, New York,\u201d and \u201cFly Me to the Moon.\u201d<\/span><\/p>\n<p><span style=\"color: #000000;\">He was also a member of the famous Rat Pack, a group of entertainers that included Dean Martin, Sammy Davis Jr., and others. Sinatra&#8217;s contributions to music and entertainment earned him numerous awards and accolades throughout his life.<\/span><\/p>\n<h2><span style=\"color: #000000;\">Frank Sinatra hordott p\u00f3l\u00f3t?<\/span><\/h2>\n<p><span style=\"color: #000000;\">Igen, Frank Sinatra eg\u00e9sz \u00e9let\u00e9ben viselt tincset vagy hajd\u00edszt. Sz\u00e9les k\u00f6rben elismert\u00e9k \u00e9s egyet\u00e9rtettek abban, hogy hajd\u00edszt haszn\u00e1lt, mivel \u00f3vatos volt, ha sapka vagy par\u00f3ka n\u00e9lk\u00fcl f\u00e9nyk\u00e9pezik.<\/span><\/p>\n<p><span style=\"color: #000000;\">Furthermore, those who were familiar with Sinatra confirmed that his hairpieces experienced a decline in quality towards the end of his life. Jerry Roman, the individual responsible for Sinatra&#8217;s hair in The Manchurian Candidate, mentioned that while Sinatra initially had perfect hairpieces, he eventually opted for a synthetic piece that appeared unnatural in his last five years.<\/span><\/p>\n<h2><span style=\"color: #000000;\">Mi\u00e9rt viselt Frank Sinatra kupakot?<\/span><\/h2>\n<p><span style=\"color: #000000;\">Frank Sinatra&#8217;s decision to wear a toupee can be attributed to various factors that converged in his 40s.<\/span><\/p>\n<p><span style=\"color: #000000;\">As his career started to decline, the stress he faced became overwhelming. From struggling to secure prestigious concert gigs to downsizing to smaller nightclubs, Sinatra&#8217;s musical journey took a downward turn.<\/span><\/p>\n<p><span style=\"color: #000000;\">Emellett mag\u00e1n\u00e9lete is felzaklatott volt, amit Ava Gardner sz\u00edn\u00e9szn\u0151vel \u00e1polt viharos kapcsolat jellemez. Gyakori vit\u00e1ik \u00e9s szak\u00edt\u00e1saik tov\u00e1bb n\u00f6velt\u00e9k Sinatra m\u00e1r am\u00fagy is egyre n\u00f6vekv\u0151 nyom\u00e1s\u00e1t. A cs\u00f6kken\u0151 kassza fellebbez\u00e9s miatt az MGM felmondta a szerz\u0151d\u00e9s\u00e9t, \u00e9s a Columbia, lemezkiad\u00f3ja hamarosan k\u00f6vette a p\u00e9ld\u00e1j\u00e1t.<\/span><\/p>\n<p><span style=\"color: #000000;\">\u00daj r\u00e1di\u00f3- \u00e9s telev\u00edzi\u00f3s sorozatok ind\u00edt\u00e1s\u00e1ra tett k\u00eds\u00e9rletei sikertelennek bizonyultak, \u00edgy anyagi neh\u00e9zs\u00e9gekbe \u00fctk\u00f6z\u00f6tt. N\u00f6vekv\u0151 stressz\u00e9hez a m\u00e9dia is hozz\u00e1j\u00e1rult, \u00e1ll\u00edt\u00f3lagos maffiakapcsolatokhoz k\u00f6tve, m\u00edg a konzervat\u00edv komment\u00e1torok b\u00edr\u00e1lt\u00e1k liber\u00e1lis politik\u00e1j\u00e1t.<\/span><\/p>\n<p><span style=\"color: #000000;\">Amidst all these challenges, Sinatra&#8217;s voice began to falter, instilling fear within him. It was against this backdrop of intense stress that Sinatra&#8217;s hair started thinning, prompting him to turn to a hairpiece for a sense of confidence and to mask the physical effects of the strain he was enduring.<\/span><\/p>\n<h2><span style=\"color: #000000;\">Mennyit k\u00f6lt\u00f6tt Frank Sinatra hajd\u00edszekre?<\/span><\/h2>\n<h3><span style=\"color: #000000;\">Felb\u00e9relt egy n\u0151t, hogy vigye mag\u00e1val a par\u00f3k\u00e1j\u00e1t<\/span><\/h3>\n<p><span style=\"color: #000000;\">\u00c9letm\u00f3dj\u00e1nak egyik saj\u00e1tos aspektusa az volt, hogy eml\u00e9kezetes d\u00f6nt\u00e9st hozott, hogy egy n\u0151t fogadott fel, aki felel\u0151s a kiterjedt par\u00f3kagy\u0171jtem\u00e9ny\u00e9\u00e9rt. A k\u00fari\u00e1j\u00e1ban elhelyezett hajd\u00edszek leny\u0171g\u00f6z\u0151 v\u00e1laszt\u00e9k\u00e1val \u00fagy \u00e9rezte, hogy \u00e1lland\u00f3an hozz\u00e1 kell f\u00e9rnie m\u00e9g akkor is, ha t\u00e1vol van otthon\u00e1t\u00f3l. \u00cdgy ig\u00e9nybe vette egy Helen Turpin nev\u0171 n\u0151 szolg\u00e1lat\u00e1t, aki szorgalmasan hordta k\u00f6r\u00fclbel\u00fcl 30 szeretett par\u00f3k\u00e1j\u00e1t egy diszkr\u00e9t t\u00e1sk\u00e1ban.<\/span><\/p>\n<p><span style=\"color: #000000;\">Ez a nem felt\u0171n\u0151 kis \u0151sz haj\u00fa h\u00f6lgy fell\u00e9p\u00e9seinek szerves r\u00e9sz\u00e9v\u00e9 v\u00e1lt, szorosan lemaradva m\u00f6g\u00f6tte, biztos\u00edtva, hogy a haja mindig t\u00f6k\u00e9letes legyen, alkalomt\u00f3l f\u00fcggetlen\u00fcl. A filmes d\u00edszletekt\u0151l, koncertekt\u0151l eg\u00e9szen az \u00e9jszakai klubokig Turpin h\u0171s\u00e9gesen elk\u00eds\u00e9rte, meg\u0151rizve elb\u0171v\u00f6l\u0151 hajd\u00edszeinek kifog\u00e1stalan megjelen\u00e9s\u00e9t.<\/span><\/p>\n<h3><span style=\"color: #000000;\">\u00c9vente $20 000-et k\u00f6lt\u00f6tt egy professzion\u00e1lis hajd\u00edszhordoz\u00f3ra<\/span><\/h3>\n<p><span style=\"color: #000000;\">Frank Sinatra had a passion for maintaining his perfect appearance. With reports suggesting that he paid Helen Turpin $400 weekly for her services, the sum may not seem substantial at first. However, when considering the timeline of their association in 1965, the value of $20,000 in that era is estimated to be a remarkable $180,000 in today&#8217;s inflation-adjusted terms. <\/span><\/p>\n<p><span style=\"color: #000000;\">What truly makes this expenditure awe-inspiring is the realization of Turpin&#8217;s role and the exceptional remuneration she received for it.<\/span><\/p>\n<h2><span style=\"color: #000000;\">H\u00e1ny par\u00f3k\u00e1ja volt Frank Sinatr\u00e1nak \u00e9let\u00e9ben?<\/span><\/h2>\n<p><span style=\"color: #000000;\">Becsl\u00e9sek szerint Sinatra k\u00f6r\u00fclbel\u00fcl 60 par\u00f3k\u00e1t gondosan t\u00e1rolt otthon\u00e1ban. A hajd\u00edszek ir\u00e1nti elb\u0171v\u00f6l\u00e9s \u00fajabb r\u00e9teget ad Frank Sinatra sokr\u00e9t\u0171 szem\u00e9lyis\u00e9g\u00e9hez.<\/span><\/p>\n<h2><span style=\"color: #000000;\">Melyik \u00e9vben kezdett Frank Sinatra toupe-t hordani?<\/span><\/h2>\n<p><span style=\"color: #000000;\">Frank Sinatra k\u00f6r\u00fclbel\u00fcl 1950-ben kezdett tincset viselni. Felismerve, hogy l\u00e1that\u00f3 kopaszod\u00e1sa potenci\u00e1lisan h\u00e1tr\u00e1ltathatja karrierj\u00e9nek fellend\u00fcl\u00e9s\u00e9t, k\u00fcl\u00f6n\u00f6s tekintettel a kopasz szexszimb\u00f3lumok ritkas\u00e1g\u00e1ra az iparban, Sinatra \u00fagy d\u00f6nt\u00f6tt, hogy ebben az id\u0151szakban hajd\u00edszt vesz fel.<\/span><\/p>\n<h2><span style=\"color: #000000;\">M\u00e1s h\u00edress\u00e9gek, akik par\u00f3k\u00e1t viselnek<\/span><\/h2>\n<p><span style=\"color: #000000;\"><img decoding=\"async\" src=\"https:\/\/docerp.s3.amazonaws.com\/erp\/cms\/92ca8a55-2778-4424-b29a-4c25ce738b9c.webp\" alt=\"frank sinatra toupee\" width=\"700\" \/><\/span><\/p>\n<p><span style=\"color: #000000;\">Nem ritka, hogy a h\u00edress\u00e9gek par\u00f3k\u00e1t vagy hajd\u00edszeket viselnek megjelen\u00e9s\u00fck fokoz\u00e1sa \u00e9rdek\u00e9ben. Frank Sinatra nem volt egyed\u00fcl ezzel a gyakorlattal. N\u00e9h\u00e1ny figyelemre m\u00e9lt\u00f3 h\u00edress\u00e9g, akikr\u0151l ismert volt, hogy par\u00f3k\u00e1t viselnek, t\u00f6bbek k\u00f6z\u00f6tt Ted Danson, John Wayne \u00e9s Dean Martin. Ezek a szem\u00e9lyek, ak\u00e1rcsak Sinatra, hajd\u00edszeket v\u00e1lasztottak, hogy meg\u0151rizz\u00e9k k\u00edv\u00e1nt megjelen\u00e9s\u00fcket.<\/span><\/p>\n<p><span style=\"color: #ff0000;\"><strong>Olvassa el is<\/strong><\/span><span style=\"color: #333333;\">: <strong><a href=\"https:\/\/blog.rehairsystem.com\/hu\/ki-hord-parokat-fox-hirek\/\" target=\"_blank\" rel=\"noopener\">Ki hord par\u00f3k\u00e1t a Fox News-on<\/a>?<\/strong><\/span><\/p>\n<h2><span style=\"color: #000000;\">Where to Buy Frank Sinatra&#8217;s Toupee?<\/span><\/h2>\n<p><span style=\"color: #000000;\">For those who admire Frank Sinatra&#8217;s style and are considering purchasing a toupee, the <span style=\"color: #333333; background-color: #ffff00;\"><strong>Rehairsystem<\/strong><\/span> toupee store offers an opportunity to own a hairpiece inspired by the legendary singer. With its range of customized options and high-quality craftsmanship, our toupee store can provide a toupee reminiscent of Sinatra&#8217;s iconic hair.<\/span><\/p>\n<p><span style=\"color: #000000;\">We offer exceptional craftsmanship, using only the finest materials to create natural-looking hairpieces. With their meticulous attention to detail and dedication to customer satisfaction, our toupee store ensures that the essence of Sinatra&#8217;s style is captured in every toupee we create.<\/span><\/p>\n<h2><span style=\"color: #000000;\">K\u00f6vetkeztet\u00e9s<\/span><\/h2>\n<p><span style=\"color: #000000;\">While Frank Sinatra&#8217;s toupee may have been a well-kept secret during his lifetime, the truth behind his iconic hairstyle is now revealed. Whether it was to maintain his image or to compensate for natural hair loss, Sinatra&#8217;s use of toupees did not diminish his talent or his status as a music legend. Today, we can appreciate the dedication he had to his appearance and the lasting impact he made on the world of entertainment.<\/span><\/p>","protected":false},"excerpt":{"rendered":"<p>Frank Sinatra, an iconic figure in the world of music and entertainment, left an indelible mark on the industry with his smooth voice and charismatic &#8230; <a title=\"Frank Sinatra&#8217;s Toupee: Did the Legend Wear A Wig?\" class=\"read-more\" href=\"https:\/\/blog.rehairsystem.com\/hu\/frank-sinatra-toupee-a-legenda-parokat-hordott\/\" aria-label=\"Tov\u00e1bb Frank Sinatra&#8217;s Toupee: Did the Legend Wear A Wig?\">Olvass tov\u00e1bb<\/a><\/p>","protected":false},"author":2,"featured_media":6297,"comment_status":"closed","ping_status":"closed","sticky":false,"template":"","format":"standard","meta":[],"categories":[1],"tags":[191],"_links":{"self":[{"href":"https:\/\/blog.rehairsystem.com\/hu\/wp-json\/wp\/v2\/posts\/6296"}],"collection":[{"href":"https:\/\/blog.rehairsystem.com\/hu\/wp-json\/wp\/v2\/posts"}],"about":[{"href":"https:\/\/blog.rehairsystem.com\/hu\/wp-json\/wp\/v2\/types\/post"}],"author":[{"embeddable":true,"href":"https:\/\/blog.rehairsystem.com\/hu\/wp-json\/wp\/v2\/users\/2"}],"replies":[{"embeddable":true,"href":"https:\/\/blog.rehairsystem.com\/hu\/wp-json\/wp\/v2\/comments?post=6296"}],"version-history":[{"count":4,"href":"https:\/\/blog.rehairsystem.com\/hu\/wp-json\/wp\/v2\/posts\/6296\/revisions"}],"predecessor-version":[{"id":6699,"href":"https:\/\/blog.rehairsystem.com\/hu\/wp-json\/wp\/v2\/posts\/6296\/revisions\/6699"}],"wp:featuredmedia":[{"embeddable":true,"href":"https:\/\/blog.rehairsystem.com\/hu\/wp-json\/wp\/v2\/media\/6297"}],"wp:attachment":[{"href":"https:\/\/blog.rehairsystem.com\/hu\/wp-json\/wp\/v2\/media?parent=6296"}],"wp:term":[{"taxonomy":"category","embeddable":true,"href":"https:\/\/blog.rehairsystem.com\/hu\/wp-json\/wp\/v2\/categories?post=6296"},{"taxonomy":"post_tag","embeddable":true,"href":"https:\/\/blog.rehairsystem.com\/hu\/wp-json\/wp\/v2\/tags?post=6296"}],"curies":[{"name":"wp","href":"https:\/\/api.w.org\/{rel}","templated":true}]}}