{"id":6632,"date":"2023-07-12T08:59:14","date_gmt":"2023-07-12T08:59:14","guid":{"rendered":"https:\/\/blog.rehairsystem.com\/?p=6632"},"modified":"2023-08-03T03:34:20","modified_gmt":"2023-08-03T03:34:20","slug":"unlocking-the-secrets-of-synthetic-hair","status":"publish","type":"post","link":"https:\/\/blog.rehairsystem.com\/hu\/a-szintetikus-haj-titkok-feltarasa\/","title":{"rendered":"Felt\u00e1rjuk a szintetikus haj titkait"},"content":{"rendered":"<p><span style=\"color: #000000;\">A szintetikus haj n\u00e9pszer\u0171 v\u00e1laszt\u00e1s\u00e1v\u00e1 v\u00e1lt azok sz\u00e1m\u00e1ra, akik sokoldal\u00fa \u00e9s k\u00f6lts\u00e9ghat\u00e9kony alternat\u00edv\u00e1t keresnek a term\u00e9szetes haj helyett. Innent\u0151l a szintetikus haj titkaiba fogunk belemer\u00fclni, felt\u00e1rva defin\u00edci\u00f3j\u00e1t, t\u00f6rt\u00e9net\u00e9t, t\u00edpusait, el\u0151nyeit, n\u00e9pszer\u0171 st\u00edlusait, \u00e1pol\u00e1si tippjeit, valamint azt, hogy mik\u00e9nt hasonl\u00edt az emberi hajhoz.<\/span><\/p>\n<h2><span style=\"color: #000000;\">Mi az a szintetikus haj?<\/span><\/h2>\n<p><span style=\"color: #000000;\"><a href=\"https:\/\/blog.rehairsystem.com\/hu\/a-szintetikus-haj-titkok-feltarasa\/\" target=\"_blank\" rel=\"noopener\"><span style=\"color: #ff0000;\"><strong>Szintetikus haj<\/strong><\/span><\/a> olyan sz\u00e1lakb\u00f3l k\u00e9sz\u00fclt hajhosszabb\u00edt\u00e1sokra vagy par\u00f3k\u00e1kra utal, amelyek nem embert\u0151l vagy \u00e1llatt\u00f3l sz\u00e1rmaznak. Ezeket a sz\u00e1lakat gyakran k\u00fcl\u00f6nf\u00e9le szintetikus anyagok, p\u00e9ld\u00e1ul nylon, poli\u00e9szter \u00e9s akril kever\u00e9k\u00e9b\u0151l k\u00e9sz\u00edtik.<\/span><\/p>\n<p><span style=\"color: #000000;\">A szintetikus haj a term\u00e9szetes haj megjelen\u00e9s\u00e9t \u00e9s tapint\u00e1s\u00e1t ut\u00e1nozza, k\u00f6lts\u00e9ghat\u00e9kony alternat\u00edv\u00e1t k\u00edn\u00e1lva azok sz\u00e1m\u00e1ra, akik k\u00fcl\u00f6nf\u00e9le frizur\u00e1kkal \u00e9s sz\u00ednekkel szeretn\u00e9nek k\u00eds\u00e9rletezni.<\/span><\/p>\n<h2><span style=\"color: #000000;\">A szintetikus haj t\u00f6rt\u00e9nete<\/span><\/h2>\n<p><span style=\"color: #000000;\">A szintetikus haj t\u00f6rt\u00e9nete a 20. sz\u00e1zad elej\u00e9re vezethet\u0151 vissza. \u00cdme egy r\u00f6vid \u00fctemterv a fejleszt\u00e9sr\u0151l:<\/span><\/p>\n<ol>\n<li><span style=\"color: #000000;\">20. sz\u00e1zad eleje: Az 1920-as \u00e9vekben Jap\u00e1nban fejlesztett\u00e9k ki az els\u0151 szintetikus hajanyagot, a Kanekalont.<\/span><\/li>\n<li><span style=\"color: #000000;\">1940-1950-es \u00e9vek: A m\u00e1sodik vil\u00e1gh\u00e1bor\u00fa alatt a term\u00e9szetes haj hi\u00e1nya miatt jelent\u0151sen megn\u0151tt a szintetikus haj ir\u00e1nti kereslet.<\/span><\/li>\n<li><span style=\"color: #000000;\">1960-1970-es \u00e9vek: A par\u00f3k\u00e1k \u00e9s hajhosszabb\u00edt\u00e1sok n\u00e9pszer\u0171s\u00e9ge gyorsan n\u0151tt a divatiparban. K\u00fcl\u00f6nf\u00e9le szintetikus sz\u00e1lak ker\u00fcltek bevezet\u00e9sre, mint p\u00e9ld\u00e1ul a Futura \u00e9s a Toyokalon, amelyek jobb h\u0151\u00e1ll\u00f3s\u00e1got \u00e9s form\u00e1z\u00e1si k\u00e9pess\u00e9geket k\u00edn\u00e1lnak.<\/span><\/li>\n<li><span style=\"color: #000000;\">1980-1990-es \u00e9vek: A technol\u00f3giai fejl\u0151d\u00e9s lehet\u0151v\u00e9 tette a h\u0151bar\u00e1t szintetikus sz\u00e1lak bevezet\u00e9s\u00e9t. Ezek a sz\u00e1lak egy bizonyos h\u0151m\u00e9rs\u00e9kletig ellen\u00e1llnak a h\u0151nek, \u00edgy a felhaszn\u00e1l\u00f3k forr\u00f3 hajform\u00e1z\u00f3 eszk\u00f6z\u00f6ket haszn\u00e1lhatnak szintetikus hajukon.<\/span><\/li>\n<li><span style=\"color: #000000;\">2000-es \u00e9vek \u2013 Jelenkor: A folyamatos kutat\u00e1s \u00e9s fejleszt\u00e9s r\u00e9v\u00e9n a szintetikus haj hihetetlen\u00fcl fejlett. A speci\u00e1lis vari\u00e1ci\u00f3k, mint p\u00e9ld\u00e1ul a h\u0151\u00e1ll\u00f3 szintetikus haj \u00e9s a csipk\u00e9s el\u00fcls\u0151 par\u00f3k\u00e1k egyre n\u00e9pszer\u0171bbek, t\u00f6bb lehet\u0151s\u00e9get k\u00edn\u00e1lva a form\u00e1z\u00e1sra \u00e9s a sokoldal\u00fas\u00e1gra.<\/span><\/li>\n<\/ol>\n<h2><span style=\"color: #000000;\">Szintetikus hajanyagok<\/span><\/h2>\n<p><span style=\"color: #000000;\">Ez csak n\u00e9h\u00e1ny p\u00e9lda az \u00e9vek sor\u00e1n felfedezett \u00e9s kifejlesztett k\u00fcl\u00f6nf\u00e9le szintetikus hajanyagokb\u00f3l.<\/span><\/p>\n<ul>\n<li><span style=\"color: #000000;\"><em>Futura<\/em>: A Futura egy h\u0151\u00e1ll\u00f3 szintetikus sz\u00e1l, amely lehet\u0151v\u00e9 teszi form\u00e1z\u00f3 eszk\u00f6z\u00f6k, p\u00e9ld\u00e1ul hajs\u00fct\u0151vas \u00e9s hajvasal\u00f3 haszn\u00e1lat\u00e1t s\u00e9r\u00fcl\u00e9s n\u00e9lk\u00fcl.<\/span><\/li>\n<li><span style=\"color: #000000;\"><em>Magas h\u0151m\u00e9rs\u00e9klet\u0171 szintetikus sz\u00e1l<\/em>: Ez egy \u00e1ltal\u00e1nos kateg\u00f3ria, amely mag\u00e1ban foglalja a k\u00fcl\u00f6nb\u00f6z\u0151 szintetikus hajanyagokat, amelyeket \u00fagy terveztek, hogy ellen\u00e1lljanak a magas h\u0151nek.<\/span><\/li>\n<li><span style=\"color: #000000;\"><em>H\u0151bar\u00e1t szintetikus sz\u00e1l<\/em>: A magas h\u0151m\u00e9rs\u00e9klet\u0171 szintetikus sz\u00e1lakhoz hasonl\u00f3an ez a fajta szintetikus hajanyag is ellen\u00e1ll a m\u00e9rs\u00e9kelt h\u0151nek.<\/span><\/li>\n<li><span style=\"color: #000000;\"><em>Heat-to-Curl szintetikus sz\u00e1l<\/em>: Ez az innovat\u00edv szintetikus hajanyag h\u0151 hat\u00e1s\u00e1ra egyenesb\u0151l g\u00f6nd\u00f6rr\u00e9 v\u00e1ltozhat.<\/span><\/li>\n<li><span style=\"color: #000000;\"><em>Monofil szintetikus haj<\/em>: A monofil a par\u00f3k\u00e1k \u00e9s hajsz\u00e1lak gy\u00e1rt\u00e1s\u00e1n\u00e1l alkalmazott \u00e9p\u00edt\u00e9si m\u00f3dra utal.<\/span><\/li>\n<\/ul>\n<h2><span style=\"color: #000000;\">A k\u00fcl\u00f6nb\u00f6z\u0151 t\u00edpusok<\/span><\/h2>\n<p><span style=\"color: #000000;\"><img decoding=\"async\" src=\"https:\/\/docerp.s3.amazonaws.com\/erp\/cms\/449a1243-3d2e-40b7-a49e-03c2cfcfce61.webp\" alt=\"Szintetikus haj\" width=\"700\" \/><\/span><\/p>\n<h3><span style=\"color: #000000;\">H\u0151\u00e1ll\u00f3 szintetikus haj<\/span><\/h3>\n<p><span style=\"color: #000000;\">A szintetikus haj egyik legleny\u0171g\u00f6z\u0151bb titka a h\u0151\u00e1ll\u00f3 k\u00e9pess\u00e9ge. A h\u0151\u00e1ll\u00f3 szintetikus haj forradalmi megold\u00e1s a fodr\u00e1szatban, mivel ellen\u00e1ll a magas h\u0151m\u00e9rs\u00e9kletnek. Lehet\u0151v\u00e9 teszi az egy\u00e9neknek, hogy forr\u00f3 eszk\u00f6z\u00f6kkel kiegyenes\u00edts\u00e9k, g\u00f6nd\u00f6r\u00edts\u00e9k vagy form\u00e1zz\u00e1k a hajukat an\u00e9lk\u00fcl, hogy k\u00e1ros\u00edtan\u00e1k vagy elvesz\u00edten\u00e9k term\u00e9szetes form\u00e1jukat. Ez a fajta szintetikus haj t\u00f6k\u00e9letes azok sz\u00e1m\u00e1ra, akik szeretnek k\u00fcl\u00f6nb\u00f6z\u0151 megjelen\u00e9sekkel k\u00eds\u00e9rletezni, \u00e9s gyakran v\u00e1ltoztatj\u00e1k frizur\u00e1ikat.<\/span><\/p>\n<h3><span style=\"color: #000000;\">Kanekalon szintetikus haj<\/span><\/h3>\n<p><span style=\"color: #000000;\">A Kanekalon szintetikus hajat magas min\u0151s\u00e9ge \u00e9s tart\u00f3ss\u00e1ga miatt sz\u00e9les k\u00f6rben a hajhosszabb\u00edt\u00e1s legjobb v\u00e1laszt\u00e1s\u00e1nak tartj\u00e1k. Nagyon hasonl\u00edt az emberi hajra, term\u00e9szetes \u00e9s z\u00f6kken\u0151mentes kever\u00e9ket biztos\u00edt, ha a megl\u00e9v\u0151 hajhoz adjuk. Sokoldal\u00fas\u00e1ga k\u00fcl\u00f6nf\u00e9le form\u00e1z\u00e1si lehet\u0151s\u00e9geket tesz lehet\u0151v\u00e9, mint p\u00e9ld\u00e1ul fonat, csavar\u00e1s vagy felh\u00faz\u00e1s. L\u00e1gy text\u00far\u00e1j\u00e1val \u00e9s \u00e9l\u00e9nk sz\u00edneivel a Kanekalon szintetikus haj n\u00e9pszer\u0171 v\u00e1laszt\u00e1s a stylistok \u00e9s a megjelen\u00e9s\u00fcket jav\u00edtani v\u00e1gy\u00f3 egy\u00e9nek k\u00f6r\u00e9ben.<\/span><\/p>\n<h3><span style=\"color: #000000;\">Toyokalon szintetikus haj<\/span><\/h3>\n<p><span style=\"color: #000000;\">A Toyokalon szintetikus haj p\u00e9nzt\u00e1rcabar\u00e1t alternat\u00edv\u00e1t k\u00edn\u00e1l azok sz\u00e1m\u00e1ra, akik fonat st\u00edlust keresnek. K\u00f6nny\u0171 \u00e9s sima text\u00far\u00e1j\u00e1nak k\u00f6sz\u00f6nhet\u0151en k\u00f6nny\u0171 vele dolgozni, \u00e9s sz\u00e9p befejez\u00e9st biztos\u00edt a fonott frizur\u00e1k sz\u00e1m\u00e1ra. Annak ellen\u00e9re, hogy megfizethet\u0151bb, a Toyokalon szintetikus haj m\u00e9g mindig term\u00e9szetes megjelen\u00e9ssel \u00e9s hossz\u00fa \u00e9lettartammal b\u00fcszk\u00e9lkedhet. Megb\u00edzhat\u00f3 lehet\u0151s\u00e9g azok sz\u00e1m\u00e1ra, akik a p\u00e9nz felt\u00f6r\u00e9se n\u00e9lk\u00fcl szeretn\u00e9nek kipr\u00f3b\u00e1lni k\u00fcl\u00f6nb\u00f6z\u0151 fonatmint\u00e1kat.<\/span><\/p>\n<h2><span style=\"color: #000000;\">Az el\u0151ny\u00f6k<\/span><\/h2>\n<h3><span style=\"color: #000000;\">Alacsony karbantart\u00e1si ig\u00e9ny \u00e9s hossz\u00fa \u00e9lettartam<\/span><\/h3>\n<p><span style=\"color: #000000;\">El\u0151sz\u00f6r is, a szintetikus haj egyik f\u0151 el\u0151nye az alacsony karbantart\u00e1si ig\u00e9ny. A term\u00e9szetes hajjal ellent\u00e9tben a szintetikus tincsek nem ig\u00e9nyelnek rendszeres mos\u00e1st, kondicion\u00e1l\u00e1st vagy form\u00e1z\u00e1st. Egy gyors r\u00e1z\u00e1ssal vagy ecsettel a szintetikus par\u00f3k\u00e1k vagy hosszabb\u00edt\u00f3k azonnal visszanyerhetik eredeti st\u00edlusukat.<\/span><\/p>\n<p><span style=\"color: #000000;\">Ezenk\u00edv\u00fcl a szintetikus haj kiv\u00e9teles tart\u00f3ss\u00e1got \u00e9s hossz\u00fa \u00e9lettartamot biztos\u00edt. A term\u00e9szetes hajjal ellent\u00e9tben, amely id\u0151vel t\u00f6r\u00e9kenny\u00e9 \u00e9s gyeng\u00e9v\u00e9 v\u00e1lhat, a szintetikus haj hossz\u00fa ideig meg\u0151rzi min\u0151s\u00e9g\u00e9t \u00e9s alakj\u00e1t.<\/span><\/p>\n<h3><span style=\"color: #000000;\">K\u00f6lts\u00e9ghat\u00e9kony<\/span><\/h3>\n<p><span style=\"color: #000000;\">Amellett, hogy kev\u00e9s karbantart\u00e1st ig\u00e9nyel \u00e9s tart\u00f3s, a szintetikus haj m\u00e1sik jelent\u0151s el\u0151nye a k\u00f6lts\u00e9ghat\u00e9konys\u00e1ga. Az emberi hajb\u00f3l k\u00e9sz\u00fclt par\u00f3k\u00e1kkal \u00e9s -hosszabb\u00edt\u00e1sokkal \u00f6sszehasonl\u00edtva a szintetikus term\u00e9kek l\u00e9nyegesen kedvez\u0151bbek. Ez nagyszer\u0171 alternat\u00edv\u00e1v\u00e1 teszi azok sz\u00e1m\u00e1ra, akik p\u00e9nzt\u00e1rcak\u00edm\u00e9l\u0151ek, vagy mindazok sz\u00e1m\u00e1ra, akik szeretn\u00e9nek k\u00eds\u00e9rletezni k\u00fcl\u00f6nb\u00f6z\u0151 frizur\u00e1kokkal an\u00e9lk\u00fcl, hogy a p\u00e9nzt megtenn\u00e9k.<\/span><\/p>\n<h3><span style=\"color: #000000;\">Sokoldal\u00fas\u00e1g \u00e9s v\u00e9gtelen form\u00e1z\u00e1si lehet\u0151s\u00e9gek<\/span><\/h3>\n<p><span style=\"color: #000000;\">A modern szintetikus haj ut\u00e1nozhatja az emberi haj szerkezet\u00e9t, f\u00e9ny\u00e9t \u00e9s mozg\u00e1s\u00e1t, \u00edgy k\u00f6nnyed\u00e9n v\u00e1ltoztathat st\u00edlus\u00e1n. A sima \u00e9s egyenes hajt\u00f3l a g\u00f6nd\u00f6r \u00e9s terjedelmes hajig a szintetikus haj sz\u00e1mos form\u00e1z\u00e1si lehet\u0151s\u00e9get k\u00edn\u00e1l, hogy b\u00e1rmilyen alkalomhoz vagy hangulathoz illeszkedjen.<\/span><\/p>\n<p><span style=\"color: #ff0000;\"><strong>L\u00e1sd m\u00e9g<\/strong><\/span><span style=\"color: #000000;\">: <span style=\"color: #333333;\"><em><strong><a style=\"color: #333333;\" href=\"https:\/\/blog.rehairsystem.com\/hu\/hair-patch-what-is-it-how-long-does-it-last\/\" target=\"_blank\" rel=\"noopener\">Hajtapasz kezel\u00e9s \u00e9s m\u0171k\u00f6d\u00e9se<\/a>?<\/strong><\/em><\/span><\/span><\/p>\n<h2><span style=\"color: #000000;\">N\u00e9pszer\u0171 st\u00edlusok \u00e9s trendek a szintetikus hajban<\/span><\/h2>\n<h3><span style=\"color: #000000;\">A szintetikus csipke els\u0151 par\u00f3k\u00e1k felemelked\u00e9se<\/span><\/h3>\n<p><span style=\"color: #000000;\">A szintetikus haj vil\u00e1ga forradalmi v\u00e1ltoz\u00e1son ment kereszt\u00fcl a csipke els\u0151 par\u00f3k\u00e1k megjelen\u00e9s\u00e9vel. Ezek a par\u00f3k\u00e1k z\u00f6kken\u0151mentes, term\u00e9szetes megjelen\u00e9s\u0171 hajvonalat biztos\u00edtanak, amely szinte \u00e9szrevehetetlen. A szintetikus csipk\u00e9b\u0151l k\u00e9sz\u00fclt el\u00fcls\u0151 par\u00f3k\u00e1kkal k\u00f6nnyed\u00e9n \u00e9rhetsz el hib\u00e1tlan \u00e9s val\u00f3s\u00e1gh\u0171 megjelen\u00e9st an\u00e9lk\u00fcl, hogy \u00f3r\u00e1kat kellene a frizur\u00e1val t\u00f6ltened. Ezek a par\u00f3k\u00e1k mindenki kedvenc v\u00e1laszt\u00e1s\u00e1v\u00e1 v\u00e1ltak, aki k\u00f6nnyed\u00e9n szeretn\u00e9 megv\u00e1ltoztatni a frizur\u00e1j\u00e1t.<\/span><\/p>\n<h3><span style=\"color: #000000;\">Ombre \u00e9s fant\u00e1zia sz\u00ednek<\/span><\/h3>\n<p><span style=\"color: #000000;\">Egy m\u00e1sik izgalmas trend a szintetikus haj vil\u00e1g\u00e1ban az ombre \u00e9s a fantasy sz\u00ednek felfedez\u00e9se. Hagyom\u00e1nyosan a term\u00e9szetes hajsz\u00ednek uralt\u00e1k a par\u00f3kapiacot. A szintetikus haj eset\u00e9ben azonban a lehet\u0151s\u00e9gek v\u00e9gtelenek. Az \u00e9l\u00e9nk \u00e1rnyalatokkal, p\u00e9ld\u00e1ul a pasztell r\u00f3zsasz\u00ednekkel, a sell\u0151k\u00e9kekkel \u00e9s a t\u0171zpirosokkal val\u00f3 k\u00eds\u00e9rletez\u00e9s rendk\u00edv\u00fcl n\u00e9pszer\u0171v\u00e9 v\u00e1lt. Ezek a fant\u00e1ziasz\u00ednek lehet\u0151v\u00e9 teszik az emberek sz\u00e1m\u00e1ra, hogy kifejezz\u00e9k egyedi szem\u00e9lyis\u00e9g\u00fcket, \u00e9s egy csipetnyi k\u00fcl\u00f6ncs\u00e9get adnak \u00f6sszk\u00e9p\u00fckh\u00f6z.<\/span><\/p>\n<h3><span style=\"color: #000000;\">Fejlett st\u00edlustechnik\u00e1k<\/span><\/h3>\n<p><span style=\"color: #000000;\">R\u00e1ad\u00e1sul a fejlett hajform\u00e1z\u00f3 technik\u00e1k forradalmas\u00edtott\u00e1k a szintetikus hajr\u00f3l alkotott gondolkod\u00e1sunkat. A m\u00faltban szinte lehetetlennek t\u0171nt szintetikus hajjal bonyolult felfriss\u00edt\u00e9sek \u00e9s kidolgozott frizur\u00e1k elk\u00e9sz\u00edt\u00e9se. A szintetikus hajjal k\u00f6nnyed\u00e9n k\u00e9sz\u00edthet leny\u0171g\u00f6z\u0151 felfriss\u00edt\u00e9seket, fonatokat \u00e9s m\u00e9g bonyolult f\u00fcrt\u00f6ket is, amelyek felveszik a versenyt a term\u00e9szetes hajjal el\u00e9rtekkel.<\/span><\/p>\n<h2><span style=\"color: #000000;\">Szintetikus haj \u00e1pol\u00e1sa<\/span><\/h2>\n<p><span style=\"color: #000000;\">Ha szintetikus hajr\u00f3l van sz\u00f3, a megfelel\u0151 \u00e1pol\u00e1s elengedhetetlen a min\u0151s\u00e9g\u00e9nek meg\u0151rz\u00e9s\u00e9hez \u00e9s \u00e9lettartam\u00e1nak meghosszabb\u00edt\u00e1s\u00e1hoz. A szintetikus haj \u00e1pol\u00e1s\u00e1nak egyik legfontosabb szempontja a mos\u00e1s \u00e9s kondicion\u00e1l\u00e1s. A term\u00e9szetes hajt\u00f3l elt\u00e9r\u0151en a szintetikus haj speci\u00e1lis term\u00e9keket \u00e9s technik\u00e1kat ig\u00e9nyel a hossz\u00fa \u00e9lettartam \u00e9rdek\u00e9ben.<\/span><\/p>\n<h3><span style=\"color: #000000;\">A megfelel\u0151 mos\u00e1si \u00e9s kondicion\u00e1l\u00e1si technik\u00e1k<\/span><\/h3>\n<p><span style=\"color: #000000;\"><em><span style=\"text-decoration: underline;\">A megfelel\u0151 mos\u00e1si technik\u00e1k:<\/span><\/em><\/span><\/p>\n<ul>\n<li><span style=\"color: #000000;\">A szintetikus hajmos\u00e1shoz el\u0151sz\u00f6r \u00f3vatosan \u00f6bl\u00edtse le hideg v\u00edzzel.<\/span><\/li>\n<li><span style=\"color: #000000;\">Ker\u00fclje a forr\u00f3 v\u00edz haszn\u00e1lat\u00e1t, mert k\u00e1ros\u00edthatja a sz\u00e1lakat.<\/span><\/li>\n<li><span style=\"color: #000000;\">Haszn\u00e1ljon enyhe sampont, amelyet kifejezetten szintetikus hajra terveztek, \u00e9s habos\u00edtsa fel a kez\u00e9ben, miel\u0151tt felvinn\u00e9 a hajra.<\/span><\/li>\n<li><span style=\"color: #000000;\">Gyeng\u00e9den massz\u00edrozza be a sampont a hajba, \u00fcgyelve arra, hogy minden sz\u00e1lat befedjen.<\/span><\/li>\n<li><span style=\"color: #000000;\">Alaposan \u00f6bl\u00edtse le hideg v\u00edzzel, t\u00e1vol\u00edtsa el a sampon nyomait.<\/span><\/li>\n<\/ul>\n<p><span style=\"color: #000000;\"><em><span style=\"text-decoration: underline;\">A megfelel\u0151 kondicion\u00e1l\u00f3 technik\u00e1k:<\/span><\/em><\/span><\/p>\n<ul>\n<li><span style=\"color: #000000;\">V\u00e1lasszon egy speci\u00e1lisan szintetikus hajra kifejlesztett kondicion\u00e1l\u00f3t, \u00e9s vigye fel b\u0151s\u00e9gesen.<\/span><\/li>\n<li><span style=\"color: #000000;\">Hagyja hatni a kondicion\u00e1l\u00f3t n\u00e9h\u00e1ny percig, miel\u0151tt alaposan \u00f6bl\u00edtse ki.<\/span><\/li>\n<li><span style=\"color: #000000;\">Ker\u00fclje a b\u0151r\u00f6n hagyhat\u00f3 kondicion\u00e1l\u00f3k haszn\u00e1lat\u00e1t, mert elnehez\u00edthetik a szintetikus hajat, \u00e9s zs\u00edross\u00e1 tehetik azt.<\/span><\/li>\n<\/ul>\n<h3><span style=\"color: #000000;\">Tippek az \u00f6sszegabalyod\u00e1s elker\u00fcl\u00e9s\u00e9re \u00e9s a s\u00farl\u00f3d\u00e1s minimaliz\u00e1l\u00e1s\u00e1ra<\/span><\/h3>\n<ol>\n<li><span style=\"color: #000000;\">Haszn\u00e1ljon sz\u00e9les fog\u00fa f\u00e9s\u0171t vagy kifejezetten szintetikus hajra tervezett kef\u00e9t.<\/span><\/li>\n<li><span style=\"color: #000000;\">A szintetikus hajmos\u00e1s el\u0151tt gy\u0151z\u0151dj\u00f6n meg r\u00f3la, hogy megfelel\u0151en kibontotta. Haszn\u00e1ljon gubanctalan\u00edt\u00f3 sprayt vagy hagyhat\u00f3 kondicion\u00e1l\u00f3t, hogy elsim\u00edtsa a gubancokat.<\/span><\/li>\n<li><span style=\"color: #000000;\">Alaposan \u00f6bl\u00edtse le a hajat, hogy elt\u00e1vol\u00edtsa a sampon minden nyom\u00e1t.<\/span><\/li>\n<li><span style=\"color: #000000;\">Mos\u00e1s ut\u00e1n vigyen fel egy kis mennyis\u00e9g\u0171 kondicion\u00e1l\u00f3t, elker\u00fclve a gy\u00f6kereket.<\/span><\/li>\n<li><span style=\"color: #000000;\">Ker\u00fclje a t\u00falzott h\u0151form\u00e1z\u00e1st szintetikus hajon, mivel ez k\u00e1ros\u00edthatja a sz\u00e1lakat, \u00e9s hajlamoss\u00e1 teheti a haj gubancol\u00f3d\u00e1s\u00e1t.<\/span><\/li>\n<li><span style=\"color: #000000;\">Tartsa l\u00e9g\u00e1tereszt\u0151 t\u00e1rol\u00f3t\u00e1sk\u00e1ban, vagy akassza fel par\u00f3ka\u00e1llv\u00e1nyra, hogy meg\u0151rizze form\u00e1j\u00e1t \u00e9s megakad\u00e1lyozza az \u00f6sszegabalyod\u00e1st.<\/span><\/li>\n<\/ol>\n<h3><span style=\"color: #000000;\">A szintetikus haj \u00e1pol\u00e1s\u00e1ra aj\u00e1nlott term\u00e9kek \u00e9s eszk\u00f6z\u00f6k<\/span><\/h3>\n<ul>\n<li><span style=\"color: #000000;\">Synthetic hair shampoo and conditioner &#8211; These are specially formulated for synthetic hair and help to keep it clean and soft.<\/span><\/li>\n<li><span style=\"color: #000000;\">Synthetic hair detangler &#8211; This helps to remove any tangles or knots in your synthetic hair without causing damage.<\/span><\/li>\n<li><span style=\"color: #000000;\">Wig brush or wide-tooth comb &#8211; These tools are gentle on synthetic hair and help to brush out any tangles or knots.<\/span><\/li>\n<li><span style=\"color: #000000;\">Heat-resistant synthetic hair spray &#8211; If you want to style your synthetic hair with heat styling tools, such as curling irons or straighteners, this spray helps protect the hair from damage.<\/span><\/li>\n<li><span style=\"color: #000000;\">Synthetic hair repair kit &#8211; This includes items like adhesive or tape for repairing any tears or loose strands in your synthetic hair.<\/span><\/li>\n<li><span style=\"color: #000000;\">Wig grip band or wig clips &#8211; These accessories help to secure your synthetic hair in place and prevent it from slipping or moving around on your head.<\/span><\/li>\n<\/ul>\n<h2><span style=\"color: #000000;\">Szintetikus haj kontra emberi haj: \u00f6sszehasonl\u00edt\u00e1s<\/span><\/h2>\n<p><span style=\"color: #000000;\">When it comes to selecting the perfect hair extensions or wigs, there are two popular choices: synthetic hair and human hair. Each has its own unique characteristics and advantages. Synthetic hair is made from various synthetic fibers, such as Kanekalon, Toyokalon, or Futura. On the other hand, human hair is sourced from real human donors. Let&#8217;s delve into the pros and cons of synthetic hair compared to human hair to help you make an informed decision.<\/span><\/p>\n<h3><span style=\"color: #000000;\">A szintetikus haj el\u0151nyei \u00e9s h\u00e1tr\u00e1nyai az emberi hajhoz k\u00e9pest<\/span><\/h3>\n<p><span style=\"color: #000000;\"><em><span style=\"text-decoration: underline;\">A szintetikus haj el\u0151nyei az emberi hajhoz k\u00e9pest:<\/span><\/em><\/span><\/p>\n<ol>\n<li><span style=\"color: #000000;\">Megfizethet\u0151s\u00e9g: A szintetikus haj \u00e1ltal\u00e1ban olcs\u00f3bb, mint az emberi haj, \u00edgy olcs\u00f3bb megold\u00e1s.<\/span><\/li>\n<li><span style=\"color: #000000;\">Alacsony karbantart\u00e1si ig\u00e9ny: A szintetikus haj kevesebb karbantart\u00e1st \u00e9s form\u00e1z\u00e1st ig\u00e9nyel, mint az emberi haj. Meg\u0151rzi st\u00edlus\u00e1t, \u00edgy k\u00e9nyelmesebb\u00e9 teszi azok sz\u00e1m\u00e1ra, akik a konfekci\u00f3s frizur\u00e1kat kedvelik.<\/span><\/li>\n<li><span style=\"color: #000000;\">V\u00e1ltozatos sz\u00ednek \u00e9s st\u00edlusok: A szintetikus haj az \u00e9l\u00e9nk sz\u00ednek \u00e9s st\u00edlusok sz\u00e9les sk\u00e1l\u00e1j\u00e1t k\u00edn\u00e1lja, amelyek nem biztos, hogy k\u00f6nnyen el\u00e9rhet\u0151k a term\u00e9szetes emberi hajban.<\/span><\/li>\n<li><span style=\"color: #000000;\">Nedvess\u00e9g\u00e1ll\u00f3s\u00e1g: A szintetikus hajra kev\u00e9sb\u00e9 hat a nedvess\u00e9g, \u00edgy a frizura v\u00e1ltozatos id\u0151j\u00e1r\u00e1si k\u00f6r\u00fclm\u00e9nyek k\u00f6z\u00f6tt is s\u00e9rtetlen marad.<\/span><\/li>\n<li><span style=\"color: #000000;\">Allergiamentes: A szintetikus haj hipoallerg\u00e9n, \u00edgy alkalmas az emberi hajra vagy a hajterm\u00e9kekben haszn\u00e1lt vegyszerekre allergi\u00e1s egy\u00e9nek sz\u00e1m\u00e1ra.<\/span><\/li>\n<\/ol>\n<p><span style=\"color: #000000;\"><em><span style=\"text-decoration: underline;\">A szintetikus haj h\u00e1tr\u00e1nyai az emberi hajhoz k\u00e9pest:<\/span><\/em><\/span><\/p>\n<ol>\n<li><span style=\"color: #000000;\">Korl\u00e1tozott \u00e9lettartam: A szintetikus haj r\u00f6videbb \u00e9lettartammal rendelkezik, mint az emberi haj. Id\u0151vel g\u00f6nd\u00f6r\u00f6dhet vagy \u00f6sszekusz\u00e1l\u00f3dhat, \u00e9s el\u0151fordulhat, hogy gyakrabban kell cser\u00e9lni.<\/span><\/li>\n<li><span style=\"color: #000000;\">H\u0151\u00e9rz\u00e9kenys\u00e9g: A szintetikus haj nem h\u0151\u00e1ll\u00f3, \u00e9s megs\u00e9r\u00fclhet, ha magas h\u0151m\u00e9rs\u00e9kletnek van kit\u00e9ve, ami korl\u00e1tozza az olyan eszk\u00f6z\u00f6k haszn\u00e1lat\u00e1t, mint a laposvas \u00e9s a hajs\u00fct\u0151p\u00e1lc\u00e1k.<\/span><\/li>\n<li><span style=\"color: #000000;\">Kev\u00e9sb\u00e9 term\u00e9szetes megjelen\u00e9s: A szintetikus hajb\u00f3l gyakran hi\u00e1nyzik az emberi haj term\u00e9szetes megjelen\u00e9se \u00e9s tapint\u00e1sa, ami \u00e9szrevehet\u0151bb\u00e9 teheti m\u00e1sok sz\u00e1m\u00e1ra.<\/span><\/li>\n<\/ol>\n<h3><span style=\"color: #000000;\">T\u00e9nyez\u0151k, amelyeket figyelembe kell venni, amikor a kett\u0151 k\u00f6z\u00f6tt d\u00f6nt\u00fcnk<\/span><\/h3>\n<ul>\n<li><span style=\"color: #000000;\"><span style=\"text-decoration: underline;\"><strong>K\u00f6lts\u00e9g<\/strong><\/span>: A szintetikus haj \u00e1ltal\u00e1ban olcs\u00f3bb, mint az emberi haj, \u00edgy a k\u00f6lts\u00e9gvet\u00e9s szerepet j\u00e1tszhat a d\u00f6nt\u00e9s\u00e9ben.<\/span><\/li>\n<li><span style=\"color: #000000;\"><span style=\"text-decoration: underline;\"><strong>Tart\u00f3ss\u00e1g<\/strong><\/span>: Az emberi haj jellemz\u0151en tov\u00e1bb tart, mint a szintetikus haj, k\u00fcl\u00f6n\u00f6sen megfelel\u0151 \u00e1pol\u00e1s \u00e9s karbantart\u00e1s mellett.<\/span><\/li>\n<li><span style=\"color: #000000;\"><span style=\"text-decoration: underline;\"><strong>A st\u00edlus sokoldal\u00fas\u00e1ga<\/strong><\/span>: Az emberi haj t\u00f6bb form\u00e1z\u00e1si lehet\u0151s\u00e9get k\u00edn\u00e1l, mivel a term\u00e9szetes hajhoz hasonl\u00f3an festhet\u0151, g\u00f6nd\u00f6r\u00edthet\u0151, kiegyenes\u00edthet\u0151 \u00e9s h\u0151form\u00e1zhat\u00f3. A szintetikus haj korl\u00e1tai vannak a h\u0151form\u00e1z\u00e1sban \u00e9s a testreszab\u00e1sban.<\/span><\/li>\n<li><span style=\"color: #000000;\"><span style=\"text-decoration: underline;\"><strong>Term\u00e9szetes megjelen\u00e9s<\/strong><\/span>e: M\u00edg a szintetikus haj val\u00f3s\u00e1gh\u0171bb\u00e9 fejl\u0151d\u00f6tt, az emberi haj m\u00e9g mindig term\u00e9szetesebb megjelen\u00e9st \u00e9s \u00e9rzetet ny\u00fajt.<\/span><\/li>\n<li><span style=\"color: #000000;\"><span style=\"text-decoration: underline;\"><strong>Karbantart\u00e1s<\/strong><\/span>: Az emberi haj t\u00f6bb \u00e1pol\u00e1st \u00e9s \u00e1pol\u00e1st ig\u00e9nyel, hogy a legjobban n\u00e9zzen ki, bele\u00e9rtve a rendszeres mos\u00e1st, kondicion\u00e1l\u00e1st \u00e9s form\u00e1z\u00e1st. A szintetikus hajat \u00e1ltal\u00e1ban k\u00f6nnyebb \u00e1polni.<\/span><\/li>\n<li><span style=\"color: #000000;\"><strong><span style=\"text-decoration: underline;\">Strukt\u00fara<\/span><\/strong>: Ha van egy adott hajszerkezete vagy g\u00f6nd\u00f6rs\u00e9gi mint\u00e1ja, amelyet hozz\u00e1 szeretne illeszteni, az emberi haj jobb v\u00e1laszt\u00e1s lehet, mivel t\u00f6bbf\u00e9le text\u00far\u00e1j\u00fa, p\u00e9ld\u00e1ul egyenes, hull\u00e1mos \u00e9s g\u00f6nd\u00f6r.<\/span><\/li>\n<\/ul>\n<h3><span style=\"color: #000000;\">Hogyan lehet megk\u00fcl\u00f6nb\u00f6ztetni a term\u00e9szetes emberi hajat a szintetikus hajt\u00f3l?<\/span><\/h3>\n<p><span style=\"color: #000000;\">Sz\u00e1mos m\u00f3dja van a term\u00e9szetes emberi haj \u00e9s a szintetikus haj megk\u00fcl\u00f6nb\u00f6ztet\u00e9s\u00e9nek:<\/span><\/p>\n<h4><span style=\"color: #000000;\">N\u00e9zz \u00e9s \u00e9rezz<\/span><\/h4>\n<p><span style=\"color: #000000;\">A term\u00e9szetes emberi haj val\u00f3s\u00e1gh\u0171bb \u00e9s term\u00e9szetesebb megjelen\u00e9s\u0171, mint a szintetikus haj. Puha \u00e9s sima text\u00far\u00e1ja van, hasonl\u00f3an a saj\u00e1t haj\u00e1hoz. Ezzel szemben a szintetikus haj gyakran csillog\u00f3bb, m\u0171anyagszer\u0171 megjelen\u00e9s\u0171, \u00e9s tapint\u00e1sra durv\u00e1bbnak t\u0171nik.<\/span><\/p>\n<h4><span style=\"color: #000000;\">H\u0151ellen\u00e1ll\u00e1s<\/span><\/h4>\n<p><span style=\"color: #000000;\">A term\u00e9szetes emberi hajat olyan eszk\u00f6z\u00f6kkel, p\u00e9ld\u00e1ul hajvasal\u00f3kkal vagy hajs\u00fct\u0151vasakkal lehet h\u0151form\u00e1zni, mint a saj\u00e1t haj\u00e1t. Ha h\u0151t pr\u00f3b\u00e1l alkalmazni a szintetikus hajra, az megolvadhat vagy meg\u00e9ghet, mivel nem h\u0151\u00e1ll\u00f3.<\/span><\/p>\n<h4><span style=\"color: #000000;\">\u00c1r<\/span><\/h4>\n<p><span style=\"color: #000000;\">A term\u00e9szetes emberi haj \u00e1ltal\u00e1ban dr\u00e1g\u00e1bb, mint a szintetikus haj. Ha a haj rendk\u00edv\u00fcl olcs\u00f3, akkor val\u00f3sz\u00edn\u0171bb, hogy szintetikus. Az \u00e1r azonban \u00f6nmag\u00e1ban nem mindig megb\u00edzhat\u00f3 mutat\u00f3, mivel egyes gyenge min\u0151s\u00e9g\u0171 vagy vegyes hajhosszabb\u00edt\u00e1sokat magasabb \u00e1ron lehet eladni.<\/span><\/p>\n<h4><span style=\"color: #000000;\">Sz\u00ednvari\u00e1ci\u00f3<\/span><\/h4>\n<p><span style=\"color: #000000;\">A term\u00e9szetes emberi hajnak \u00e1ltal\u00e1ban finomabb sz\u00ednv\u00e1ltozatai vannak, hasonl\u00f3an a term\u00e9szetes hajsz\u00ednhez. A szintetikus haj gyakran \u00e9l\u00e9nkebb \u00e9s egyenletesebb \u00e1rnyalat\u00fa, \u00edgy k\u00f6nnyebben \u00e9rhet el term\u00e9szetellenes sz\u00edneket.<\/span><\/p>\n<h4><span style=\"color: #000000;\">\u00c9g\u00e9si teszt<\/span><\/h4>\n<p><span style=\"color: #000000;\">Ez egy hat\u00e1rozottabb m\u00f3dja a kett\u0151 megk\u00fcl\u00f6nb\u00f6ztet\u00e9s\u00e9nek. V\u00e1gjunk le egy kis hajsz\u00e1lat, \u00e9s \u00e9gess\u00fck meg \u00f6ngy\u00fajt\u00f3val. A term\u00e9szetes emberi haj lassan \u00e9g le, ak\u00e1rcsak a saj\u00e1t haja, \u00e9s az \u00e9g\u0151 hajhoz hasonl\u00f3 szagot \u00e1raszt. A szintetikus haj viszont gyorsan megolvad, m\u0171anyagszer\u0171 szagot bocs\u00e1t ki, \u00e9s kih\u0171lve ak\u00e1r egy kis kem\u00e9ny goly\u00f3t is k\u00e9pezhet.<\/span><\/p>\n<h2><span style=\"color: #000000;\">Hol v\u00e1s\u00e1rolhat szintetikus hajhosszabb\u00edt\u00e1st?<\/span><\/h2>\n<p><img decoding=\"async\" src=\"https:\/\/docerp.s3.amazonaws.com\/erp\/cms\/9481bfbf-1e45-4eb4-b6f9-b5842a38e5e3.webp\" alt=\"V\u00e1s\u00e1roljon szintetikus hajat\" width=\"700\" \/><\/p>\n<p><span style=\"color: #000000;\">Amikor arra ker\u00fcl sor <strong>szintetikus hajhosszabb\u00edt\u00e1s v\u00e1s\u00e1rl\u00e1sa<\/strong>, az egyik legjobb lehet\u0151s\u00e9g <a href=\"https:\/\/rehairsystem.com\/\" target=\"_blank\" rel=\"noopener\"><span style=\"color: #ff0000;\"><strong>Rehairsystem.com<\/strong><\/span><\/a>. As a trusted supplier of men&#8217;s toupees, we understand the importance of quality and variety.<\/span><\/p>\n<p><span style=\"color: #000000;\">Whether you&#8217;re looking for a sleek and stylish bob, long and flowing locks, or even a vibrant and colorful ombre, Rehairsystem.com has got you covered. We offer a wide range of synthetic hair extensions that are not only affordable but also look incredibly natural. By shopping with us, you can be confident that you&#8217;re getting a product that will meet your styling needs and exceed your expectations.<\/span><\/p>\n<h2><span style=\"color: #000000;\">K\u00f6vetkeztet\u00e9s<\/span><\/h2>\n<p><span style=\"color: #000000;\">A szintetikus haj titkai felt\u00e1r\u00e1sra ker\u00fcltek, felt\u00e1rva t\u00f6rt\u00e9net\u00e9t, t\u00edpusait, el\u0151nyeit, n\u00e9pszer\u0171 st\u00edlusait \u00e9s \u00e1pol\u00e1si technik\u00e1it. A szintetikus haj megfizethet\u0151 \u00e9s sokoldal\u00fa alternat\u00edv\u00e1t k\u00edn\u00e1l a term\u00e9szetes hajjal szemben, lehet\u0151v\u00e9 t\u00e9ve az egy\u00e9nek sz\u00e1m\u00e1ra, hogy k\u00fcl\u00f6nf\u00e9le megjelen\u00e9seket \u00e9rjenek el elk\u00f6telezetts\u00e9g \u00e9s k\u00f6lts\u00e9g n\u00e9lk\u00fcl. Megfelel\u0151 \u00e1pol\u00e1ssal \u00e9s gondoz\u00e1ssal a szintetikus haj hosszan tart\u00f3 \u00e9s leny\u0171g\u00f6z\u0151 megold\u00e1st jelenthet azok sz\u00e1m\u00e1ra, akik frizur\u00e1jukat jav\u00edtj\u00e1k.<\/span><\/p>","protected":false},"excerpt":{"rendered":"<p>Synthetic hair has become a popular choice for those seeking a versatile and cost-effective alternative to natural hair. From here, we will delve into the &#8230; <a title=\"Felt\u00e1rjuk a szintetikus haj titkait\" class=\"read-more\" href=\"https:\/\/blog.rehairsystem.com\/hu\/a-szintetikus-haj-titkok-feltarasa\/\" aria-label=\"Tov\u00e1bb Unlocking The Secrets Of Synthetic Hair\">Olvass tov\u00e1bb<\/a><\/p>","protected":false},"author":2,"featured_media":6633,"comment_status":"closed","ping_status":"closed","sticky":false,"template":"","format":"standard","meta":[],"categories":[185],"tags":[210],"_links":{"self":[{"href":"https:\/\/blog.rehairsystem.com\/hu\/wp-json\/wp\/v2\/posts\/6632"}],"collection":[{"href":"https:\/\/blog.rehairsystem.com\/hu\/wp-json\/wp\/v2\/posts"}],"about":[{"href":"https:\/\/blog.rehairsystem.com\/hu\/wp-json\/wp\/v2\/types\/post"}],"author":[{"embeddable":true,"href":"https:\/\/blog.rehairsystem.com\/hu\/wp-json\/wp\/v2\/users\/2"}],"replies":[{"embeddable":true,"href":"https:\/\/blog.rehairsystem.com\/hu\/wp-json\/wp\/v2\/comments?post=6632"}],"version-history":[{"count":8,"href":"https:\/\/blog.rehairsystem.com\/hu\/wp-json\/wp\/v2\/posts\/6632\/revisions"}],"predecessor-version":[{"id":7698,"href":"https:\/\/blog.rehairsystem.com\/hu\/wp-json\/wp\/v2\/posts\/6632\/revisions\/7698"}],"wp:featuredmedia":[{"embeddable":true,"href":"https:\/\/blog.rehairsystem.com\/hu\/wp-json\/wp\/v2\/media\/6633"}],"wp:attachment":[{"href":"https:\/\/blog.rehairsystem.com\/hu\/wp-json\/wp\/v2\/media?parent=6632"}],"wp:term":[{"taxonomy":"category","embeddable":true,"href":"https:\/\/blog.rehairsystem.com\/hu\/wp-json\/wp\/v2\/categories?post=6632"},{"taxonomy":"post_tag","embeddable":true,"href":"https:\/\/blog.rehairsystem.com\/hu\/wp-json\/wp\/v2\/tags?post=6632"}],"curies":[{"name":"wp","href":"https:\/\/api.w.org\/{rel}","templated":true}]}}