{"id":8016,"date":"2023-08-10T09:24:03","date_gmt":"2023-08-10T09:24:03","guid":{"rendered":"https:\/\/blog.rehairsystem.com\/?p=8016"},"modified":"2023-08-10T10:42:40","modified_gmt":"2023-08-10T10:42:40","slug":"does-ozempic-cause-hair-loss-not-directly","status":"publish","type":"post","link":"https:\/\/blog.rehairsystem.com\/hu\/hajhullast-okoz-e-ozempic-nem-kozvetlenul\/","title":{"rendered":"Ozempic okoz hajhull\u00e1st? Nem K\u00f6zvetlen\u00fcl"},"content":{"rendered":"<p><span style=\"color: #000000;\">Az Ozempic egy olyan gy\u00f3gyszer, amelyet f\u0151k\u00e9nt a 2-es t\u00edpus\u00fa cukorbetegs\u00e9g kezel\u00e9s\u00e9re haszn\u00e1lnak az\u00e1ltal, hogy seg\u00edt a v\u00e9rcukorszint szab\u00e1lyoz\u00e1s\u00e1ban. Mint minden gy\u00f3gyszernek, ennek is lehetnek mell\u00e9khat\u00e1sai, amelyeket a felhaszn\u00e1l\u00f3k tapasztalhatnak. Az egyik felvet\u0151d\u00f6tt aggodalom az <span style=\"color: #ff0000;\"><a style=\"color: #ff0000;\" href=\"https:\/\/blog.rehairsystem.com\/hu\/hajhullast-okoz-e-ozempic-nem-kozvetlenul\/\" target=\"_blank\" rel=\"noopener\"><strong>hogy az Ozempic okozhat-e hajhull\u00e1st<\/strong><\/a><\/span>. Ebben a bejegyz\u00e9sben inform\u00e1ci\u00f3kat gy\u0171jt\u00fcnk az eg\u00e9sz internetr\u0151l, \u00e9s megpr\u00f3b\u00e1lunk pontos v\u00e1laszt adni.<\/span><\/p>\n<h2><span style=\"color: #000000;\">Mi az Ozempic, \u00e9s mit csin\u00e1l?<\/span><\/h2>\n<p><span style=\"color: #000000;\">Az Ozempic a 2-es t\u00edpus\u00fa cukorbetegs\u00e9g kezel\u00e9s\u00e9re haszn\u00e1lt gy\u00f3gyszer. A GLP-1 receptor agonist\u00e1knak nevezett gy\u00f3gyszerek csoportj\u00e1ba tartozik. Heti egyszeri injekci\u00f3 form\u00e1j\u00e1ban \u00e9rkezik, amely seg\u00edt a cukorbetegek v\u00e9rcukorszintj\u00e9nek szab\u00e1lyoz\u00e1s\u00e1ban.<\/span><\/p>\n<p><span style=\"color: #000000;\">Amikor valaki 2-es t\u00edpus\u00fa cukorbetegs\u00e9gben szenved Ozempic-et, az a glukagonszer\u0171 peptid-1 (GLP-1) nev\u0171 hormon m\u0171k\u00f6d\u00e9s\u00e9t ut\u00e1nozza. Ez a hormon seg\u00edt szab\u00e1lyozni a v\u00e9rcukorszintet az\u00e1ltal, hogy serkenti az inzulin felszabadul\u00e1s\u00e1t \u00e9s cs\u00f6kkenti a gl\u00fck\u00f3ztermel\u00e9st a m\u00e1jban.<\/span><\/p>\n<p><span style=\"color: #000000;\">A GLP-1 receptorok aktiv\u00e1l\u00e1s\u00e1val az Ozempic seg\u00edt cs\u00f6kkenteni a v\u00e9rcukorszintet \u00e9tkez\u00e9s ut\u00e1n, cs\u00f6kkenti az \u00e9tv\u00e1gyat \u00e9s el\u0151seg\u00edti a fogy\u00e1st. Fontos megjegyezni, hogy az Ozempic-et eg\u00e9szs\u00e9g\u00fcgyi szakemberek \u00edrj\u00e1k fel, \u00e9s eg\u00e9szs\u00e9ges t\u00e1pl\u00e1lkoz\u00e1ssal \u00e9s testmozg\u00e1ssal egy\u00fctt kell alkalmazni a 2-es t\u00edpus\u00fa cukorbetegs\u00e9g hat\u00e9kony kezel\u00e9se \u00e9rdek\u00e9ben.<\/span><\/p>\n<h2><span style=\"color: #000000;\">Ozempic okoz hajhull\u00e1st?<\/span><\/h2>\n<p><span style=\"color: #000000;\"><img decoding=\"async\" src=\"https:\/\/docerp.s3.amazonaws.com\/erp\/cms\/af3f1074-7532-49cf-bba7-24c2bffaf68d.webp\" alt=\"Ozempic okoz-e hajhull\u00e1st\" width=\"700\" \/><\/span><\/p>\n<p><span style=\"color: #000000;\">Mind a Wegovy, mind az Ozempic, a Semaglutide-ot tartalmaz\u00f3 k\u00e9t gy\u00f3gyszer, kezdeti klinikai vizsg\u00e1lataik sor\u00e1n nem regisztr\u00e1lt hajhull\u00e1s el\u0151fordul\u00e1s\u00e1t. Ez azt mutatja, hogy a Semaglutide b\u00e1rmilyen form\u00e1ban t\u00f6rt\u00e9n\u0151 haszn\u00e1lata nem okoz hajhull\u00e1st.<\/span><\/p>\n<p><span style=\"color: #000000;\">And, no reports of hair loss or thinning connected to Ozempic treatments were discovered during our examination of the National Institutes of Health database. Both shows that hair loss is uncommon if it occurs at all. Furthermore, there are no harmful effects related to hair on the Ozempic packaging&#8217;s FDA papers.<\/span><\/p>\n<p><span style=\"color: #000000;\">Ebb\u0151l arra k\u00f6vetkeztethet\u00fcnk, hogy az Ozempic k\u00f6zvetlen\u00fcl nem okoz hajhull\u00e1st!<\/span><\/p>\n<h3><span style=\"color: #000000;\">Experts&#8217; view about Ozempic causes hair loss<\/span><\/h3>\n<p><span style=\"color: #000000;\">Az American Hair Loss Association (AHLA) azt \u00e1ll\u00edtja, hogy az Ozempic (szemaglutid) \u00e9s m\u00e1s glukagonszer\u0171 peptid-1 (GLP-1) receptor agonist\u00e1k gyors fogy\u00e1s c\u00e9lj\u00e1b\u00f3l t\u00f6rt\u00e9n\u0151 vissza\u00e9l\u00e9se egyre nagyobb aggodalomra ad okot. B\u00e1r az FDA j\u00f3v\u00e1hagyta ezeket a gy\u00f3gyszereket a 2-es t\u00edpus\u00fa cukorbetegs\u00e9g \u00e9s az elh\u00edz\u00e1s kezel\u00e9s\u00e9re, a helytelen haszn\u00e1latuk jelent\u0151s mell\u00e9khat\u00e1sokkal j\u00e1rhat, bele\u00e9rtve a jelent\u0151s hajhull\u00e1st.<\/span><\/p>\n<p><span style=\"color: #000000;\">Az AHLA szak\u00e9rt\u0151i szerint a szemaglutid \u00e9s a hasonl\u00f3 gy\u00f3gyszerek hormon\u00e1lis v\u00e1ltoz\u00e1sokat v\u00e1ltanak ki, amelyek \u00e1tmeneti telog\u00e9n effluviumot \u00e9s korai kezdet\u0171 f\u00e9rfi \u00e9s n\u0151i hajhull\u00e1st, m\u00e1s n\u00e9ven androg\u00e9n alopeci\u00e1t okozhatnak. Az androg\u00e9n alopecia olyan rendelleness\u00e9g, amely id\u0151vel s\u00falyosbodik, \u00e9s tart\u00f3s hajhull\u00e1shoz vezethet, mivel a sz\u0151rt\u00fcsz\u0151k \u00f6sszezsugorodnak, \u00e9s v\u00e9g\u00fcl gyeng\u00e9bb \u00e9s r\u00f6videbb sz\u0151rsz\u00e1lakat hoznak l\u00e9tre.<\/span><\/p>\n<p><span style=\"color: #000000;\">The AHLA strongly cautions against using Ozempic and related pharmaceuticals for any unapproved uses and stresses the significance of using these drugs under a doctor&#8217;s supervision. People on semaglutide or medications comparable to it who have hair loss or other negative effects should speak with their doctor.<\/span><\/p>\n<h2><span style=\"color: #000000;\">Mennyire gyakori a hajhull\u00e1s az Ozempic szed\u00e9se miatt?<\/span><\/h2>\n<p><span style=\"color: #000000;\">Mivel a hajhull\u00e1st nem azonos\u00edtott\u00e1k az Ozempichez kapcsol\u00f3d\u00f3 mell\u00e9khat\u00e1sk\u00e9nt, el\u0151fordul\u00e1sa nem j\u00f3l megalapozott.<\/span><\/p>\n<p><span style=\"color: #000000;\">Although Wegovy, which has the same active component as Ozempic, data from clinical trials revealed that about 3% of people had increased hair shedding. It&#8217;s not apparent whether this difference is statistically significant because 1% of participants in the placebo group also had similar hair shedding. <\/span><\/p>\n<p><span style=\"color: #000000;\">Ezzel szemben a bari\u00e1triai m\u0171t\u00e9ten \u00e1tesett \u00e9s sokat fogy\u00f3 embereken v\u00e9gzett kutat\u00e1sok gyorsan felfedezt\u00e9k, hogy t\u00f6bb mint fel\u00fckn\u00e9l jelent\u0151s a hajhull\u00e1s.<\/span><\/p>\n<h2><span style=\"color: #000000;\">Mi\u00e9rt hullhat ki a hajad az Ozempic haszn\u00e1lata k\u00f6zben?<\/span><\/h2>\n<p><span style=\"color: #000000;\"><img decoding=\"async\" src=\"https:\/\/docerp.s3.amazonaws.com\/erp\/cms\/845c2463-862d-4271-a20e-4fab31d55698.webp\" alt=\"elvesz\u00edti a haj\u00e1t Ozempic k\u00f6zben\" width=\"700\" \/><\/span><\/p>\n<p><span style=\"color: #000000;\">While there is no direct evidence that Ozempic causes hair loss, it is possible to experience hair loss due to the drug&#8217;s effect on rapid weight loss.<\/span><\/p>\n<p><span style=\"color: #000000;\">A szak\u00e9rt\u0151k szerint az Ozempic \u00e1ltal okozott hajhull\u00e1s pontos oka m\u00e9g mindig ismeretlen, de lehet, hogy \u00f6sszef\u00fcgg\u00e9sben \u00e1ll a cs\u00f6kkent kal\u00f3riabevitellel. Ezenk\u00edv\u00fcl a fogy\u00e1s megzavarhatja a hormonh\u00e1ztart\u00e1st, \u00e9s potenci\u00e1lisan hozz\u00e1j\u00e1rulhat a hajhull\u00e1shoz.<\/span><\/p>\n<p><span style=\"color: #000000;\">Az ilyen t\u00edpus\u00fa hajhull\u00e1s \u00e1ltal\u00e1ban k\u00f6r\u00fclbel\u00fcl h\u00e1rom h\u00f3nappal a fogy\u00e1s megkezd\u00e9se ut\u00e1n kezd\u0151dik, \u00e9s n\u00e9h\u00e1ny h\u00e9ten vagy h\u00f3napon bel\u00fcl term\u00e9szetes m\u00f3don megsz\u0171nik. K\u00fcl\u00f6nf\u00e9le t\u00e9nyez\u0151k, mint p\u00e9ld\u00e1ul a t\u00e1pl\u00e1lkoz\u00e1s, a hormonegyens\u00faly \u00e9s az \u00e1ltal\u00e1nos eg\u00e9szs\u00e9gi \u00e1llapot, szerepet j\u00e1tszanak az eg\u00e9szs\u00e9ges hajn\u00f6veked\u00e9sben.<\/span><\/p>\n<p><span style=\"color: #000000;\">Az a hiedelem is l\u00e9tezik, hogy az Ozempic gyullad\u00e1shoz \u00e9s sejthal\u00e1lhoz vezethet a sz\u0151rt\u00fcsz\u0151kben, ami tov\u00e1bb j\u00e1rulhat a hajhull\u00e1shoz. Az ezeken a ter\u00fcleteken fell\u00e9p\u0151 zavarok, bele\u00e9rtve a t\u00e1pl\u00e1lkoz\u00e1si hi\u00e1nyoss\u00e1gokat \u00e9s bizonyos eg\u00e9szs\u00e9g\u00fcgyi \u00e1llapotokat, hajhull\u00e1shoz vezethetnek.<\/span><\/p>\n<h2><span style=\"color: #000000;\">Mi a teend\u0151, ha az Ozempic szed\u00e9se k\u00f6zben kihullik a haja?<\/span><\/h2>\n<p><span style=\"color: #000000;\"><iframe loading=\"lazy\" src=\"\/\/www.youtube.com\/embed\/tKmtjxBcJCI\" width=\"700\" height=\"393\" allowfullscreen=\"allowfullscreen\"><\/iframe><\/span><\/p>\n<p><span style=\"color: #000000;\">If you experience hair shedding, thinning, or loss after starting Ozempic, consult your healthcare provider to determine if it&#8217;s telogen effluvium or another form of hair loss. Early treatment is crucial for permanent hair loss. Don&#8217;t assume Ozempic is the cause.\u00a0Consider reviewing your medications with your healthcare provider to identify potential alternatives that won&#8217;t impact hair growth.\u00a0<\/span><\/p>\n<p><span style=\"color: #000000;\"><strong>A fejb\u0151r vizsg\u00e1lata<\/strong><\/span><\/p>\n<p><span style=\"color: #000000;\">Ha az Ozempic szed\u00e9se k\u00f6zben hajhull\u00e1st tapasztal, fontos, hogy konzult\u00e1ljon eg\u00e9szs\u00e9g\u00fcgyi szolg\u00e1ltat\u00f3j\u00e1val. Kulcsfontoss\u00e1g\u00fa annak meghat\u00e1roz\u00e1sa, hogy a hajhull\u00e1s oka a telog\u00e9n effluvium vagy a hajhull\u00e1s m\u00e1s form\u00e1ja, mivel a tart\u00f3s t\u00edpus\u00fa hajhull\u00e1s kezel\u00e9sei a leghat\u00e9konyabbak, ha kor\u00e1n elkezdik.<\/span><\/p>\n<p><span style=\"color: #000000;\"><strong>Tekintse \u00e1t gy\u00f3gyszereit<\/strong><\/span><\/p>\n<p><span style=\"color: #000000;\">Az orvosi tan\u00e1csad\u00e1son k\u00edv\u00fcl n\u00e9h\u00e1ny l\u00e9p\u00e9st megtehet a hajhull\u00e1s kezel\u00e9s\u00e9re az Ozempic szed\u00e9se k\u00f6zben. El\u0151sz\u00f6r is, ellen\u0151rizze gy\u00f3gyszereit eg\u00e9szs\u00e9g\u00fcgyi szolg\u00e1ltat\u00f3j\u00e1val, mivel bizonyos gy\u00f3gyszerek hozz\u00e1j\u00e1rulhatnak a hajhull\u00e1shoz. Lehets\u00e9ges, hogy olyan alternat\u00edv lehet\u0151s\u00e9geket javasolhatnak, amelyek nem befoly\u00e1solj\u00e1k a haj n\u00f6veked\u00e9s\u00e9t.<\/span><\/p>\n<p><span style=\"color: #000000;\"><strong>Adj egy kis sz\u00fcnetet a hajadnak<\/strong><\/span><\/p>\n<p><span style=\"color: #000000;\">Ha pihentetj\u00fck haj\u00e1t a fest\u00e9st\u0151l, dauerol\u00e1st\u00f3l vagy laz\u00edt\u00f3 kezel\u00e9sekt\u0151l, az seg\u00edthet megv\u00e9deni a sz\u0151rt\u00fcsz\u0151ket, \u00e9s el\u0151seg\u00edtheti azok fel\u00e9p\u00fcl\u00e9s\u00e9t. Ker\u00fclje az olyan hajterm\u00e9kek \u00e9s samponok haszn\u00e1lat\u00e1t, amelyek hajhull\u00e1st \u00e9s hajk\u00e1rosod\u00e1st okozhatnak. A hajform\u00e1z\u00e1si rutinok megv\u00e1ltoztat\u00e1sa, p\u00e9ld\u00e1ul a h\u0151form\u00e1z\u00e1s \u00e9s a feszes frizur\u00e1k elker\u00fcl\u00e9se cs\u00f6kkentheti a hajra nehezed\u0151 stresszt.<\/span><\/p>\n<p><span style=\"color: #000000;\"><strong>Kezelje a stresszt<\/strong><\/span><\/p>\n<p><span style=\"color: #000000;\">A stressz kezel\u00e9se szint\u00e9n fontos, mivel kiv\u00e1lthatja a telog\u00e9n effluviumot. Az olyan \u00f6ngondoskod\u00e1si gyakorlatok be\u00e9p\u00edt\u00e9se, mint a m\u00e9ly l\u00e9gz\u00e9s, a s\u00e9ta, a medit\u00e1ci\u00f3 \u00e9s az \u00e9bers\u00e9gen alapul\u00f3 stresszcs\u00f6kkent\u00e9si technik\u00e1k, seg\u00edthet cs\u00f6kkenteni a stresszszintet.<\/span><\/p>\n<p><span style=\"color: #000000;\"><strong>Tekintse \u00e1t az \u00e9trendj\u00e9t<\/strong><\/span><\/p>\n<p><span style=\"color: #000000;\">V\u00e9g\u00fcl, a sov\u00e1ny feh\u00e9rj\u00e9ket, gy\u00fcm\u00f6lcs\u00f6ket, z\u00f6lds\u00e9geket \u00e9s teljes ki\u0151rl\u00e9s\u0171 gabon\u00e1kat tartalmaz\u00f3 eg\u00e9szs\u00e9ges \u00e9trend \u00e1ttekint\u00e9se \u00e9s fenntart\u00e1sa el\u0151seg\u00edtheti a haj \u00e1ltal\u00e1nos eg\u00e9szs\u00e9g\u00e9t, b\u00e1r nincs hat\u00e1rozott bizony\u00edt\u00e9k arra, hogy bizonyos vitaminok el\u0151seg\u00edtik a hajn\u00f6veked\u00e9st.<\/span><\/p>\n<h2><span style=\"color: #000000;\">Hajhull\u00e1s elleni kezel\u00e9sek, amelyek val\u00f3ban m\u0171k\u00f6dnek<\/span><\/h2>\n<p><span style=\"color: #000000;\">Sz\u00e1mos hajhull\u00e1s elleni kezel\u00e9s bizonyult m\u00e1r hat\u00e9konynak a hajn\u00f6veked\u00e9s el\u0151seg\u00edt\u00e9s\u00e9ben \u00e9s a hajhull\u00e1s cs\u00f6kkent\u00e9s\u00e9ben. \u00cdme n\u00e9h\u00e1ny kezel\u00e9s, amelyek bizony\u00edtottan m\u0171k\u00f6dnek:<\/span><\/p>\n<ul>\n<li><span style=\"color: #000000;\"><strong><em><span style=\"text-decoration: underline;\">Gy\u00f3gyszerek<\/span><\/em><\/strong>: Az FDA \u00e1ltal j\u00f3v\u00e1hagyott gy\u00f3gyszereket, p\u00e9ld\u00e1ul a minoxidilt (Rogaine) \u00e9s a finaszteridet (Propecia) \u00e1ltal\u00e1ban a hajhull\u00e1s kezel\u00e9s\u00e9re haszn\u00e1lj\u00e1k.<\/span><\/li>\n<li><span style=\"color: #000000;\"><strong><em><span style=\"text-decoration: underline;\">Hajbe\u00fcltet\u00e9s m\u0171t\u00e9t<\/span><\/em>:<\/strong> Ez a m\u0171t\u00e9ti elj\u00e1r\u00e1s mag\u00e1ban foglalja a sz\u0151rt\u00fcsz\u0151k \u00e1thelyez\u00e9s\u00e9t a donor ter\u00fcletr\u0151l a fejb\u0151r kopaszod\u00f3 vagy elv\u00e9konyod\u00f3 ter\u00fcleteire.<\/span><\/li>\n<li><span style=\"color: #000000;\"><strong><em><span style=\"text-decoration: underline;\">L\u00e9zerter\u00e1pia<\/span><\/em><\/strong>: Az alacsony szint\u0171 l\u00e9zerter\u00e1pi\u00e1s (LLLT) eszk\u00f6z\u00f6k v\u00f6r\u00f6s f\u00e9nyt bocs\u00e1tanak ki a haj n\u00f6veked\u00e9s\u00e9nek serkent\u00e9se \u00e9rdek\u00e9ben.<\/span><\/li>\n<li><span style=\"color: #000000;\"><strong><em><span style=\"text-decoration: underline;\">V\u00e9rlemezk\u00e9ben gazdag plazma (PRP)<\/span><\/em><\/strong>: The patient&#8217;s blood is processed to extract platelet-rich plasma, which is then injected into the scalp.<\/span><\/li>\n<li><span style=\"color: #000000;\"><a href=\"https:\/\/rehairsystem.com\/collections\/stock-hair-systems\" target=\"_blank\" rel=\"noopener\"><span style=\"color: #ff0000;\"><strong><em><span style=\"text-decoration: underline;\">Hajp\u00f3tl\u00f3 rendszerek<\/span><\/em><\/strong><\/span><\/a>: M\u00e1s n\u00e9ven par\u00f3ka vagy hajd\u00edsz. A hajp\u00f3tl\u00f3 rendszerek nem m\u0171t\u00e9ti \u00e9s azonnali megold\u00e1st k\u00edn\u00e1lnak a hajhull\u00e1s miatti ter\u00fcletek lefed\u00e9s\u00e9re \u00e9s a haj term\u00e9szetes megjelen\u00e9s\u00e9nek helyre\u00e1ll\u00edt\u00e1s\u00e1ra.<\/span><\/li>\n<\/ul>\n<h3><span style=\"color: #000000;\">A hajp\u00f3tl\u00f3 rendszerek el\u0151nyei<\/span><\/h3>\n<p><span style=\"color: #000000;\">Az al\u00e1bbiakban felsoroljuk a hajp\u00f3tl\u00f3 rendszerek f\u0151 el\u0151nyeit, n\u00e9pszer\u0171 v\u00e1laszt\u00e1s a hajhull\u00e1sban szenved\u0151k sz\u00e1m\u00e1ra:<\/span><\/p>\n<ol>\n<li><span style=\"color: #000000;\"><strong><span style=\"text-decoration: underline;\">Azonnali eredm\u00e9nyek:<\/span><\/strong> A hajp\u00f3tl\u00f3 rendszerek azonnali eredm\u00e9nyeket biztos\u00edtanak, lehet\u0151v\u00e9 t\u00e9ve az egy\u00e9neknek, hogy azonnal visszanyerj\u00e9k a teljes hajfejet an\u00e9lk\u00fcl, hogy meg kellene v\u00e1rniuk a term\u00e9szetes hajn\u00f6veked\u00e9st vagy m\u0171t\u00e9ti beavatkoz\u00e1sokat kellene v\u00e9gezni\u00fck.<\/span><\/li>\n<li><span style=\"color: #000000;\"><strong><span style=\"text-decoration: underline;\">Term\u00e9szetes megjelen\u00e9s<\/span><\/strong>: A modern hajp\u00f3tl\u00f3 rendszereket \u00fagy tervezt\u00e9k, hogy pontosan ut\u00e1nozz\u00e1k a term\u00e9szetes haj megjelen\u00e9s\u00e9t \u00e9s \u00e9rzet\u00e9t. A fejlett anyagok \u00e9s technik\u00e1k biztos\u00edtj\u00e1k, hogy a hajdarab z\u00f6kken\u0151mentesen illeszkedjen a megl\u00e9v\u0151 hajhoz, term\u00e9szetes \u00e9s \u00e9szrevehetetlen megjelen\u00e9st hozva l\u00e9tre.<\/span><\/li>\n<li><span style=\"color: #000000;\"><strong><span style=\"text-decoration: underline;\">Testreszab\u00e1si lehet\u0151s\u00e9gek<\/span><\/strong>: A hajp\u00f3tl\u00f3 rendszerek a testreszab\u00e1si lehet\u0151s\u00e9gek sz\u00e9les sk\u00e1l\u00e1j\u00e1t k\u00edn\u00e1lj\u00e1k az egy\u00e9ni ig\u00e9nyek kiel\u00e9g\u00edt\u00e9s\u00e9re. A hajsz\u00edn, text\u00fara \u00e9s hossz kiv\u00e1laszt\u00e1s\u00e1t\u00f3l kezdve a megfelel\u0151 alapanyag \u00e9s sapka-konstrukci\u00f3 kiv\u00e1laszt\u00e1s\u00e1ig a felhaszn\u00e1l\u00f3k szem\u00e9lyre szabhatj\u00e1k frizur\u00e1ikat a k\u00edv\u00e1nt st\u00edlusuknak megfelel\u0151en.<\/span><\/li>\n<li><span style=\"color: #000000;\"><strong><span style=\"text-decoration: underline;\">Nem invaz\u00edv megold\u00e1s<\/span><\/strong>: A seb\u00e9szeti haj\u00e1t\u00fcltet\u00e9si elj\u00e1r\u00e1sokkal ellent\u00e9tben a hajp\u00f3tl\u00f3 rendszerek nem tartalmaznak invaz\u00edv technik\u00e1kat vagy bemetsz\u00e9seket. Nincs sz\u00fcks\u00e9g gy\u00f3gyul\u00e1si id\u0151re, \u00e9s az egy\u00e9nek k\u00e9nyelmesen, k\u00e9nyelmetlens\u00e9g vagy f\u00e1jdalom n\u00e9lk\u00fcl viselhetik a hajd\u00edszt.<\/span><\/li>\n<li><span style=\"color: #000000;\"><strong><span style=\"text-decoration: underline;\">Sokoldal\u00fas\u00e1g<\/span><\/strong>: A hajsz\u00e1lak sokoldal\u00fa hajform\u00e1z\u00e1si lehet\u0151s\u00e9geket tesznek lehet\u0151v\u00e9. A felhaszn\u00e1l\u00f3k megv\u00e1ltoztathatj\u00e1k frizur\u00e1jukat, k\u00eds\u00e9rletezhetnek k\u00fcl\u00f6nb\u00f6z\u0151 megjelen\u00e9sekkel, \u00e9s k\u00f6nnyed\u00e9n alkalmazkodhatnak a k\u00fcl\u00f6nf\u00e9le alkalmakhoz. Olyan tev\u00e9kenys\u00e9gekben is r\u00e9szt vehetnek, mint az \u00fasz\u00e1s, sport vagy szabadt\u00e9ri kalandok an\u00e9lk\u00fcl, hogy agg\u00f3dn\u00e1nak a hajd\u00edsz\u00fck miatt.<\/span><\/li>\n<li><span style=\"color: #000000;\"><strong><span style=\"text-decoration: underline;\">K\u00f6lts\u00e9ghat\u00e9kony<\/span><\/strong>: A hajp\u00f3tl\u00f3 rendszerek \u00e1ltal\u00e1ban megfizethet\u0151bbek a seb\u00e9szeti hajhelyre\u00e1ll\u00edt\u00f3 elj\u00e1r\u00e1sokhoz k\u00e9pest. K\u00f6lts\u00e9ghat\u00e9kony megold\u00e1st k\u00edn\u00e1lnak azok sz\u00e1m\u00e1ra, akik hajhull\u00e1sukra kozmetikai jav\u00edt\u00e1st keresnek.<\/span><\/li>\n<li><span style=\"color: #000000;\"><strong><span style=\"text-decoration: underline;\">Alacsony karbantart\u00e1s<\/span><\/strong>: A hajd\u00edsz karbantart\u00e1sa viszonylag egyszer\u0171. Rendszeres tiszt\u00edt\u00e1s, kondicion\u00e1l\u00e1s \u00e9s form\u00e1z\u00e1s sz\u00fcks\u00e9ges a hajrendszer j\u00f3 \u00e1llapot\u00e1nak meg\u0151rz\u00e9s\u00e9hez. Megfelel\u0151 gondoz\u00e1s mellett a hajp\u00f3tl\u00f3 rendszer hossz\u00fa ideig meg\u0151rzi min\u0151s\u00e9g\u00e9t \u00e9s megjelen\u00e9s\u00e9t.<\/span><\/li>\n<\/ol>\n<h3><span style=\"color: #000000;\">V\u00e1s\u00e1roljon hajp\u00f3tl\u00f3 rendszereket f\u00e9rfiaknak \u00e9s n\u0151knek a Rehairsystem.com webhelyr\u0151l!<\/span><\/h3>\n<p><span style=\"color: #000000;\"><img decoding=\"async\" src=\"https:\/\/docerp.s3.amazonaws.com\/erp\/cms\/b15b6f64-62c5-476e-9046-584f19f605f9.webp\" alt=\"Ozempic okoz-e hajhull\u00e1st\" width=\"700\" \/><\/span><\/p>\n<p><span style=\"color: #000000;\">Ha kiv\u00e1l\u00f3 min\u0151s\u00e9g\u0171 hajfest\u00e9ket v\u00e1s\u00e1rol f\u00e9rfiaknak \u00e9s n\u0151knek, <span style=\"color: #ff0000;\"><a style=\"color: #ff0000;\" href=\"https:\/\/rehairsystem.com\/\" target=\"_blank\" rel=\"noopener\" data-wplink-edit=\"true\"><strong>Rehairsystem.com<\/strong><\/a><\/span> kiv\u00e1l\u00f3 v\u00e1laszt\u00e1s. Z\u00f6kken\u0151mentes v\u00e1s\u00e1rl\u00e1si \u00e9lm\u00e9nyt k\u00edn\u00e1lunk k\u00e9nyelmes sz\u00e1ll\u00edt\u00e1si lehet\u0151s\u00e9gekkel, biztons\u00e1gos fizet\u00e9si m\u00f3dokkal \u00e9s kiv\u00e9teles \u00fcgyf\u00e9lszolg\u00e1lattal.<\/span><\/p>\n<p><span style=\"color: #000000;\">In terms of shipping, we support global shipping services that ensure your order reaches you promptly and safely. Whether you&#8217;re located in the USA or overseas, we strive to deliver the order within a week.<\/span><\/p>\n<p><span style=\"color: #000000;\">A Rehairsystem.com fizet\u00e9si lehet\u0151s\u00e9gei biztons\u00e1gosak \u00e9s felhaszn\u00e1l\u00f3bar\u00e1tok. K\u00fcl\u00f6nf\u00e9le fizet\u00e9si m\u00f3dokat elfogadunk, bele\u00e9rtve a hitelk\u00e1rty\u00e1kat, a PayPal-t \u00e9s m\u00e1s megb\u00edzhat\u00f3 online fizet\u00e9si platformokat.<\/span><\/p>\n<p><span style=\"color: #000000;\">Our website is easy to navigate, providing detailed product information and clear images. Rehairsystem.com&#8217;s user-friendly interface allows you to browse through a wide range of hair replacement systems, customizable to your preferences.<\/span><\/p>\n<p><span style=\"color: #000000;\">Elk\u00f6telezett \u00e9s hozz\u00e1\u00e9rt\u0151 csapatunk k\u00e9szs\u00e9ggel \u00e1ll rendelkez\u00e9s\u00e9re a v\u00e1s\u00e1rl\u00e1s sor\u00e1n. V\u00e1laszolnak a k\u00e9rd\u00e9sekre, szak\u00e9rt\u0151i tan\u00e1csokat adnak, \u00e9s \u00fatmutat\u00e1st adnak az \u00fcgyfeleknek a legmegfelel\u0151bb tupe kiv\u00e1laszt\u00e1s\u00e1hoz.<\/span><\/p>\n<p><span style=\"color: #000000;\">Ezenk\u00edv\u00fcl meg\u00e9rtj\u00fck, hogy mindenkinek m\u00e1s \u00e9s m\u00e1s az ig\u00e9nyei, ez\u00e9rt testreszab\u00e1si szolg\u00e1ltat\u00e1sokat ny\u00fajtunk a legk\u00e9nyelmesebb \u00e9s szem\u00e9lyre szabott illeszked\u00e9s el\u00e9r\u00e9se \u00e9rdek\u00e9ben.<\/span><\/p>\n\n\n<h2 class=\"wp-block-heading has-contrast-color has-text-color\">GYIK<\/h2>\n\n\n<div id=\"rank-math-faq\" class=\"rank-math-block\">\n<div class=\"rank-math-list\">\n<div id=\"faq-question-1691654736708\" class=\"rank-math-list-item\">\n<h3 class=\"rank-math-question\">Mennyi ideig okoz hajhull\u00e1st az Ozempic?<\/h3>\n<div class=\"rank-math-answer\">\n\n<p>Az ilyen t\u00edpus\u00fa hajhull\u00e1s \u00e1ltal\u00e1ban a kezdeti fogy\u00e1s ut\u00e1n 3 h\u00f3nappal kezd\u0151dik.<\/p>\n\n<\/div>\n<\/div>\n<div id=\"faq-question-1691654750126\" class=\"rank-math-list-item\">\n<h3 class=\"rank-math-question\">Mi az Ozempic legnagyobb mell\u00e9khat\u00e1sa?<\/h3>\n<div class=\"rank-math-answer\">\n\n<p>A legnagyobb jelentett mell\u00e9khat\u00e1s a gyomor-b\u00e9lrendszeri probl\u00e9m\u00e1k, bele\u00e9rtve a h\u00e1nyingert, h\u00e1ny\u00e1st \u00e9s hasmen\u00e9st.<\/p>\n\n<\/div>\n<\/div>\n<div id=\"faq-question-1691654761902\" class=\"rank-math-list-item\">\n<h3 class=\"rank-math-question\">Milyen diabetikus gy\u00f3gyszerek okoznak hajhull\u00e1st?<\/h3>\n<div class=\"rank-math-answer\">\n\n<p>A metformin, az egyik leggyakoribb cukorbetegs\u00e9g elleni gy\u00f3gyszer, kimer\u00edtheti a szervezetben a B-vitaminokat, ami szerepet j\u00e1tszhat a hajhull\u00e1sban.<\/p>\n\n<\/div>\n<\/div>\n<div id=\"faq-question-1691654777182\" class=\"rank-math-list-item\">\n<h3 class=\"rank-math-question\">Milyen fogy\u00f3k\u00far\u00e1s gy\u00f3gyszerek okoznak hajhull\u00e1st?<\/h3>\n<div class=\"rank-math-answer\">\n\n<p>Az olyan emberek, akik olyan drogokat szednek, mint az Ozempic, Mounjaro \u00e9s Wegovy, hajhull\u00e1sr\u00f3l sz\u00e1molnak be, amikor fogynak.<\/p>\n\n<\/div>\n<\/div>\n<\/div>\n<\/div>\n\n\n<h2 class=\"wp-block-heading has-contrast-color has-text-color\">K\u00f6vetkeztet\u00e9s<\/h2>\n\n\n\n<p class=\"has-contrast-color has-text-color\">Perhaps, there have been a few isolated instances of people reporting hair loss while taking Ozempic, there isn&#8217;t enough evidence to link the medication to this side effect. It is always advisable to get medical assistance if you still have questions regarding the impact of Ozempic on hair loss. Your doctor may review your specific situation and offer suggestions for how to handle any concerns you may have.<\/p>","protected":false},"excerpt":{"rendered":"<p>Ozempic is a medication mainly used to treat type 2 diabetes by helping to regulate blood sugar levels. As with any medication, there are potential &#8230; <a title=\"Ozempic okoz hajhull\u00e1st? Nem K\u00f6zvetlen\u00fcl\" class=\"read-more\" href=\"https:\/\/blog.rehairsystem.com\/hu\/hajhullast-okoz-e-ozempic-nem-kozvetlenul\/\" aria-label=\"Tov\u00e1bb Does Ozempic Cause Hair Loss? Not Directly\">Olvass tov\u00e1bb<\/a><\/p>","protected":false},"author":2,"featured_media":8020,"comment_status":"closed","ping_status":"closed","sticky":false,"template":"","format":"standard","meta":[],"categories":[260],"tags":[300],"_links":{"self":[{"href":"https:\/\/blog.rehairsystem.com\/hu\/wp-json\/wp\/v2\/posts\/8016"}],"collection":[{"href":"https:\/\/blog.rehairsystem.com\/hu\/wp-json\/wp\/v2\/posts"}],"about":[{"href":"https:\/\/blog.rehairsystem.com\/hu\/wp-json\/wp\/v2\/types\/post"}],"author":[{"embeddable":true,"href":"https:\/\/blog.rehairsystem.com\/hu\/wp-json\/wp\/v2\/users\/2"}],"replies":[{"embeddable":true,"href":"https:\/\/blog.rehairsystem.com\/hu\/wp-json\/wp\/v2\/comments?post=8016"}],"version-history":[{"count":4,"href":"https:\/\/blog.rehairsystem.com\/hu\/wp-json\/wp\/v2\/posts\/8016\/revisions"}],"predecessor-version":[{"id":8036,"href":"https:\/\/blog.rehairsystem.com\/hu\/wp-json\/wp\/v2\/posts\/8016\/revisions\/8036"}],"wp:featuredmedia":[{"embeddable":true,"href":"https:\/\/blog.rehairsystem.com\/hu\/wp-json\/wp\/v2\/media\/8020"}],"wp:attachment":[{"href":"https:\/\/blog.rehairsystem.com\/hu\/wp-json\/wp\/v2\/media?parent=8016"}],"wp:term":[{"taxonomy":"category","embeddable":true,"href":"https:\/\/blog.rehairsystem.com\/hu\/wp-json\/wp\/v2\/categories?post=8016"},{"taxonomy":"post_tag","embeddable":true,"href":"https:\/\/blog.rehairsystem.com\/hu\/wp-json\/wp\/v2\/tags?post=8016"}],"curies":[{"name":"wp","href":"https:\/\/api.w.org\/{rel}","templated":true}]}}