{"id":8215,"date":"2023-08-17T03:58:56","date_gmt":"2023-08-17T03:58:56","guid":{"rendered":"https:\/\/blog.rehairsystem.com\/?p=8215"},"modified":"2023-08-24T02:29:18","modified_gmt":"2023-08-24T02:29:18","slug":"15-coolest-bald-mullet-haircut","status":"publish","type":"post","link":"https:\/\/blog.rehairsystem.com\/hu\/15-legmenobb-kopasz-kagylo-frizura\/","title":{"rendered":"15 legmen\u0151bb kopasz m\u00e1rna hajv\u00e1g\u00e1si \u00f6tlet f\u00e9rfiaknak"},"content":{"rendered":"<p><span style=\"color: #000000;\">When it comes to men&#8217;s hairstyles, the mullet has always managed to spark a mix of admiration and amusement. Now, taking the classic mullet to a whole new level is the bald mullet haircut. Here, let&#8217;s look at 15 of the most striking <a href=\"https:\/\/blog.rehairsystem.com\/hu\/15-legmenobb-kopasz-kagylo-frizura\/\" target=\"_blank\" rel=\"noopener\"><span style=\"color: #ff0000;\"><strong>kopasz m\u00e1rna hajv\u00e1g\u00e1s<\/strong><\/span><\/a> ami val\u00f3sz\u00edn\u0171leg megford\u00edtja a fej\u00e9t.<\/span><\/p>\n<h2><span style=\"color: #000000;\">Mi az a kopasz m\u00e1rna?<\/span><\/h2>\n<p><span style=\"color: #000000;\">A kopasz m\u00e1rna egy olyan frizura, amely a borotv\u00e1lt vagy kopasz fejet kombin\u00e1lja hosszabb sz\u0151rrel a h\u00e1ts\u00f3 r\u00e9szen, hasonl\u00f3an a hagyom\u00e1nyos m\u00e1rna hajv\u00e1g\u00e1shoz. Jellemz\u0151je a borotv\u00e1lt\/kopasz r\u00e9sz \u00e9s a hosszabb h\u00e1ts\u00f3 r\u00e9sz k\u00f6z\u00f6tti hat\u00e1rozott kontraszt.<\/span><\/p>\n<h3><span style=\"color: #000000;\">Melyik fejforma illik egy kopasz m\u00e1rn\u00e1hoz?<\/span><\/h3>\n<p><span style=\"color: #000000;\">A fejform\u00e1t tekintve a kopasz m\u00e1rna k\u00fcl\u00f6nf\u00e9le arcform\u00e1kat eg\u00e9sz\u00edthet ki, de bizonyos fejform\u00e1k k\u00fcl\u00f6n\u00f6sen j\u00f3l illenek ehhez a st\u00edlushoz. Az ov\u00e1lis arcform\u00e1val rendelkez\u0151k hajl\u00e9konyabbak a k\u00fcl\u00f6nb\u00f6z\u0151 frizur\u00e1k leh\u00faz\u00e1s\u00e1ban, bele\u00e9rtve a kopasz m\u00e1rn\u00e1t is. Ezenk\u00edv\u00fcl a n\u00e9gyzet alak\u00fa vagy kerek arcform\u00e1j\u00fa egy\u00e9nek azt tapasztalhatj\u00e1k, hogy a kopasz m\u00e1rna h\u00e1ts\u00f3 r\u00e9sz\u00e9nek sz\u00f6gletess\u00e9ge \u00e9s megn\u00f6velt hossza seg\u00edthet kiegyens\u00falyozottabb \u00e9s megny\u00faltabb megjelen\u00e9st l\u00e9trehozni.<\/span><\/p>\n<h3><span style=\"color: #000000;\">Miben k\u00fcl\u00f6nb\u00f6zik a kopasz m\u00e1rna a szok\u00e1sos m\u00e1rnafrizur\u00e1kt\u00f3l?<\/span><\/h3>\n<p><span style=\"color: #000000;\">A f\u0151 k\u00fcl\u00f6nbs\u00e9g a szok\u00e1sos m\u00e1rna frizura \u00e9s a kopasz m\u00e1rna k\u00f6z\u00f6tt a borotv\u00e1lt vagy kopasz fej. M\u00edg mindk\u00e9t st\u00edlusn\u00e1l hosszabb a sz\u0151r a h\u00e1ts\u00f3 r\u00e9szen, a norm\u00e1l m\u00e1rna teljes hajsz\u00e1lat tart fenn, m\u00edg a kopasz m\u00e1rna sz\u00e1nd\u00e9kosan egy borotv\u00e1lt vagy kopasz r\u00e9szt tartalmaz a fejb\u0151r\u00f6n. Ez a szempont egyedi \u00e9lt ad az \u00f6sszk\u00e9phez, \u00e9s kiemelheti a kontrasztot a r\u00f6videbb \u00e9s hosszabb hajr\u00e9szek k\u00f6z\u00f6tt.<\/span><\/p>\n<h2><span style=\"color: #000000;\">15 legmen\u0151bb kopasz m\u00e1rna hajv\u00e1g\u00e1si \u00f6tlet<\/span><\/h2>\n<h3><span style=\"color: #000000;\">Kopasz Fade Mullet<\/span><\/h3>\n<p><span style=\"color: #000000;\"><img decoding=\"async\" src=\"https:\/\/docerp.s3.amazonaws.com\/erp\/cms\/c2a7625d-7a4d-4361-b691-6e20dfb53644.webp\" alt=\"Kopasz Mullet\" width=\"700\"><\/span><\/p>\n<p><span style=\"color: #000000;\">Ez a frizura z\u00f6kken\u0151mentes \u00e1tmenetet tartalmaz a kopasz vagy borotv\u00e1lt fejr\u0151l a hosszabb sz\u0151rre a h\u00e1ts\u00f3 r\u00e9szen. A fakul\u00e1s letisztult \u00e9s pol\u00edrozott megjelen\u00e9st k\u00f6lcs\u00f6n\u00f6z, kiemelve a kontrasztot a k\u00e9t hajr\u00e9sz k\u00f6z\u00f6tt a st\u00edlusos \u00e9s modern megjelen\u00e9s \u00e9rdek\u00e9ben.<\/span><\/p>\n<h3><span style=\"color: #000000;\">Kiterjesztett Kopasz M\u00e1rna<\/span><\/h3>\n<p><span style=\"color: #000000;\"><img decoding=\"async\" src=\"https:\/\/docerp.s3.amazonaws.com\/erp\/cms\/f7762517-5196-4443-add0-4043566f1c99.webp\" alt=\"Kopasz Mullet\" width=\"700\"><\/span><\/p>\n<p><span style=\"color: #000000;\">Ezzel a vari\u00e1ci\u00f3val a h\u00e1ts\u00f3 haj hossza meghosszabbodik, \u00e9s m\u00e9g tov\u00e1bb \u00e9r a nyakon. Ez egy csipetnyi dr\u00e1m\u00e1t \u00e9s l\u00e1zad\u00f3s\u00e1got ad a klasszikus kopasz m\u00e1rn\u00e1hoz, \u00e9s er\u0151teljes \u00e9s szemet gy\u00f6ny\u00f6rk\u00f6dtet\u0151 kijelent\u00e9st hoz l\u00e9tre, amely figyelmet ig\u00e9nyel.<\/span><\/p>\n<h3><span style=\"color: #000000;\">Vastag H\u00e1ts\u00f3<\/span><\/h3>\n<p><span style=\"color: #000000;\"><img decoding=\"async\" src=\"https:\/\/docerp.s3.amazonaws.com\/erp\/cms\/e9125cc5-1b59-4cba-8011-7b546a17676c.webp\" alt=\"Kopasz Mullet\" width=\"700\"><\/span><\/p>\n<p><span style=\"color: #000000;\">Ennek a kopasz m\u00e1rn\u00e1nak a legfontosabb jellemz\u0151je a vastag \u00e9s d\u00fas sz\u0151r a h\u00e1tulj\u00e1n, amely felt\u0171n\u0151 kontrasztot teremt a borotv\u00e1lt vagy kopasz fejjel. A h\u00e1ts\u00f3 r\u00e9sz telts\u00e9g\u00e9re helyezett hangs\u00faly text\u00far\u00e1t \u00e9s dimenzi\u00f3t ad az \u00e1ltal\u00e1nos st\u00edlushoz, \u00edgy ide\u00e1lis v\u00e1laszt\u00e1s azok sz\u00e1m\u00e1ra, akik mer\u00e9sz \u00e9s dinamikus megjelen\u00e9st szeretn\u00e9nek el\u00e9rni.<\/span><\/p>\n<h3><span style=\"color: #000000;\">Kopasz \u00e9s selymes<\/span><\/h3>\n<p><span style=\"color: #000000;\"><img decoding=\"async\" src=\"https:\/\/docerp.s3.amazonaws.com\/erp\/cms\/cd4646c9-3691-4adb-bcde-941ae45afaf5.webp\" alt=\"Kopasz Mullet\" width=\"700\"><\/span><\/p>\n<p><span style=\"color: #000000;\">Ez a st\u00edlus \u00f6tv\u00f6zi a borotv\u00e1lt vagy kopasz fej simas\u00e1g\u00e1t a h\u00e1ts\u00f3 hosszabb haj selymes, sima text\u00far\u00e1j\u00e1val. A k\u00e9t text\u00fara k\u00f6z\u00f6tti kontraszt \u00e9rdekes vizu\u00e1lis hat\u00e1st kelt, egy csipetnyi kifinomults\u00e1got \u00e9s kifinomults\u00e1got adva a kopasz m\u00e1rna \u00e9less\u00e9g\u00e9hez.<\/span><\/p>\n<h3><span style=\"color: #000000;\">B\u00e9lelt Kopasz Mullet<\/span><\/h3>\n<p><span style=\"color: #000000;\"><img decoding=\"async\" src=\"https:\/\/docerp.s3.amazonaws.com\/erp\/cms\/3e3ed68d-1edd-4587-a720-69a36cb61aaf.webp\" alt=\"Kopasz Mullet\" width=\"700\"><\/span><\/p>\n<p><span style=\"color: #000000;\">Adding a line or design to the faded or bald section of the head can elevate the bald mullet to a whole new level. Whether it&#8217;s a sharp, precision line or a creative pattern, it brings an artistic and individualistic touch to the hairstyle, showcasing attention to detail and personal style.<\/span><\/p>\n<h3><span style=\"color: #000000;\">Kett\u0151s k\u00e9tt\u00f3nus\u00fa m\u00e1rna<\/span><\/h3>\n<p><span style=\"color: #000000;\"><img decoding=\"async\" src=\"https:\/\/docerp.s3.amazonaws.com\/erp\/cms\/672d0b33-1fd8-4c6f-86ab-6c4c2dd3b025.webp\" alt=\"Kopasz Mullet\" width=\"700\"><\/span><\/p>\n<p><span style=\"color: #000000;\">Ez az egyed\u00fcl\u00e1ll\u00f3 vari\u00e1ci\u00f3 mag\u00e1ban foglalja a hosszabb sz\u0151rsz\u00e1lak h\u00e1ts\u00f3 r\u00e9sz\u00e9nek kett\u0151s, k\u00e9tt\u00f3nus\u00fa \u00e1rnyalat\u00fa fest\u00e9s\u00e9t. A kontrasztos sz\u00ednek \u00e9l\u00e9nk \u00e9s mer\u00e9sz megjelen\u00e9st k\u00f6lcs\u00f6n\u00f6znek, fokozz\u00e1k a frizura \u00f6sszhat\u00e1s\u00e1t, \u00e9s j\u00e1t\u00e9koss\u00e1g \u00e9s kreativit\u00e1s \u00e9rzet\u00e9t adj\u00e1k a klasszikus kopasz m\u00e1rn\u00e1hoz.<\/span><\/p>\n<h3><span style=\"color: #000000;\">Shaun Palmer<\/span><\/h3>\n<p><span style=\"color: #000000;\"><img decoding=\"async\" src=\"https:\/\/docerp.s3.amazonaws.com\/erp\/cms\/b1deaff5-11f4-4011-94a0-98ca2d633815.webp\" alt=\"Kopasz Mullet\" width=\"700\"><\/span><\/p>\n<p><span style=\"color: #000000;\">A Shaun Palmer professzion\u00e1lis snowboardos ihlette kopasz m\u00e1rna massz\u00edv \u00e9s sportos hangulatot \u00e1raszt. A borotv\u00e1lt vagy kopasz fejet hosszabb, textur\u00e1lt h\u00e1ttal kombin\u00e1lja, \u00edgy kalandot \u00e9s szabadt\u00e9ri energi\u00e1t sug\u00e1rz\u00f3 frizur\u00e1t alkot.<\/span><\/p>\n<h3><span style=\"color: #000000;\">Kopasz Mullet Borotvamatric\u00e1val<\/span><\/h3>\n<p><span style=\"color: #000000;\"><img decoding=\"async\" src=\"https:\/\/docerp.s3.amazonaws.com\/erp\/cms\/3464a709-2ca5-4da1-bf69-4bf0e2bdea2c.webp\" alt=\"Kopasz Mullet\" width=\"700\"><\/span><\/p>\n<p><span style=\"color: #000000;\">Adding a razor decal or design to the shaved or bald section of the head can create a visually striking effect. Whether it&#8217;s a simple line or an intricate pattern, the razor decal adds an edgy and artistic element to the bald mullet, showcasing individuality and personal flair.<\/span><\/p>\n<h3><span style=\"color: #000000;\">Elektromos v\u00f6r\u00f6s koponya<\/span><\/h3>\n<p><span style=\"color: #000000;\"><img decoding=\"async\" src=\"https:\/\/docerp.s3.amazonaws.com\/erp\/cms\/afbdad52-403a-42d2-a63b-20e1f4976bdf.webp\" alt=\"Kopasz Mullet\" width=\"700\"><\/span><\/p>\n<p><span style=\"color: #000000;\">Ez a mer\u00e9sz \u00e9s mer\u00e9sz vari\u00e1ci\u00f3 az elektromos v\u00f6r\u00f6s \u00e9l\u00e9nk \u00e1rnyalat\u00e1t \u00f6leli fel a h\u00e1ts\u00f3 hosszabb hajhoz. Az intenz\u00edv sz\u00ednv\u00e1laszt\u00e9k felforgatja a fejeket \u00e9s megsz\u00f3lal, modern \u00e9s mer\u00e9sz csavart adva a klasszikus kopasz m\u00e1rn\u00e1nak.<\/span><\/p>\n<h3><span style=\"color: #000000;\">Egyenruha Kopasz M\u00e1rna<\/span><\/h3>\n<p><span style=\"color: #000000;\"><img decoding=\"async\" src=\"https:\/\/docerp.s3.amazonaws.com\/erp\/cms\/8c617c92-264c-4136-9ab9-1b7789e14430.webp\" alt=\"Kopasz Mullet\" width=\"700\"><\/span><\/p>\n<p><span style=\"color: #000000;\">Ez a st\u00edlus egyenletesen tartja a haj hossz\u00e1t a teljes h\u00e1ts\u00f3 r\u00e9szen, egys\u00e9ges \u00e9s sz\u00e9pen struktur\u00e1lt megjelen\u00e9st biztos\u00edtva. Kifinomultabb \u00e9s kifinomultabb megjelen\u00e9st k\u00edn\u00e1l a kopasz m\u00e1rn\u00e1nak, t\u00f6k\u00e9letes azok sz\u00e1m\u00e1ra, akik az eleg\u00e1ns \u00e9s kifinomult megjelen\u00e9st kedvelik.<\/span><\/p>\n<h3><span style=\"color: #000000;\">Textur\u00e1lt Kopasz Mullet<\/span><\/h3>\n<p><span style=\"color: #000000;\"><img decoding=\"async\" src=\"https:\/\/docerp.s3.amazonaws.com\/erp\/cms\/b1e959ea-17fb-48ad-9042-4efe3392586e.webp\" alt=\"Kopasz Mullet\" width=\"700\"><\/span><\/p>\n<p><span style=\"color: #000000;\">Ez a frizura a h\u00e1ts\u00f3 hosszabb haj text\u00far\u00e1j\u00e1nak jav\u00edt\u00e1s\u00e1ra \u00f6sszpontos\u00edt. A r\u00e9tegekkel, f\u00fcrt\u00f6kkel, hull\u00e1mokkal vagy k\u00f3cos st\u00edlussal a textur\u00e1lt kopasz m\u00e1rna m\u00e9lys\u00e9get \u00e9s mozg\u00e1st k\u00f6lcs\u00f6n\u00f6z az \u00f6sszk\u00e9pnek, egy kis massz\u00edvs\u00e1got \u00e9s egy\u00e9nis\u00e9get k\u00f6lcs\u00f6n\u00f6zve.<\/span><\/p>\n<h3><span style=\"color: #000000;\">Kopasz M\u00e1rna Kiemelked\u0151kkel<\/span><\/h3>\n<p><span style=\"color: #000000;\"><img decoding=\"async\" src=\"https:\/\/docerp.s3.amazonaws.com\/erp\/cms\/192ddf05-c80c-41c0-b027-1e10cb2ee747.webp\" alt=\"Kopasz Mullet\" width=\"700\"><\/span><\/p>\n<p><span style=\"color: #000000;\">Incorporating highlights into the longer hair at the back can add dimension and visual interest to the bald mullet. Whether it&#8217;s subtle, natural-looking highlights or bolder, contrasting colors, they provide a dynamic and eye-catching element to the hairstyle, enhancing its uniqueness.<\/span><\/p>\n<h3><span style=\"color: #000000;\">Duuotone Kopasz M\u00e1rna<\/span><\/h3>\n<p><span style=\"color: #000000;\"><img decoding=\"async\" src=\"https:\/\/docerp.s3.amazonaws.com\/erp\/cms\/ea419fd5-be25-40fa-a6c9-114c43b560ae.webp\" alt=\"Kopasz Mullet\" width=\"700\"><\/span><\/p>\n<p><span style=\"color: #000000;\">A kett\u0151s, k\u00e9tt\u00f3nus\u00fa m\u00e1rn\u00e1hoz hasonl\u00f3an a du\u00f3t\u00f3nus\u00fa kopasz m\u00e1rna k\u00e9t k\u00fcl\u00f6nb\u00f6z\u0151 \u00e1rnyalatot kombin\u00e1l, de finomabb megk\u00f6zel\u00edt\u00e9ssel. A k\u00e9t t\u00f3nus harmonikusan kieg\u00e9sz\u00edti egym\u00e1st, kiegyens\u00falyozott \u00e9s \u00f6sszef\u00fcgg\u0151 megjelen\u00e9st hozva l\u00e9tre, amely m\u00e9lys\u00e9get \u00e9s karaktert ad a frizur\u00e1nak.<\/span><\/p>\n<h3><span style=\"color: #000000;\">Kopasz Mullet raszt\u00e1khoz<\/span><\/h3>\n<p><span style=\"color: #000000;\"><img decoding=\"async\" src=\"https:\/\/docerp.s3.amazonaws.com\/erp\/cms\/fa478f3a-2971-4800-872d-f692bd93935f.webp\" alt=\"Kopasz Mullet\" width=\"700\"><\/span><\/p>\n<p><span style=\"color: #000000;\">Ez a st\u00edlus \u00f6tv\u00f6zi a kopasz m\u00e1rna \u00e9less\u00e9g\u00e9t \u00e9s a raszta id\u0151tlen vonzerej\u00e9t. A borotv\u00e1lt vagy kopasz fej felt\u0171n\u0151 alapk\u00e9nt szolg\u00e1l a h\u00e1ts\u00f3 hossz\u00fa, csavart raszt\u00e1khoz, mer\u00e9sz \u00e9s szokatlan f\u00fazi\u00f3t hozva l\u00e9tre, amely egy\u00e9nis\u00e9get \u00e9s kultur\u00e1lis hat\u00e1st mutat be.<\/span><\/p>\n<h3><span style=\"color: #000000;\">Jarhead Kopasz Mullet<\/span><\/h3>\n<p><span style=\"color: #000000;\"><img decoding=\"async\" src=\"https:\/\/docerp.s3.amazonaws.com\/erp\/cms\/1e0aa5a9-f539-4bd4-86da-3c1cf43399e7.webp\" alt=\"Kopasz Mullet\" width=\"700\"><\/span><\/p>\n<p><span style=\"color: #000000;\">Inspired by the military-inspired &#8220;jarhead&#8221; haircut, this bald mullet features a neatly trimmed, tapered back section. This variation offers a clean and polished look while retaining the rebelliousness and distinctiveness of the mullet, making it a versatile choice for those who want a more refined yet edgy style.<\/span><\/p>\n<h2><span style=\"color: #000000;\">Hogyan szerezheti meg a kopasz m\u00e1rna kin\u00e9zet\u00e9t?<\/span><\/h2>\n<p><span style=\"color: #000000;\">If you&#8217;re a newbie looking to achieve the bald mullet look, here&#8217;s a step-by-step guide to help you rock this trendy haircut:<\/span><\/p>\n<ol>\n<li><span style=\"color: #000000;\">Kezdje a m\u00e1rna hossz\u00e1nak \u00e9s st\u00edlus\u00e1nak eld\u00f6nt\u00e9s\u00e9vel.<\/span><\/li>\n<li><span style=\"color: #000000;\">Keressen fel egy professzion\u00e1lis fodr\u00e1szt vagy fodr\u00e1szt, aki j\u00e1rtas m\u00e1rna frizur\u00e1k k\u00e9sz\u00edt\u00e9s\u00e9ben.<\/span><\/li>\n<li><span style=\"color: #000000;\">A fodr\u00e1sz el\u0151sz\u00f6r borotv\u00e1lkozik vagy alaposan lev\u00e1gja a fej oldal\u00e1t \u00e9s el\u00fcls\u0151 r\u00e9sz\u00e9t.<\/span><\/li>\n<li><span style=\"color: #000000;\">Ezut\u00e1n a stylist a fej h\u00e1ts\u00f3 r\u00e9sz\u00e9n dolgozik, meghagyva a k\u00edv\u00e1nt hossz\u00fas\u00e1g\u00fa hajat.<\/span><\/li>\n<li><span style=\"color: #000000;\">Miut\u00e1n kialakult a kopasz m\u00e1rna alapform\u00e1ja, a stylist finom\u00edtja a megjelen\u00e9st a borotv\u00e1lt \u00e9s a hosszabb r\u00e9szek k\u00f6z\u00f6tti \u00e1tmenetek kever\u00e9s\u00e9vel.<\/span><\/li>\n<li><span style=\"color: #000000;\">A hajv\u00e1g\u00e1s befejez\u00e9se ut\u00e1n a stylist form\u00e1zhatja a megmaradt hajat olyan term\u00e9kekkel, mint a g\u00e9l vagy viasz, hogy text\u00far\u00e1t adjon vagy megtartsa a m\u00e1rna alakj\u00e1t.<\/span><\/li>\n<li><span style=\"color: #000000;\">A kopasz m\u00e1rna megjelen\u00e9s\u00e9nek meg\u0151rz\u00e9se \u00e9rdek\u00e9ben rendszeres jav\u00edt\u00e1sok \u00e9s v\u00e1g\u00e1sok javasoltak, hogy a borotv\u00e1lt r\u00e9szek rendben maradjanak.<\/span><\/li>\n<\/ol>\n<h2><span style=\"color: #000000;\">Kopasz Mullet Haircut alternat\u00edva<\/span><\/h2>\n<p><span style=\"color: #000000;\"><img decoding=\"async\" src=\"https:\/\/docerp.s3.amazonaws.com\/erp\/cms\/220dc84d-f145-48fe-ba20-e5e4cde72769.webp\" alt=\"Kopasz Mullet\" width=\"700\"><\/span><\/p>\n<p><span style=\"color: #000000;\">Ha a kopasz m\u00e1rna megjelen\u00e9s\u00e9t\u0151l elt\u00e9r\u0151 frizur\u00e1t keresel, akkor a <a href=\"https:\/\/rehairsystem.com\/collections\/stock-hair-systems\" target=\"_blank\" rel=\"noopener\"><span style=\"color: #ff0000;\"><strong>Men&#8217;s Hair System <\/strong><\/span><\/a>kiv\u00e1l\u00f3 alternat\u00edv\u00e1t k\u00edn\u00e1l! Ez a hajrendszer t\u00f6k\u00e9letes megold\u00e1st k\u00edn\u00e1l az esetlegesen el\u0151fordul\u00f3 kopasz foltok elfed\u00e9s\u00e9re, lehet\u0151v\u00e9 t\u00e9ve, hogy visszanyerje \u00f6nbizalm\u00e1t \u00e9s sokoldal\u00fabb megjelen\u00e9st kapjon.<\/span><\/p>\n<p><span style=\"color: #000000;\">Additionally, the men&#8217;s hair system gives you the freedom to experiment with various haircuts that you desire, without worrying about the limitations imposed by your own hair. Whether you want to sport a trendy undercut or a stylish pompadour, the toupee allows you to effortlessly achieve any hairstyle you desire. Furthermore, the hair replacement system not only enhances your appearance but also provides protection to your own hair. It acts as a safeguard, preventing any further damage that hairstyling products or heat tools could cause.<\/span><\/p>\n<p><span style=\"color: #000000;\">With the men&#8217;s hair system, you can confidently express yourself through your hairstyle while ensuring the health and well-being of your natural hair!<\/span><\/p>\n<h3><span style=\"color: #000000;\">Buy Men&#8217;s Toupee Hair System from Rehairsystem.com<\/span><\/h3>\n<p><span style=\"color: #000000;\">B\u00fcszk\u00e9k vagyunk arra, hogy megb\u00edzhat\u00f3 hajfest\u00e9k bolt vagyunk, amely pr\u00e9mium, de megfizethet\u0151 hajrendszereket k\u00edn\u00e1l f\u00e9rfiaknak \u00e9s n\u0151knek egyar\u00e1nt. Els\u0151dleges c\u00e9lunk, hogy olyan hajd\u00edszeket \u00e9s frizur\u00e1kokat biztos\u00edtsunk \u00d6nnek, amelyek nemcsak term\u00e9szetes sz\u00e9ps\u00e9g\u00e9t er\u0151s\u00edtik, hanem \u00f6nbizalm\u00e1t is n\u00f6velik. Tiszt\u00e1ban vagyunk azzal, hogy mindenkinek vannak egyedi preferenci\u00e1i, ez\u00e9rt par\u00f3k\u00e1k sz\u00e9les v\u00e1laszt\u00e9k\u00e1t k\u00edn\u00e1ljuk, hogy biztosan megtal\u00e1lja a st\u00edlus\u00e1nak \u00e9s szem\u00e9lyis\u00e9g\u00e9nek legink\u00e1bb megfelel\u0151t.<\/span><\/p>\n<p><span style=\"color: #000000;\">A v\u00e1s\u00e1rl\u00e1s egyik legfontosabb el\u0151nye <em><strong>Rehairsystem.com<\/strong><\/em> is our global reach. Regardless of your location, whether you&#8217;re in the USA, UK, Australia, Canada, New Zealand, Singapore, or anywhere else in the world, we can deliver our exceptional toupees directly to your doorstep. Our fast and secure shipping services guarantee that you can conveniently browse and purchase from the comfort of your own home.<\/span><\/p>\n<p><span style=\"color: #000000;\">Visit Rehairsystem.com today and explore our men&#8217;s and women&#8217;s hair systems. In addition to finding the perfect toupee for baldness, you&#8217;ll discover a wide range of other incredible hairpieces designed to meet your specific needs.<\/span><\/p>\n\n\n<h2 class=\"wp-block-heading has-contrast-color has-text-color\">GYIK<\/h2>\n\n\n<div id=\"rank-math-faq\" class=\"rank-math-block\">\n<div class=\"rank-math-list\">\n<div id=\"faq-question-1692240991170\" class=\"rank-math-list-item\">\n<h3 class=\"rank-math-question\">Mit nevezel kopasz m\u00e1rn\u00e1nak?<\/h3>\n<div class=\"rank-math-answer\">\n\n<p>A kopasz m\u00e1rn\u00e1t \u00e1ltal\u00e1ban \u201ekoponya\u201d-nak vagy \u201ekopaszfej\u0171 m\u00e1rn\u00e1nak\u201d nevezik.<\/p>\n\n<\/div>\n<\/div>\n<div id=\"faq-question-1692241010355\" class=\"rank-math-list-item\">\n<h3 class=\"rank-math-question\">Lehet-e m\u00e1rna a kopaszoknak?<\/h3>\n<div class=\"rank-math-answer\">\n\n<p>Igen, a kopaszoknak is lehet m\u00e1rna. A m\u00e1rna arra a jellegzetes frizur\u00e1ra utal, amelynek tetej\u00e9n r\u00f6videbb, oldalt pedig hosszabb haj h\u00e1tul, f\u00fcggetlen\u00fcl att\u00f3l, hogy valaki kopasz vagy haja van.<\/p>\n\n<\/div>\n<\/div>\n<div id=\"faq-question-1692241022435\" class=\"rank-math-list-item\">\n<h3 class=\"rank-math-question\">Mi\u00e9rt h\u00edres a m\u00e1rna?<\/h3>\n<div class=\"rank-math-answer\">\n\n<p>A m\u00e1rna az 1980-as \u00e9vekben szerzett h\u00edrnevet \u00e9s elismer\u00e9st, \u00e9s kapcsolatba ker\u00fclt a popul\u00e1ris kult\u00far\u00e1val, k\u00fcl\u00f6n\u00f6sen az Egyes\u00fclt \u00c1llamokban. K\u00fcl\u00f6nb\u00f6z\u0151 szubkult\u00far\u00e1k \u00e9s h\u00edress\u00e9gek \u00f6lelt\u00e9k fel, hozz\u00e1j\u00e1rulva ikonikus st\u00e1tusz\u00e1hoz \u00e9s trendj\u00e9hez abban az id\u0151ben.<\/p>\n\n<\/div>\n<\/div>\n<div id=\"faq-question-1692241036059\" class=\"rank-math-list-item\">\n<h3 class=\"rank-math-question\">Mi a k\u00fcl\u00f6nbs\u00e9g a serpeny\u0151s \u00e9s a m\u00e1rna hajv\u00e1g\u00e1s k\u00f6z\u00f6tt?<\/h3>\n<div class=\"rank-math-answer\">\n\n<p>A &#8220;skillet&#8221; haircut is not a widely recognized term for a specific hairstyle. It might be a regional or colloquial expression for a mullet or another type of haircut. Generally, a mullet refers to the distinct combination of shorter hair on the top and sides and longer hair at the back.<\/p>\n\n<\/div>\n<\/div>\n<div id=\"faq-question-1692241050234\" class=\"rank-math-list-item\">\n<h3 class=\"rank-math-question\">B\u00e1rmely \u00e9letkor\u00fa ember viselhet kopasz m\u00e1rn\u00e1t?<\/h3>\n<div class=\"rank-math-answer\">\n\n<p>Igen, b\u00e1rmilyen kor\u00fa ember viselhet kopasz m\u00e1rn\u00e1t.<\/p>\n\n<\/div>\n<\/div>\n<div id=\"faq-question-1692241064546\" class=\"rank-math-list-item\">\n<h3 class=\"rank-math-question\">Neh\u00e9z karbantartani egy kopasz m\u00e1rn\u00e1t?<\/h3>\n<div class=\"rank-math-answer\">\n\n<p>A kopasz m\u00e1rna karbantart\u00e1sa viszonylag egyszer\u0171 lehet, mivel a r\u00f6videbb sz\u0151r a tetej\u00e9n \u00e9s az oldal\u00e1n minim\u00e1lis form\u00e1z\u00e1st \u00e9s karbantart\u00e1st ig\u00e9nyel.<\/p>\n\n<\/div>\n<\/div>\n<\/div>\n<\/div>\n\n\n<h2 class=\"wp-block-heading has-contrast-color has-text-color\">K\u00f6vetkeztet\u00e9s<\/h2>\n\n\n\n<p class=\"has-contrast-color has-text-color\">The bald mullet hairstyle offers a variety of alternatives for guys wishing to embrace their individuality and create a daring fashion statement, from retro-inspired forms to current interpretations. It&#8217;s a hairdo that simultaneously oozes self-assurance, rebelliousness, and a hint of nostalgia. There is a bald mullet style out there to fit every taste and personality, whether you prefer the classics or want a more modern touch.<\/p>","protected":false},"excerpt":{"rendered":"<p>When it comes to men&#8217;s hairstyles, the mullet has always managed to spark a mix of admiration and amusement. Now, taking the classic mullet to &#8230; <a title=\"15 legmen\u0151bb kopasz m\u00e1rna hajv\u00e1g\u00e1si \u00f6tlet f\u00e9rfiaknak\" class=\"read-more\" href=\"https:\/\/blog.rehairsystem.com\/hu\/15-legmenobb-kopasz-kagylo-frizura\/\" aria-label=\"Tov\u00e1bb 15 Coolest Bald Mullet Haircut Ideas for Men\">Olvass tov\u00e1bb<\/a><\/p>","protected":false},"author":2,"featured_media":8230,"comment_status":"closed","ping_status":"closed","sticky":false,"template":"","format":"standard","meta":[],"categories":[165],"tags":[355],"_links":{"self":[{"href":"https:\/\/blog.rehairsystem.com\/hu\/wp-json\/wp\/v2\/posts\/8215"}],"collection":[{"href":"https:\/\/blog.rehairsystem.com\/hu\/wp-json\/wp\/v2\/posts"}],"about":[{"href":"https:\/\/blog.rehairsystem.com\/hu\/wp-json\/wp\/v2\/types\/post"}],"author":[{"embeddable":true,"href":"https:\/\/blog.rehairsystem.com\/hu\/wp-json\/wp\/v2\/users\/2"}],"replies":[{"embeddable":true,"href":"https:\/\/blog.rehairsystem.com\/hu\/wp-json\/wp\/v2\/comments?post=8215"}],"version-history":[{"count":7,"href":"https:\/\/blog.rehairsystem.com\/hu\/wp-json\/wp\/v2\/posts\/8215\/revisions"}],"predecessor-version":[{"id":8428,"href":"https:\/\/blog.rehairsystem.com\/hu\/wp-json\/wp\/v2\/posts\/8215\/revisions\/8428"}],"wp:featuredmedia":[{"embeddable":true,"href":"https:\/\/blog.rehairsystem.com\/hu\/wp-json\/wp\/v2\/media\/8230"}],"wp:attachment":[{"href":"https:\/\/blog.rehairsystem.com\/hu\/wp-json\/wp\/v2\/media?parent=8215"}],"wp:term":[{"taxonomy":"category","embeddable":true,"href":"https:\/\/blog.rehairsystem.com\/hu\/wp-json\/wp\/v2\/categories?post=8215"},{"taxonomy":"post_tag","embeddable":true,"href":"https:\/\/blog.rehairsystem.com\/hu\/wp-json\/wp\/v2\/tags?post=8215"}],"curies":[{"name":"wp","href":"https:\/\/api.w.org\/{rel}","templated":true}]}}