{"id":9896,"date":"2023-12-01T06:24:17","date_gmt":"2023-12-01T06:24:17","guid":{"rendered":"https:\/\/blog.rehairsystem.com\/?p=9896"},"modified":"2023-12-01T06:24:36","modified_gmt":"2023-12-01T06:24:36","slug":"jewish-wig-shop-near-you-in-the-usa","status":"publish","type":"post","link":"https:\/\/blog.rehairsystem.com\/hu\/zsido-parokabolt-kozeled-az-usa-ban\/","title":{"rendered":"Keresse meg a legjobb zsid\u00f3 par\u00f3kaboltot a k\u00f6zelben az Egyes\u00fclt \u00c1llamokban"},"content":{"rendered":"<p><span style=\"color: #000000;\">\u00dcdv\u00f6z\u00f6lj\u00fck \u00fatmutat\u00f3nkban a legjobbak felfedez\u00e9s\u00e9hez <a href=\"https:\/\/rehairsystem.com\/collections\/jewish-women-wigs\"><span style=\"color: #ff0000;\"><strong>Zsid\u00f3 par\u00f3kaboltok a k\u00f6zelben<\/strong><\/span><\/a> szerte az Egyes\u00fclt \u00c1llamokban. Itt bemutatjuk az els\u0151 oszt\u00e1ly\u00fa l\u00e9tes\u00edtm\u00e9nyek gy\u0171jtem\u00e9ny\u00e9t, amelyek kifejezetten a zsid\u00f3 k\u00f6z\u00f6ss\u00e9g azon egy\u00e9nek sz\u00fcks\u00e9gleteit szolg\u00e1lj\u00e1k ki, akik kiv\u00e1l\u00f3 min\u0151s\u00e9g\u0171 par\u00f3k\u00e1kat keresnek. Csatlakozzon hozz\u00e1nk, amikor elindulunk, hogy seg\u00edtsen megtal\u00e1lni a t\u00f6k\u00e9letes par\u00f3k\u00e1t, amely megfelel az \u00d6n preferenci\u00e1inak \u00e9s megfelel a zsid\u00f3 szok\u00e1soknak.<\/span><\/p>\n<h2><span style=\"color: #000000;\">A zsid\u00f3 par\u00f3k\u00e1k ir\u00e1nti n\u00f6vekv\u0151 kereslet az Egyes\u00fclt \u00c1llamokban<\/span><\/h2>\n<p><span style=\"color: #000000;\">Az USA-ban folyamatosan n\u00f6vekszik a kereslet a zsid\u00f3 par\u00f3k\u00e1k ir\u00e1nt. Sok ortodox zsid\u00f3 n\u0151 eltakarja a haj\u00e1t a szer\u00e9nys\u00e9g jelek\u00e9nt, \u00e9s a par\u00f3ka n\u00e9pszer\u0171 v\u00e1laszt\u00e1s. Ezek a par\u00f3k\u00e1k, m\u00e1s n\u00e9ven sheitelek, term\u00e9szetes hajb\u00f3l k\u00e9sz\u00fclnek, \u00e9s val\u00f3s\u00e1gh\u0171en \u00e9s st\u00edlusosan n\u00e9znek ki. Ahogy egyre t\u00f6bb zsid\u00f3 n\u0151 d\u00f6nt \u00fagy, hogy eltakarja a haj\u00e1t, megn\u0151tt a kereslet ezekre a par\u00f3k\u00e1kra, ami vir\u00e1gz\u00f3 ipar\u00e1ghoz vezetett az Egyes\u00fclt \u00c1llamokban.<\/span><\/p>\n<p><span style=\"color: #000000;\">A zsid\u00f3 par\u00f3k\u00e1k ir\u00e1nti kereslet n\u00f6veked\u00e9se az \u00fcgyfelek sz\u00e1m\u00e1ra sz\u00e9lesebb v\u00e1laszt\u00e9khoz vezetett. Manaps\u00e1g sz\u00e1mos st\u00edlus, sz\u00edn \u00e9s hossz k\u00f6z\u00fcl v\u00e1laszthat, \u00edgy a n\u0151k megtal\u00e1lhatj\u00e1k az \u00edzl\u00e9s\u00fcknek \u00e9s preferenci\u00e1iknak megfelel\u0151 par\u00f3k\u00e1t. Ezenk\u00edv\u00fcl a par\u00f3kagy\u00e1rt\u00f3k folyamatosan fejlesztik technik\u00e1ikat, hogy term\u00e9szetesebb megjelen\u00e9s\u0171 par\u00f3k\u00e1kat hozzanak l\u00e9tre, jav\u00edtva ezzel a term\u00e9kek \u00e1ltal\u00e1nos min\u0151s\u00e9g\u00e9t. A zsid\u00f3 par\u00f3k\u00e1k ir\u00e1nti kereslet n\u00f6veked\u00e9s\u00e9vel az Egyes\u00fclt \u00c1llamokban nyilv\u00e1nval\u00f3, hogy ezek a par\u00f3k\u00e1k sok ortodox zsid\u00f3 n\u0151 n\u00e9lk\u00fcl\u00f6zhetetlen kell\u00e9k\u00e9v\u00e9 v\u00e1ltak.<\/span><\/p>\n<h2><span style=\"color: #000000;\">A zsid\u00f3 par\u00f3kaboltban val\u00f3 v\u00e1s\u00e1rl\u00e1s el\u0151nyei<\/span><\/h2>\n<p><span style=\"color: #000000;\">\u00cdme n\u00e9h\u00e1ny el\u0151ny ehhez:<\/span><\/p>\n<ol>\n<li><span style=\"color: #000000;\"><span style=\"text-decoration: underline;\"><em><strong>Hiteless\u00e9g:<\/strong><\/em><\/span> A zsid\u00f3 par\u00f3kaboltban val\u00f3 v\u00e1s\u00e1rl\u00e1s biztos\u00edtja, hogy kifejezetten a zsid\u00f3 k\u00f6z\u00f6ss\u00e9g ig\u00e9nyeire tervezett \u00e9s gy\u00e1rtott par\u00f3k\u00e1kat kapjon. Meg\u00e9rtik a vall\u00e1si ir\u00e1nyelvek betart\u00e1s\u00e1nak fontoss\u00e1g\u00e1t, \u00e9s olyan par\u00f3k\u00e1kat biztos\u00edtanak, amelyek a zsid\u00f3 szok\u00e1sok szerint k\u00e9sz\u00fclnek.<\/span><\/li>\n<li><span style=\"color: #000000;\"><strong><em><span style=\"text-decoration: underline;\">Szakv\u00e9lem\u00e9ny:<\/span><\/em><\/strong> A zsid\u00f3 par\u00f3kaboltok gyakran hozz\u00e1\u00e9rt\u0151 \u00e9s tapasztalt szem\u00e9lyzettel rendelkeznek, akik seg\u00edtenek a megfelel\u0151 par\u00f3ka kiv\u00e1laszt\u00e1s\u00e1ban. Meg\u00e9rtik \u00fcgyfeleik egyedi ig\u00e9nyeit \u00e9s preferenci\u00e1it, \u00e9s szem\u00e9lyre szabott tan\u00e1csokat \u00e9s seg\u00edts\u00e9get tudnak ny\u00fajtani.<\/span><\/li>\n<li><span style=\"color: #000000;\"><span style=\"text-decoration: underline;\"><em><strong>Kiv\u00e1l\u00f3 min\u0151s\u00e9gi szabv\u00e1nyok:<\/strong><\/em><\/span> A zsid\u00f3 par\u00f3kaboltok el\u0151t\u00e9rbe helyezik term\u00e9keik min\u0151s\u00e9g\u00e9t. \u00c1ltal\u00e1ban j\u00f3 min\u0151s\u00e9g\u0171 hajat szereznek be, \u00e9s szakk\u00e9pzett k\u00e9zm\u0171ves munk\u00e1val k\u00e9sz\u00edtenek tart\u00f3s, k\u00e9nyelmes \u00e9s term\u00e9szetes megjelen\u00e9s\u0171 par\u00f3k\u00e1kat.\u00a0<\/span><\/li>\n<li><span style=\"color: #000000;\"><span style=\"text-decoration: underline;\"><em><strong>Lehet\u0151s\u00e9gek k\u00f6re:<\/strong><\/em><\/span> Ezek az \u00fczletek par\u00f3ka st\u00edlusok, sz\u00ednek \u00e9s hosszok sz\u00e9les v\u00e1laszt\u00e9k\u00e1t k\u00edn\u00e1lj\u00e1k, hogy megfeleljenek a k\u00fcl\u00f6nb\u00f6z\u0151 \u00edzl\u00e9seknek \u00e9s preferenci\u00e1knak. Ak\u00e1r hossz\u00fa, g\u00f6nd\u00f6r par\u00f3k\u00e1t, ak\u00e1r r\u00f6vid, egyenes fazont keres, egy zsid\u00f3 par\u00f3kaboltban nagy val\u00f3sz\u00edn\u0171s\u00e9ggel v\u00e1ltozatos v\u00e1laszt\u00e9kot tal\u00e1l.<\/span><\/li>\n<li><span style=\"color: #000000;\"><span style=\"text-decoration: underline;\"><em><strong>Kultur\u00e1lis \u00e9rz\u00e9kenys\u00e9g:<\/strong><\/em><\/span> Shopping at a Jewish wig shop provides a culturally sensitive environment where your specific needs and concerns are understood and respected. The staff is trained to handle requests related to religious observance and can address any questions or concerns you may have regarding the wigs&#8217; origins, materials used, or styling options.<\/span><\/li>\n<\/ol>\n<h2><span style=\"color: #000000;\">A zsid\u00f3 par\u00f3kabolt kiv\u00e1laszt\u00e1sakor figyelembe vett t\u00e9nyez\u0151k<\/span><\/h2>\n<p><span style=\"color: #000000;\"><img decoding=\"async\" src=\"https:\/\/docerp.s3.amazonaws.com\/erp\/cms\/373c80e6-28bd-48a0-bf3b-2170155ce910.webp\" alt=\"A zsid\u00f3 par\u00f3kabolt kiv\u00e1laszt\u00e1sakor figyelembe vett t\u00e9nyez\u0151k\" width=\"700\" \/><\/span><\/p>\n<p><span style=\"color: #000000;\">A zsid\u00f3 par\u00f3kabolt kiv\u00e1laszt\u00e1sakor fontos a min\u0151s\u00e9g \u00e9s a hiteless\u00e9g. Olyan par\u00f3k\u00e1kat szeretne, amelyek megfelelnek a vall\u00e1si ir\u00e1nyelveknek. A st\u00edluslehet\u0151s\u00e9gek is sz\u00e1m\u00edtanak, ez\u00e9rt v\u00e1lasszon v\u00e1ltozatos \u00fczletet. Az \u00e1r \u00e9s a k\u00f6lts\u00e9gvet\u00e9s szint\u00e9n kulcsfontoss\u00e1g\u00fa szempontok. Keressen olyan \u00fczletet, ahol j\u00f3 min\u0151s\u00e9g\u0171, k\u00fcl\u00f6nb\u00f6z\u0151 st\u00edlusok \u00e9s p\u00e9nzt\u00e1rc\u00e1j\u00e1nak megfelel\u0151 \u00e1rak vannak.<\/span><\/p>\n<h3><span style=\"color: #000000;\">Min\u0151s\u00e9g \u00e9s hiteless\u00e9g<\/span><\/h3>\n<p><span style=\"color: #000000;\">A zsid\u00f3 par\u00f3kabolt kiv\u00e1laszt\u00e1sakor az egyik legfontosabb szempont az \u00e1ltaluk k\u00edn\u00e1lt par\u00f3k\u00e1k min\u0151s\u00e9ge \u00e9s hiteless\u00e9ge. A j\u00f3 h\u00edr\u0171 \u00fczletek el\u0151nyben r\u00e9szes\u00edtik a kiv\u00e1l\u00f3 min\u0151s\u00e9g\u0171 haj \u00e9s anyagok haszn\u00e1lat\u00e1t, hogy term\u00e9szetesnek l\u00e1tsz\u00f3 \u00e9s k\u00e9nyelmes par\u00f3k\u00e1kat k\u00e9sz\u00edtsenek. Be kell tartaniuk a vall\u00e1si ir\u00e1nyelveket \u00e9s szok\u00e1sokat, biztos\u00edtva, hogy a par\u00f3k\u00e1k megfeleljenek a zsid\u00f3 k\u00f6z\u00f6ss\u00e9g saj\u00e1tos ig\u00e9nyeinek. Keressen olyan \u00fczleteket, amelyek tart\u00f3s \u00e9s val\u00f3s\u00e1gh\u0171 par\u00f3k\u00e1k gy\u00e1rt\u00e1s\u00e1r\u00f3l h\u00edresek.<\/span><\/p>\n<h3><span style=\"color: #000000;\">St\u00edlus \u00e9s testreszab\u00e1si lehet\u0151s\u00e9gek<\/span><\/h3>\n<p><span style=\"color: #000000;\">A k\u00fcl\u00f6nb\u00f6z\u0151 egy\u00e9nek elt\u00e9r\u0151 preferenci\u00e1kkal rendelkeznek, amikor a par\u00f3ka st\u00edlus\u00e1r\u00f3l van sz\u00f3. Egy j\u00f3 zsid\u00f3 par\u00f3kabolt sz\u00e1mos st\u00edlust \u00e9s testreszab\u00e1si lehet\u0151s\u00e9get k\u00edn\u00e1l, hogy megfeleljen ezeknek a k\u00fcl\u00f6nf\u00e9le ig\u00e9nyeknek. Ak\u00e1r hossz\u00fa, ak\u00e1r r\u00f6vid, g\u00f6nd\u00f6r vagy egyenes hajat, vagy egy adott sz\u00ednt r\u00e9szes\u00edt el\u0151nyben, az \u00fczletnek sokf\u00e9le v\u00e1laszt\u00e1si lehet\u0151s\u00e9get kell k\u00edn\u00e1lnia. Ezenk\u00edv\u00fcl szakk\u00e9pzett stylistokkal kell rendelkezni\u00fck, akik seg\u00edthetnek a par\u00f3ka testreszab\u00e1s\u00e1ban, hogy illeszkedjen az \u00d6n k\u00edv\u00e1nt megjelen\u00e9s\u00e9hez, biztos\u00edtva, hogy az illeszkedjen az arcform\u00e1j\u00e1hoz \u00e9s a szem\u00e9lyes st\u00edlus\u00e1hoz.<\/span><\/p>\n<h3><span style=\"color: #000000;\">\u00c1rk\u00e9pz\u00e9si \u00e9s k\u00f6lts\u00e9gvet\u00e9si szempontok<\/span><\/h3>\n<p><span style=\"color: #000000;\">It&#8217;s important to take pricing and budget into account when selecting a Jewish wig shop. Wigs can vary significantly in price, so determine your budget beforehand. Look for shops that offer a range of price options to accommodate different budgets. While affordability is important, keep in mind that quality should not be compromised. It&#8217;s worthwhile to invest in a wig that is made with care and craftsmanship, as it will likely last longer and provide a more natural appearance.<\/span><\/p>\n<h2><span style=\"color: #000000;\">Keresse meg a legjobb zsid\u00f3 par\u00f3ka boltot a k\u00f6zelben az Egyes\u00fclt \u00c1llamokban<\/span><\/h2>\n<h3><span style=\"color: #000000;\">Fizikai \u00e1ruh\u00e1zak<\/span><\/h3>\n<p><span style=\"color: #000000;\"><strong>Shuly Wigs Inc<\/strong><\/span><\/p>\n<p><span style=\"color: #000000;\">Weboldal: https:\/\/www.shulywigs.com\/<\/span><\/p>\n<p><span style=\"color: #000000;\">Le\u00edr\u00e1s: A Shuly Wigs Inc egy j\u00f3l ismert fizikai \u00fczlet az Egyes\u00fclt \u00c1llamokban, amely kiv\u00e1l\u00f3 min\u0151s\u00e9g\u0171 zsid\u00f3 par\u00f3k\u00e1k biztos\u00edt\u00e1s\u00e1ra specializ\u00e1l\u00f3dott. Az \u00e1ruh\u00e1z term\u00e9szetes emberi hajb\u00f3l k\u00e9sz\u00fclt par\u00f3k\u00e1k sz\u00e9les gy\u0171jtem\u00e9ny\u00e9t k\u00edn\u00e1lja, amelyek megfelelnek a v\u00e1s\u00e1rl\u00f3k v\u00e1ltozatos ig\u00e9nyeinek \u00e9s preferenci\u00e1inak. A Shuly Wigs Inc h\u00edres kiv\u00e1l\u00f3 \u00fcgyf\u00e9lszolg\u00e1lat\u00e1r\u00f3l, \u00e9s tapasztalt szakemberekb\u0151l \u00e1ll\u00f3 csapata biztos\u00edtja, hogy minden v\u00e1s\u00e1rl\u00f3 megtal\u00e1lja a st\u00edlus\u00e1nak \u00e9s megjelen\u00e9s\u00e9nek megfelel\u0151 par\u00f3k\u00e1t.<\/span><\/p>\n<p><span style=\"color: #000000;\">C\u00edm: 4016 18th Ave, Brooklyn, NY 11218<\/span><\/p>\n<p><span style=\"color: #000000;\">\u00d3ra: 10-17 \u00f3r\u00e1ig<\/span><\/p>\n<p><span style=\"color: #000000;\">Telefon: +17188517778<\/span><\/p>\n<p><span style=\"color: #000000;\">Fel\u00fclvizsg\u00e1lat:<\/span><\/p>\n<p><span style=\"color: #000000;\"><img decoding=\"async\" src=\"https:\/\/docerp.s3.amazonaws.com\/erp\/cms\/954911bb-9f9a-4e14-b7a3-358c85fb2a6d.webp\" alt=\"Keresse meg a legjobb zsid\u00f3 par\u00f3ka boltot a k\u00f6zelben az Egyes\u00fclt \u00c1llamokban\" width=\"700\" \/><\/span><\/p>\n<p><span style=\"color: #000000;\"><strong>Yaffa par\u00f3k\u00e1k<\/strong><\/span><\/p>\n<p><span style=\"color: #000000;\">Weboldal: http:\/\/www.yaffawigsusa.com\/<\/span><\/p>\n<p><span style=\"color: #000000;\">Le\u00edr\u00e1s: A Yaffa Wigs egy h\u00edres fizikai bolt az Egyes\u00fclt \u00c1llamokban, amely kifejezetten a zsid\u00f3 k\u00f6z\u00f6ss\u00e9g sz\u00e1m\u00e1ra k\u00e9sz\u00fclt kiv\u00e1l\u00f3 min\u0151s\u00e9g\u0171 par\u00f3k\u00e1k biztos\u00edt\u00e1s\u00e1ra specializ\u00e1l\u00f3dott. Az \u00fczlet kiv\u00e1l\u00f3 anyagokb\u00f3l k\u00e9sz\u00fclt par\u00f3k\u00e1k sz\u00e9les gy\u0171jtem\u00e9ny\u00e9vel b\u00fcszk\u00e9lkedhet, amely biztos\u00edtja a tart\u00f3ss\u00e1got \u00e9s a k\u00e9nyelmet. A r\u00e9szletekre val\u00f3 apr\u00f3l\u00e9kos odafigyel\u00e9ssel ezeket a par\u00f3k\u00e1kat kit\u0171n\u0151en \u00fagy tervezt\u00e9k, hogy fokozz\u00e1k visel\u0151j\u00e9nek term\u00e9szetes sz\u00e9ps\u00e9g\u00e9t. A Yaffa Wigs nemcsak a par\u00f3k\u00e1k kiv\u00e9teles v\u00e1laszt\u00e9k\u00e1t k\u00edn\u00e1lja, hanem szem\u00e9lyre szabott tan\u00e1csad\u00e1st is biztos\u00edt, biztos\u00edtva, hogy minden v\u00e1s\u00e1rl\u00f3 a lehet\u0151 legnagyobb t\u00f6r\u0151d\u00e9st \u00e9s figyelmet kapja.<\/span><\/p>\n<p><span style=\"color: #000000;\">C\u00edm: 4118 13th Ave, Brooklyn, NY 11219<\/span><\/p>\n<p><span style=\"color: #000000;\">\u00d3ra: 11-17 \u00f3r\u00e1ig<\/span><\/p>\n<p><span style=\"color: #000000;\">Telefon: +17184367760<\/span><\/p>\n<p><span style=\"color: #000000;\">Fel\u00fclvizsg\u00e1lat:<\/span><\/p>\n<p><span style=\"color: #000000;\"><img decoding=\"async\" src=\"https:\/\/docerp.s3.amazonaws.com\/erp\/cms\/aee59251-879f-4a69-bf39-c7842417f71c.webp\" alt=\"Keresse meg a legjobb zsid\u00f3 par\u00f3ka boltot a k\u00f6zelben az Egyes\u00fclt \u00c1llamokban\" width=\"700\" \/><\/span><\/p>\n<h3><span style=\"color: #000000;\">Online kiskeresked\u0151k<\/span><\/h3>\n<p><span style=\"color: #000000;\"><strong>Shani Wigs<\/strong><\/span><\/p>\n<p><span style=\"color: #000000;\">Weboldal: https:\/\/shaniwigs.com\/<\/span><\/p>\n<p><span style=\"color: #000000;\">Le\u00edr\u00e1s: A Shani Wigs egy j\u00f3 h\u00edr\u0171 online kiskeresked\u0151 az Egyes\u00fclt \u00c1llamokban, amely zsid\u00f3 par\u00f3k\u00e1k sz\u00e9les v\u00e1laszt\u00e9k\u00e1t k\u00edn\u00e1lja. Ak\u00e1r vall\u00e1si c\u00e9lb\u00f3l, ak\u00e1r divatos par\u00f3k\u00e1t keresnek a v\u00e1s\u00e1rl\u00f3k, a Shani Wigs elk\u00f6telezett amellett, hogy z\u00f6kken\u0151mentes online v\u00e1s\u00e1rl\u00e1si \u00e9lm\u00e9nyt ny\u00fajtson, \u00e9s minden v\u00e1s\u00e1rl\u00f3 magabiztosan \u00e9s sz\u00e9pnek \u00e9rezze mag\u00e1t a v\u00e1lasztott par\u00f3k\u00e1ban.<\/span><\/p>\n<p><span style=\"color: #000000;\"><strong>Judy Wigs<\/strong><\/span><\/p>\n<p><span style=\"color: #000000;\">Weboldal: http:\/\/www.judywigs.com\/<\/span><\/p>\n<p><span style=\"color: #000000;\">Description: Judy Wigs is a prominent online retailer in the United States. With a focus on providing high-quality and authentic products, Judy Wigs has become a trusted name in the Jewish community. Whether it&#8217;s for religious observance, fashion, or medical reasons, Judy Wigs ensures that every wig is meticulously crafted using hand-selected human hair to provide a natural and comfortable look.<\/span><\/p>\n<h3><span style=\"color: #000000;\">Rehairsystem<\/span><\/h3>\n<p><span style=\"color: #000000;\"><a style=\"color: #000000;\" href=\"https:\/\/rehairsystem.com\/collections\/womens-hairpieces\" target=\"_blank\" rel=\"noopener\"><strong><img decoding=\"async\" src=\"https:\/\/docerp.s3.amazonaws.com\/erp\/cms\/eb584b0c-0576-4fc8-86b5-376da806c876.webp\" alt=\"A legjobb zsid\u00f3 par\u00f3kabolt: Rehairsystem\" width=\"800\" \/><\/strong><\/a><\/span><\/p>\n<p><span style=\"color: #000000;\">A Rehairsystem az egyik legjobb glob\u00e1lis online zsid\u00f3 par\u00f3kabolt! Azzal a szenved\u00e9llyel, hogy kiv\u00e1l\u00f3 min\u0151s\u00e9g\u0171 par\u00f3k\u00e1kat k\u00edn\u00e1ljon, amelyek vil\u00e1gszerte fokozz\u00e1k a zsid\u00f3 n\u0151k sz\u00e9ps\u00e9g\u00e9t \u00e9s \u00f6nbizalm\u00e1t, a Rehairsystem az \u00d6n egyablakos \u00fati c\u00e9lja minden par\u00f3kasz\u00fcks\u00e9glet\u00e9nek kiel\u00e9g\u00edt\u00e9s\u00e9re.<\/span><\/p>\n<p><span style=\"color: #000000;\">A zsid\u00f3 par\u00f3k\u00e1k vil\u00e1g\u00e1ban <span style=\"color: #ff0000;\"><a style=\"color: #ff0000;\" href=\"https:\/\/rehairsystem.com\/\" target=\"_blank\" rel=\"noopener\"><strong>Rehairsystem<\/strong><\/a><\/span> j\u00f3 h\u00edr\u0171 \u00e9s megb\u00edzhat\u00f3 m\u00e1rkak\u00e9nt t\u0171nik ki. Meg\u00e9rtj\u00fck a par\u00f3k\u00e1k jelent\u0151s\u00e9g\u00e9t a zsid\u00f3 k\u00f6z\u00f6ss\u00e9gben, \u00e9s hisz\u00fcnk abban, hogy minden n\u0151 meg\u00e9rdemli, hogy sz\u00e9pnek \u00e9s k\u00e9nyelmesnek \u00e9rezze mag\u00e1t. Par\u00f3k\u00e1inkat a legnagyobb gondoss\u00e1ggal k\u00e9sz\u00edtj\u00fck, kiz\u00e1r\u00f3lag a legjobb min\u0151s\u00e9g\u0171 anyagok felhaszn\u00e1l\u00e1s\u00e1val, \u00edgy term\u00e9szetes megjelen\u00e9s\u0171 \u00e9s tart\u00f3s darabokat kapunk, amelyek tart\u00f3sak.<\/span><\/p>\n<p><span style=\"color: #000000;\">Az egyik kulcsfontoss\u00e1g\u00fa t\u00e9nyez\u0151, amely megk\u00fcl\u00f6nb\u00f6zteti a Rehairsystemet, a par\u00f3ka opci\u00f3k sz\u00e9les v\u00e1laszt\u00e9ka. Ak\u00e1r az emberi hajb\u00f3l k\u00e9sz\u00fclt par\u00f3k\u00e1kat, ak\u00e1r a szintetikus par\u00f3k\u00e1kat, ak\u00e1r a kett\u0151 kever\u00e9k\u00e9t r\u00e9szes\u00edti el\u0151nyben, n\u00e1lunk megtal\u00e1lja. A k\u00fcl\u00f6nb\u00f6z\u0151 st\u00edlusok, hossz\u00fas\u00e1gok \u00e9s sz\u00ednek seg\u00edts\u00e9g\u00e9vel k\u00f6nnyed\u00e9n megtal\u00e1lhatja a szem\u00e9lyes \u00edzl\u00e9s\u00e9nek \u00e9s \u00e9letm\u00f3dj\u00e1nak megfelel\u0151 par\u00f3k\u00e1t. A sima \u00e9s egyenest\u0151l a g\u00f6nd\u00f6r \u00e9s terjedelmesig par\u00f3k\u00e1nk minden ig\u00e9nyt kiel\u00e9g\u00edt.<\/span><\/p>\n<p><span style=\"color: #000000;\">A Rehairsystem elk\u00f6telezett szakemberg\u00e1rd\u00e1ja mindig k\u00e9szen \u00e1ll, hogy seg\u00edtsen megtal\u00e1lni \u00e1lmai par\u00f3k\u00e1j\u00e1t. Szem\u00e9lyre szabott tan\u00e1csad\u00e1st k\u00edn\u00e1lunk, hogy seg\u00edts\u00fcnk a megfelel\u0151 v\u00e1laszt\u00e1sban, figyelembe v\u00e9ve olyan t\u00e9nyez\u0151ket, mint az arcforma, a b\u0151rt\u00f3nus \u00e9s az egy\u00e9ni preferenci\u00e1k. Szak\u00e9rt\u0151i \u00fatmutat\u00e1sunkkal biztos lehet benne, hogy olyan par\u00f3k\u00e1t tal\u00e1l, amely kieg\u00e9sz\u00edti von\u00e1sait \u00e9s kiemeli term\u00e9szetes sz\u00e9ps\u00e9g\u00e9t.<\/span><\/p>\n<h2><span style=\"color: #000000;\">Tippek a zsid\u00f3 par\u00f3k\u00e1k gondoz\u00e1s\u00e1hoz \u00e9s karbantart\u00e1s\u00e1hoz<\/span><\/h2>\n<ol>\n<li><span style=\"color: #000000;\">\u00d3vatosan kef\u00e9lje \u00e1t a par\u00f3k\u00e1t sz\u00e9les fog\u00fa f\u00e9s\u0171vel vagy par\u00f3kakef\u00e9vel, hogy elker\u00fclje az \u00f6sszegabalyod\u00e1st.<\/span><\/li>\n<li><span style=\"color: #000000;\">Mossa le a par\u00f3k\u00e1t enyhe samponnal \u00e9s kondicion\u00e1l\u00f3val, amelyet kifejezetten par\u00f3k\u00e1khoz terveztek.<\/span><\/li>\n<li><span style=\"color: #000000;\">Ker\u00fclje el, hogy a par\u00f3k\u00e1t form\u00e1z\u00f3 eszk\u00f6z\u00f6k, p\u00e9ld\u00e1ul hajs\u00fct\u0151vas vagy hajvasal\u00f3 t\u00falzott h\u0151hat\u00e1snak tegye ki.<\/span><\/li>\n<li><span style=\"color: #000000;\">Hagyja a par\u00f3k\u00e1t term\u00e9szetesen a leveg\u0151n megsz\u00e1radni mos\u00e1s ut\u00e1n hajsz\u00e1r\u00edt\u00f3 haszn\u00e1lata helyett.<\/span><\/li>\n<li><span style=\"color: #000000;\">Ha nem viseli a par\u00f3k\u00e1t, t\u00e1rolja par\u00f3ka\u00e1llv\u00e1nyon vagy l\u00e9g\u00e1tereszt\u0151 t\u00e1sk\u00e1ban, hogy megtartsa form\u00e1j\u00e1t.<\/span><\/li>\n<li><span style=\"color: #000000;\">Ker\u00fclje a par\u00f3k\u00e1val val\u00f3 alv\u00e1st vagy \u00fasz\u00e1st, hogy elker\u00fclje a s\u00e9r\u00fcl\u00e9st.<\/span><\/li>\n<\/ol>\n\n\n<h2 class=\"wp-block-heading has-contrast-color has-text-color\">GYIK<\/h2>\n\n\n<div id=\"rank-math-faq\" class=\"rank-math-block\">\n<div class=\"rank-math-list\">\n<div id=\"faq-question-1701411340457\" class=\"rank-math-list-item\">\n<h3 class=\"rank-math-question\">Hogy h\u00edvj\u00e1k a zsid\u00f3 par\u00f3k\u00e1t?<\/h3>\n<div class=\"rank-math-answer\">\n\n<p>A Jewish wig is commonly referred to as a &#8220;sheitel.&#8221;<\/p>\n\n<\/div>\n<\/div>\n<div id=\"faq-question-1701411361292\" class=\"rank-math-list-item\">\n<h3 class=\"rank-math-question\">Mennyibe ker\u00fcl egy sheitel?<\/h3>\n<div class=\"rank-math-answer\">\n\n<p>A sheitel k\u00f6lts\u00e9ge olyan t\u00e9nyez\u0151kt\u0151l f\u00fcgg\u0151en v\u00e1ltozhat, mint a min\u0151s\u00e9g, a hossz \u00e9s a testreszabhat\u00f3s\u00e1g, az $500-t\u00f3l a megd\u00f6bbent\u0151 $6000-ig terjedhet.<\/p>\n\n<\/div>\n<\/div>\n<div id=\"faq-question-1701411376379\" class=\"rank-math-list-item\">\n<h3 class=\"rank-math-question\">Mi a k\u00fcl\u00f6nbs\u00e9g a par\u00f3ka \u00e9s a sheitel k\u00f6z\u00f6tt?<\/h3>\n<div class=\"rank-math-answer\">\n\n<p>A par\u00f3ka egy \u00e1ltal\u00e1nos kifejez\u00e9s a hajd\u00edszre, m\u00edg a sheitel kifejezetten arra a par\u00f3k\u00e1ra utal, amelyet f\u00e9rjes zsid\u00f3 n\u0151k viselnek term\u00e9szetes hajuk fedez\u00e9s\u00e9re.<\/p>\n\n<\/div>\n<\/div>\n<div id=\"faq-question-1701411390771\" class=\"rank-math-list-item\">\n<h3 class=\"rank-math-question\">Mit\u0151l k\u00f3ser egy par\u00f3ka?<\/h3>\n<div class=\"rank-math-answer\">\n\n<p>A par\u00f3k\u00e1t akkor tekintik k\u00f3sernek, ha betart bizonyos vall\u00e1si ir\u00e1nyelveket, p\u00e9ld\u00e1ul term\u00e9szetes hajb\u00f3l k\u00e9sz\u00fclt, \u00e9s a szer\u00e9nys\u00e9g k\u00f6vetelm\u00e9nyeinek megfelel\u0151en alak\u00edtott\u00e1k ki.<\/p>\n\n<\/div>\n<\/div>\n<\/div>\n<\/div>\n\n\n<h2 class=\"wp-block-heading has-contrast-color has-text-color\">K\u00f6vetkeztet\u00e9s<\/h2>\n\n\n\n<p class=\"has-contrast-color has-text-color\">\u00datmutat\u00f3nk arra t\u00f6rekedett, hogy gondosan \u00f6sszev\u00e1logatott v\u00e1logat\u00e1st mutasson be els\u0151rang\u00fa zsid\u00f3 par\u00f3kaboltokb\u00f3l az Egyes\u00fclt \u00c1llamokban. Rem\u00e9lj\u00fck, hogy ez a forr\u00e1s \u00e9rt\u00e9kes betekint\u00e9st \u00e9s inform\u00e1ci\u00f3kat ny\u00fajtott \u00d6nnek, amelyek seg\u00edtenek az ide\u00e1lis par\u00f3ka keres\u00e9s\u00e9ben. Ak\u00e1r vall\u00e1si tisztelethez, ak\u00e1r szem\u00e9lyes preferenci\u00e1khoz keres par\u00f3k\u00e1t, ezek a par\u00f3ka\u00fczletek st\u00edlusok \u00e9s lehet\u0151s\u00e9gek sz\u00e9les sk\u00e1l\u00e1j\u00e1t k\u00edn\u00e1lj\u00e1k az \u00d6n egyedi ig\u00e9nyeinek kiel\u00e9g\u00edt\u00e9s\u00e9re.<\/p>","protected":false},"excerpt":{"rendered":"<p>Welcome to our guide on discovering the finest Jewish wig shops near you across the United States. Here, we present a collection of top-notch establishments &#8230; <a title=\"Keresse meg a legjobb zsid\u00f3 par\u00f3kaboltot a k\u00f6zelben az Egyes\u00fclt \u00c1llamokban\" class=\"read-more\" href=\"https:\/\/blog.rehairsystem.com\/hu\/zsido-parokabolt-kozeled-az-usa-ban\/\" aria-label=\"Tov\u00e1bb Find The Best Jewish Wig Shop Near You In The USA\">Olvass tov\u00e1bb<\/a><\/p>","protected":false},"author":2,"featured_media":9897,"comment_status":"closed","ping_status":"closed","sticky":false,"template":"","format":"standard","meta":[],"categories":[185],"tags":[562],"_links":{"self":[{"href":"https:\/\/blog.rehairsystem.com\/hu\/wp-json\/wp\/v2\/posts\/9896"}],"collection":[{"href":"https:\/\/blog.rehairsystem.com\/hu\/wp-json\/wp\/v2\/posts"}],"about":[{"href":"https:\/\/blog.rehairsystem.com\/hu\/wp-json\/wp\/v2\/types\/post"}],"author":[{"embeddable":true,"href":"https:\/\/blog.rehairsystem.com\/hu\/wp-json\/wp\/v2\/users\/2"}],"replies":[{"embeddable":true,"href":"https:\/\/blog.rehairsystem.com\/hu\/wp-json\/wp\/v2\/comments?post=9896"}],"version-history":[{"count":1,"href":"https:\/\/blog.rehairsystem.com\/hu\/wp-json\/wp\/v2\/posts\/9896\/revisions"}],"predecessor-version":[{"id":9898,"href":"https:\/\/blog.rehairsystem.com\/hu\/wp-json\/wp\/v2\/posts\/9896\/revisions\/9898"}],"wp:featuredmedia":[{"embeddable":true,"href":"https:\/\/blog.rehairsystem.com\/hu\/wp-json\/wp\/v2\/media\/9897"}],"wp:attachment":[{"href":"https:\/\/blog.rehairsystem.com\/hu\/wp-json\/wp\/v2\/media?parent=9896"}],"wp:term":[{"taxonomy":"category","embeddable":true,"href":"https:\/\/blog.rehairsystem.com\/hu\/wp-json\/wp\/v2\/categories?post=9896"},{"taxonomy":"post_tag","embeddable":true,"href":"https:\/\/blog.rehairsystem.com\/hu\/wp-json\/wp\/v2\/tags?post=9896"}],"curies":[{"name":"wp","href":"https:\/\/api.w.org\/{rel}","templated":true}]}}