{"id":5795,"date":"2023-06-27T10:46:49","date_gmt":"2023-06-27T10:46:49","guid":{"rendered":"https:\/\/blog.rehairsystem.com\/?p=5795"},"modified":"2023-09-08T06:28:30","modified_gmt":"2023-09-08T06:28:30","slug":"who-wears-a-wig-on-fox-news","status":"publish","type":"post","link":"https:\/\/blog.rehairsystem.com\/it\/chi-indossa-una-parrucca-su-fox-news\/","title":{"rendered":"Chi indossa una parrucca su Fox News?"},"content":{"rendered":"<p><span style=\"color: #000000;\">Fox News \u00e8 una delle reti di notizie pi\u00f9 popolari negli Stati Uniti. Recentemente, alcuni spettatori attenti hanno notato che alcuni membri del team di Fox News sembrano aver sfoggiato delle acconciature impressionanti ultimamente, quelle che sembrano troppo perfette per essere vere. Ci\u00f2 ha portato a molte speculazioni a riguardo <a href=\"https:\/\/blog.rehairsystem.com\/it\/chi-indossa-una-parrucca-su-fox-news\/\" target=\"_blank\" rel=\"noopener\"><span style=\"color: #ff0000;\"><strong>che potrebbe indossare una parrucca su Fox News<\/strong><\/span><\/a>.<\/span><\/p>\n<h2><span style=\"color: #000000;\">\u00c8 accettabile indossare parrucche su Fox News?<\/span><\/h2>\n<p><span style=\"color: #000000;\">L&#039;uso di parrucche nell&#039;industria dei media \u00e8 stato prevalente sin dall&#039;inizio. La cultura della parrucca non si limita solo alle notizie dei media, ma \u00e8 stata anche ampiamente accettata dall&#039;industria dell&#039;intrattenimento. Le parrucche vengono utilizzate per migliorare la bellezza, cambiare pettinatura e ritrarre un personaggio diverso sullo schermo.<\/span><\/p>\n<h3><span style=\"color: #000000;\">L&#039;impatto delle parrucche sull&#039;aspetto e sulla presentazione<\/span><\/h3>\n<p><span style=\"color: #000000;\">Wearing wigs on media news can have an impact on a person&#8217;s appearance and presentation. It can portray a professional image while still giving an air of sophistication to the wearer. The wig culture allows media news personalities to create a distinctive look that sets them apart in the industry.<\/span><\/p>\n<h2><span style=\"color: #000000;\">Quindi, chi indossa una parrucca su Fox News?<\/span><\/h2>\n<h3><span style=\"color: #000000;\">Donne su Fox News che indossano parrucche<\/span><\/h3>\n<p><span style=\"color: #000000;\"><img decoding=\"async\" src=\"https:\/\/docerp.s3.amazonaws.com\/erp\/cms\/44440ff8-26d0-44b9-a101-42140a455161.webp\" alt=\"Chi indossa una parrucca su Fox News\" width=\"700\" \/><\/span><\/p>\n<p><span style=\"color: #000000;\">Fox News ha numerose giornaliste e conduttrici che indossano parrucche. Alcuni nomi importanti includono Maria Molina, Heather Childers e Andrea Tantaros. Le ragioni alla base della loro scelta variano, tra cui praticit\u00e0, stile e superamento della caduta dei capelli.<\/span><\/p>\n<p><span style=\"color: #000000;\">I motivi comuni per cui le donne indossano parrucche su Fox News includono il mantenimento di acconciature specifiche, l&#039;aumento della bellezza e il fornire un aspetto raffinato. Le scelte personali includono superare la caduta dei capelli per motivi di salute o sentirsi sicuri e a proprio agio mentre si \u00e8 sullo schermo.<\/span><\/p>\n<h3><span style=\"color: #000000;\">Uomini su Fox News che indossano parrucche<\/span><\/h3>\n<p><span style=\"color: #000000;\"><img decoding=\"async\" src=\"https:\/\/docerp.s3.amazonaws.com\/erp\/cms\/c8fe5629-43fb-4cc9-af1d-18c11e568d6e.webp\" alt=\"Chi indossa una parrucca su Fox News\" width=\"700\" \/><\/span><\/p>\n<p><span style=\"color: #000000;\">La cultura della parrucca non \u00e8 limitata solo alle donne, ma \u00e8 stata prevalente anche tra gli uomini. Alcuni nomi importanti su Fox News includono Bob Beckel e Sean Hannity. Hanno scelto di indossare parrucche sullo schermo, per diversi motivi.<\/span><\/p>\n<p><span style=\"color: #000000;\">Le parrucche vengono utilizzate per una serie di motivi, dalla copertura della caduta o del diradamento dei capelli all&#039;ottenimento di un aspetto o uno stile particolare. Negli ultimi anni, molte reti di notizie hanno riconosciuto l&#039;importanza della rappresentazione e dell&#039;inclusivit\u00e0, e questo si \u00e8 esteso alla vasta gamma di parrucche che vengono indossate.<\/span><\/p>\n<h2><span style=\"color: #000000;\">Il tab\u00f9 di indossare parrucche nei media<\/span><\/h2>\n<p><span style=\"color: #000000;\">Indossare parrucche \u00e8 stato oggetto di esame nel settore dei media. Molti critici l&#039;hanno considerato ingannevole e un modo per ritrarre un&#039;immagine falsa. Tuttavia, sta lentamente guadagnando l&#039;accettazione come norma nel settore.<\/span><\/p>\n<h2><span style=\"color: #000000;\">I lati negativi e positivi dell&#039;indossare parrucche nei media<\/span><\/h2>\n<p><span style=\"color: #000000;\"><em><span style=\"text-decoration: underline;\">I lati negativi dell&#039;indossare parrucche nei media:<\/span><\/em><\/span><\/p>\n<ul>\n<li><span style=\"color: #000000;\">Perpetua standard di bellezza irrealistici: indossare parrucche nei media pu\u00f2 creare standard di bellezza irrealistici e pu\u00f2 inviare il messaggio che i capelli naturali sono inaccettabili o fuori moda.<\/span><\/li>\n<li><span style=\"color: #000000;\">Incoraggia l&#039;appropriazione culturale: l&#039;uso di parrucche pu\u00f2 promuovere l&#039;appropriazione di acconciature di altre culture senza comprenderne il significato culturale.<\/span><\/li>\n<li><span style=\"color: #000000;\">Pu\u00f2 portare a discussioni sull&#039;autenticit\u00e0: indossare parrucche pu\u00f2 causare disaccordi su ci\u00f2 che \u00e8 considerato autentico per un personaggio o una cultura.<\/span><\/li>\n<li><span style=\"color: #000000;\">Set unrealistic expectations: Wearing wigs can set unrealistic expectations in the minds of people about what a person&#8217;s hair should look like in certain situations, leading to disappointment when it doesn&#8217;t measure up.<\/span><\/li>\n<\/ul>\n<p><span style=\"color: #000000;\"><em><span style=\"text-decoration: underline;\">Lati positivi dell&#039;indossare parrucche nei media:<\/span><\/em><\/span><\/p>\n<ul>\n<li><span style=\"color: #000000;\">Offre versatilit\u00e0: indossare parrucche nei media consente agli attori e agli artisti di cambiare aspetto rapidamente e facilmente, interpretando personaggi o personaggi diversi.<\/span><\/li>\n<li><span style=\"color: #000000;\">Pu\u00f2 aiutare a normalizzare la caduta dei capelli: indossare parrucche nei media pu\u00f2 aiutare a normalizzare la caduta dei capelli e fornire un&#039;alternativa sicura e confortevole alle persone che soffrono di caduta dei capelli.<\/span><\/li>\n<li><span style=\"color: #000000;\">Fornisce opportunit\u00e0 di creativit\u00e0: indossare parrucche pu\u00f2 offrire opportunit\u00e0 di creativit\u00e0 per stilisti e designer nella creazione di look unici e fantasiosi.<\/span><\/li>\n<li><span style=\"color: #000000;\">Aumenta la rappresentazione: indossare parrucche pu\u00f2 fornire un&#039;opportunit\u00e0 per la rappresentazione di diverse trame e tipi di capelli nei media, mettendo in mostra la diversit\u00e0.<\/span><\/li>\n<\/ul>\n<h2><span style=\"color: #000000;\">L&#039;accettazione e la logica dietro la parrucca indossata su Fox News<\/span><\/h2>\n<p><span style=\"color: #000000;\">In Fox News, l&#039;uso delle parrucche \u00e8 stato accettato come norma. Le personalit\u00e0 di Fox News hanno optato per questa opzione non solo per motivi personali ma anche per professionalit\u00e0 e presentazione generale.<\/span><\/p>\n<h2><span style=\"color: #000000;\">Il dibattito sull&#039;uso della parrucca su Fox News<\/span><\/h2>\n<p><span style=\"color: #000000;\">The debate surrounding wig usage on Fox News stems from personal preferences, criticism, and stereotypes. Some view it as an essential part of one&#8217;s professional attire, while others criticize it as a tool for deceiving the audience.<\/span><\/p>\n<h2><span style=\"color: #000000;\">La diversit\u00e0 delle parrucche nei mezzi di informazione<\/span><\/h2>\n<p><span style=\"color: #000000;\">Le parrucche sono disponibili in diverse variet\u00e0, stili e disegni. Nel settore dei media, le personalit\u00e0 dei media possono scegliere tra una vasta gamma di opzioni che consentono loro di personalizzare il proprio aspetto, da un aspetto pi\u00f9 naturale a qualcosa di pi\u00f9 drammatico.<\/span><\/p>\n<p><span style=\"color: #000000;\">Alcuni conduttori di notizie e corrispondenti optano per parrucche dall&#039;aspetto naturale che riproducono la struttura e il colore dei propri capelli, mentre altri possono scegliere stili pi\u00f9 drammatici o parrucche dai colori vivaci per aggiungere un tocco di personalit\u00e0 o per distinguersi dalla telecamera. Inoltre, molte reti di notizie stanno abbracciando l&#039;uso delle parrucche per ritrarre in modo accurato diversi personaggi o figure culturali. <\/span><\/p>\n<h2><span style=\"color: #000000;\">Dove acquistare le parrucche di alta qualit\u00e0?<\/span><\/h2>\n<p><a href=\"https:\/\/rehairsystem.com\/collections\/stock-hair-systems\" target=\"_blank\" rel=\"nofollow noopener\"><img decoding=\"async\" src=\"https:\/\/docerp.s3.amazonaws.com\/erp\/cms\/5f40b105-f5e8-47f0-b82d-b2d81bb4e133.webp\" alt=\"toupet o sistemi di capelli\" width=\"700\" \/><\/a><\/p>\n<p><span style=\"color: #000000;\">If you&#8217;re looking for a premium wig, look no further than the <span style=\"color: #ff0000;\"><a style=\"color: #ff0000;\" href=\"https:\/\/rehairsystem.com\/\" target=\"_blank\" rel=\"noopener\"><strong>Rehairsystem.com<\/strong><\/a><\/span> negozio di parrucchieri.<\/span><\/p>\n<p><span style=\"color: #000000;\">Our shop is easy to navigate, so you can quickly find what you&#8217;re looking for and place your order with ease. And the wigs are crafted with precision, so you can be sure that your wig will look realistic and perfectly suited to your face.<\/span><\/p>\n<p><span style=\"color: #000000;\">In addition, Our wigs are made using high-quality materials and supporting customization, so you can be sure that you&#8217;re getting a product that will last and fit you perfectly.<\/span><\/p>\n\n\n<h2 class=\"wp-block-heading\">Domande frequenti<\/h2>\n\n\n<div id=\"rank-math-faq\" class=\"rank-math-block\">\n<div class=\"rank-math-list\">\n<div id=\"faq-question-1687862733293\" class=\"rank-math-list-item\">\n<h3 class=\"rank-math-question\">Tucker Carlson indossa una parrucca?<\/h3>\n<div class=\"rank-math-answer\">\n\n<p>Nel 2020, un giornale satirico online ha scherzato dicendo che indossava un parrucchino LEGO. Alcuni fan hanno persino iniziato a pensare che indossi un parrucchino per coprire il diradamento dei capelli. Ma la verit\u00e0 dietro le voci sulla parrucca rimane poco chiara.<\/p>\n\n<\/div>\n<\/div>\n<div id=\"faq-question-1687862748991\" class=\"rank-math-list-item\">\n<h3 class=\"rank-math-question\">Bret Baier indossa un parrucchino?<\/h3>\n<div class=\"rank-math-answer\">\n\n<p>Bret Baier non porta il parrucchino ei suoi capelli sono naturali.<\/p>\n\n<\/div>\n<\/div>\n<div id=\"faq-question-1687862763584\" class=\"rank-math-list-item\">\n<h3 class=\"rank-math-question\">Quali celebrit\u00e0 maschili indossano parrucche?<\/h3>\n<div class=\"rank-math-answer\">\n\n<p>Charlie Sheen, Ben Affleck e John Travolta.<\/p>\n\n<\/div>\n<\/div>\n<\/div>\n<\/div>\n\n\n<h2 class=\"wp-block-heading\">Conclusione<\/h2>\n\n\n\n<p class=\"has-contrast-color has-text-color\">Whether it&#8217;s for a medical reason or simply for a style choice, it&#8217;s no secret that some Fox News anchors and reporters choose to wear wigs. With any luck, this article has cleared up some misconceptions and provided you with a better understanding of why someone might pick to wear a wig, and how it can benefit them both personally and professionally. So the next time you tune in to Fox News, you can enjoy the programming without wondering whether or not your favorite anchor&#8217;s hair is real.<\/p>","protected":false},"excerpt":{"rendered":"<p>Fox News is one of the most popular news networks in the United States. Recently, some eagle-eyed viewers have noticed that a few of the &#8230; <a title=\"Chi indossa una parrucca su Fox News?\" class=\"read-more\" href=\"https:\/\/blog.rehairsystem.com\/it\/chi-indossa-una-parrucca-su-fox-news\/\" aria-label=\"More on Who Wears A Wig On Fox News?\">Leggi tutto<\/a><\/p>","protected":false},"author":2,"featured_media":5811,"comment_status":"closed","ping_status":"closed","sticky":false,"template":"","format":"standard","meta":[],"categories":[1],"tags":[152],"_links":{"self":[{"href":"https:\/\/blog.rehairsystem.com\/it\/wp-json\/wp\/v2\/posts\/5795"}],"collection":[{"href":"https:\/\/blog.rehairsystem.com\/it\/wp-json\/wp\/v2\/posts"}],"about":[{"href":"https:\/\/blog.rehairsystem.com\/it\/wp-json\/wp\/v2\/types\/post"}],"author":[{"embeddable":true,"href":"https:\/\/blog.rehairsystem.com\/it\/wp-json\/wp\/v2\/users\/2"}],"replies":[{"embeddable":true,"href":"https:\/\/blog.rehairsystem.com\/it\/wp-json\/wp\/v2\/comments?post=5795"}],"version-history":[{"count":5,"href":"https:\/\/blog.rehairsystem.com\/it\/wp-json\/wp\/v2\/posts\/5795\/revisions"}],"predecessor-version":[{"id":8974,"href":"https:\/\/blog.rehairsystem.com\/it\/wp-json\/wp\/v2\/posts\/5795\/revisions\/8974"}],"wp:featuredmedia":[{"embeddable":true,"href":"https:\/\/blog.rehairsystem.com\/it\/wp-json\/wp\/v2\/media\/5811"}],"wp:attachment":[{"href":"https:\/\/blog.rehairsystem.com\/it\/wp-json\/wp\/v2\/media?parent=5795"}],"wp:term":[{"taxonomy":"category","embeddable":true,"href":"https:\/\/blog.rehairsystem.com\/it\/wp-json\/wp\/v2\/categories?post=5795"},{"taxonomy":"post_tag","embeddable":true,"href":"https:\/\/blog.rehairsystem.com\/it\/wp-json\/wp\/v2\/tags?post=5795"}],"curies":[{"name":"wp","href":"https:\/\/api.w.org\/{rel}","templated":true}]}}