{"id":6917,"date":"2023-07-18T01:59:03","date_gmt":"2023-07-18T01:59:03","guid":{"rendered":"https:\/\/blog.rehairsystem.com\/?p=6917"},"modified":"2023-07-18T10:58:56","modified_gmt":"2023-07-18T10:58:56","slug":"jude-bellingham-hair-look-after-transferring-to-real-madrid","status":"publish","type":"post","link":"https:\/\/blog.rehairsystem.com\/it\/jude-bellingham-capelli-dopo-trasferimento-al-real-madrid\/","title":{"rendered":"I capelli di Jude Bellingham dopo il trasferimento al Real Madrid"},"content":{"rendered":"<p><span style=\"color: #000000;\">Jude Bellingham, the young football sensation, has recently made headlines with his remarkable transfer to Real Madrid. And fashion enthusiasts are also curious about how Bellingham&#8217;s hair look will evolve in his new club. Bellingham has already made a statement with his bold and stylish haircuts, and now, with his move to Real Madrid, there is anticipation surrounding what his hair will look like in the famous white jersey.<\/span><\/p>\n<h2><span style=\"color: #000000;\">Jude Bellingham&#8217;s New Hairstyle?<\/span><\/h2>\n<p><span style=\"color: #000000;\"><img decoding=\"async\" loading=\"lazy\" src=\"https:\/\/docerp.s3.amazonaws.com\/erp\/cms\/ddc5ba69-ba3e-4b95-9b52-02f7a31389fe.webp\" alt=\"Capelli di Jude Bellingham\" width=\"700\" height=\"891\"><\/span><\/p>\n<p><span style=\"color: #000000;\">Jude Bellingham&#8217;s hair look is seen to remain unchanged even after his transfer to Real Madrid. The talented footballer has been sporting an Afro hairstyle with a high top, low taper, and a precise hairline, which perfectly complements his exceptional skills on the field. This distinctive haircut was meticulously designed by Sheldon Edwards, a renowned barber from South London who is known as the unofficial barber to the England football squad. Sheldon revealed to the Guardian that Jude&#8217;s hairstyle involves a low taper with a high top.<\/span><\/p>\n<p><span style=\"color: #000000;\">Mentre Bellingham intraprende il suo nuovo viaggio con il Real Madrid, i fan possono probabilmente aspettarsi di vederlo continuare a sfoggiare il suo caratteristico taglio di capelli afro, mantenendo sia le sue impressionanti capacit\u00e0 calcistiche che il suo aspetto elegante.<\/span><\/p>\n<p><span style=\"color: #000000;\"><span style=\"color: #ff0000;\"><strong>Per saperne di pi\u00f9<\/strong><\/span>: <em><strong><span style=\"color: #333333;\"><a style=\"color: #333333;\" href=\"https:\/\/blog.rehairsystem.com\/it\/cose-il-taglio-di-capelli-di-jude-bellingham-e-come-ricrearli\/\" target=\"_blank\" rel=\"noopener\">Ottieni il taglio di capelli di Jude Bellingham<\/a><\/span><\/strong><\/em><\/span><\/p>\n<h2><span style=\"color: #000000;\">Jude Bellingham si trasferisce al Real Madrid<\/span><\/h2>\n<p><span style=\"color: #000000;\">In a groundbreaking transfer that has sent shockwaves through the football world, Jude Bellingham has officially joined Real Madrid. The Spanish giants have secured the services of the talented midfielder in a deal worth \u20ac134 million. This move marks a significant milestone in Bellingham&#8217;s career and highlights the trust and confidence Real Madrid has in his abilities.<\/span><\/p>\n<p><span style=\"color: #000000;\">Real Madrid recently confirmed the signing of England international Jude Bellingham from Borussia Dortmund for a staggering fee of \u20ac103 million (\u00a388 million), which could potentially rise up to \u20ac133.9 million (\u00a3114 million) with add-ons. This transfer not only showcases Bellingham&#8217;s immense talent but also highlights the high regard in which he is held by top clubs around the world.<\/span><\/p>\n<p><span style=\"color: #000000;\">Bellingham&#8217;s move to Real Madrid presents him with an incredible opportunity to further develop his skills and compete at the highest level of European football. Playing alongside some of the world&#8217;s best players and under the guidance of esteemed coaches, Bellingham will undoubtedly face new challenges and experiences that will shape his career for years to come.<\/span><\/p>\n<h2><span style=\"color: #000000;\">Jude Bellingham&#8217;s First Real Madrid Training<\/span><\/h2>\n<h3><span style=\"color: #000000;\">Ha preso parte all&#039;allenamento pre-campionato con nuovi compagni di squadra la scorsa settimana<\/span><\/h3>\n<p><iframe loading=\"lazy\" src=\"\/\/www.youtube.com\/embed\/f2MvxGjKjaI\" width=\"560\" height=\"314\" allowfullscreen=\"allowfullscreen\"><\/iframe><\/p>\n<p><span style=\"color: #000000;\">Jude Bellingham, che si stava riprendendo da un infortunio al ginocchio, \u00e8 ora pronto per iniziare il suo primo allenamento con il Real Madrid. Il centrocampista inglese ha accusato problemi al ginocchio verso la fine della stagione al Borussia Dortmund, che lo hanno portato all&#039;esclusione dalla squadra inglese come misura precauzionale durante le ultime partite internazionali. <\/span><\/p>\n<p><span style=\"color: #000000;\">Il Real Madrid \u00e8 determinato a reintegrarlo in piena forma con cautela, assicurandosi che faccia un ritorno regolare. Dopo essersi goduto una meritata pausa estiva, Bellingham attende con impazienza l&#039;inizio dell&#039;allenamento pre-campionato al Real Madrid.<\/span><\/p>\n<p><span style=\"color: #000000;\">In uno sviluppo entusiasmante, la giovane stellina ha messo in mostra le sue capacit\u00e0 segnando un gol straordinario durante una sessione di allenamento con i Blancos. Mostrando la sua agilit\u00e0 e compostezza, Bellingham ha manovrato abilmente oltre pi\u00f9 giocatori prima di finire con finezza. Questa prestazione impressionante ha sicuramente lasciato un&#039;impressione positiva sullo staff tecnico e ha ulteriormente consolidato il suo posto all&#039;interno della squadra.<\/span><\/p>\n<p><span style=\"color: #000000;\">Guardando al futuro, il Real Madrid ha programmato la fase centrale della pre-stagione negli Stati Uniti, che servir\u00e0 come preparazione fondamentale per la prossima stagione 2023-24. Bellingham far\u00e0 parte di questo tour significativo, unendosi ai suoi nuovi compagni di squadra che inizieranno le loro partite pre-campionato il 24 luglio contro l&#039;AC Milan.<\/span><\/p>\n<h2><span style=\"color: #000000;\">Cosa dice Jude Bellingham di giocare al Real Madrid?<\/span><\/h2>\n<p><span style=\"color: #000000;\">Il talentuoso centrocampista ha parlato molto bene della sua esperienza nel club spagnolo. Bellingham dice che i suoi nuovi compagni di squadra lo hanno aiutato ad adattarsi alla vita in Spagna.<\/span><\/p>\n<p><span style=\"color: #000000;\">He mentions that Lucas Vazquez and Brahim Diaz have been teaching him Spanish, and describes them as his biggest Spanish teachers. He also says that everyone is contributing to his language learning, even teaching him some \u201cbad words\u201d which he can&#8217;t wait to try out.<\/span><\/p>\n<p><span style=\"color: #000000;\">Bellingham&#8217;s focus on adapting to his new surroundings is evident, and he expressed excitement about playing under the legendary coach Carlo Ancelotti.<\/span><\/p>\n<h2><span style=\"color: #000000;\">Conclusione<\/span><\/h2>\n<p><span style=\"color: #000000;\">Bellingham has already proven his penchant for unique and stylish haircuts. Whether he maintains his current Afro With High Top or experiments with a new trend, one thing is certain: Bellingham&#8217;s hair look will continue to reflect his confidence, individuality, and passion for the game. As he takes the field for Real Madrid, Bellingham&#8217;s hair will undoubtedly become a topic of discussion among fans and fashion enthusiasts alike.<\/span><\/p>","protected":false},"excerpt":{"rendered":"<p>Jude Bellingham, the young football sensation, has recently made headlines with his remarkable transfer to Real Madrid. And fashion enthusiasts are also curious about how &#8230; <a title=\"Jude Bellingham&#8217;s Hair Look After Transferring To Real Madrid\" class=\"read-more\" href=\"https:\/\/blog.rehairsystem.com\/it\/jude-bellingham-capelli-dopo-trasferimento-al-real-madrid\/\" aria-label=\"More on Jude Bellingham&#8217;s Hair Look After Transferring To Real Madrid\">Leggi tutto<\/a><\/p>","protected":false},"author":2,"featured_media":6918,"comment_status":"closed","ping_status":"closed","sticky":false,"template":"","format":"standard","meta":[],"categories":[225,1],"tags":[226],"_links":{"self":[{"href":"https:\/\/blog.rehairsystem.com\/it\/wp-json\/wp\/v2\/posts\/6917"}],"collection":[{"href":"https:\/\/blog.rehairsystem.com\/it\/wp-json\/wp\/v2\/posts"}],"about":[{"href":"https:\/\/blog.rehairsystem.com\/it\/wp-json\/wp\/v2\/types\/post"}],"author":[{"embeddable":true,"href":"https:\/\/blog.rehairsystem.com\/it\/wp-json\/wp\/v2\/users\/2"}],"replies":[{"embeddable":true,"href":"https:\/\/blog.rehairsystem.com\/it\/wp-json\/wp\/v2\/comments?post=6917"}],"version-history":[{"count":6,"href":"https:\/\/blog.rehairsystem.com\/it\/wp-json\/wp\/v2\/posts\/6917\/revisions"}],"predecessor-version":[{"id":6968,"href":"https:\/\/blog.rehairsystem.com\/it\/wp-json\/wp\/v2\/posts\/6917\/revisions\/6968"}],"wp:featuredmedia":[{"embeddable":true,"href":"https:\/\/blog.rehairsystem.com\/it\/wp-json\/wp\/v2\/media\/6918"}],"wp:attachment":[{"href":"https:\/\/blog.rehairsystem.com\/it\/wp-json\/wp\/v2\/media?parent=6917"}],"wp:term":[{"taxonomy":"category","embeddable":true,"href":"https:\/\/blog.rehairsystem.com\/it\/wp-json\/wp\/v2\/categories?post=6917"},{"taxonomy":"post_tag","embeddable":true,"href":"https:\/\/blog.rehairsystem.com\/it\/wp-json\/wp\/v2\/tags?post=6917"}],"curies":[{"name":"wp","href":"https:\/\/api.w.org\/{rel}","templated":true}]}}