{"id":5641,"date":"2023-06-17T10:18:54","date_gmt":"2023-06-17T10:18:54","guid":{"rendered":"https:\/\/blog.rehairsystem.com\/?p=5641"},"modified":"2023-08-10T01:40:30","modified_gmt":"2023-08-10T01:40:30","slug":"ben-affleck-hair-transplant-whats-the-truth","status":"publish","type":"post","link":"https:\/\/blog.rehairsystem.com\/pl\/ben-affleck-przeszczep-wlosow-co-prawda\/","title":{"rendered":"Przeszczep w\u0142os\u00f3w Bena Afflecka: jaka jest prawda?"},"content":{"rendered":"<p><span style=\"color: #000000;\">As one of Hollywood&#8217;s most recognizable stars, Ben Affleck has always been in the spotlight. In recent years, he has also become known for undergoing hair transplant surgery to rectify his hair loss issue. His decision has so far been met with both criticism and praise, but what led him to take this step? Here we explore the reasons behind Ben Affleck&#8217;s choice.<\/span><\/p>\n<h2><span style=\"color: #000000;\">Kiedy Ben Affleck straci\u0142 w\u0142osy?<\/span><\/h2>\n<p><span style=\"color: #000000;\"><img decoding=\"async\" src=\"https:\/\/docerp.s3.amazonaws.com\/erp\/cms\/724e4df2-5095-4671-a3ad-06e3ca5d4af2.webp\" alt=\"W\u0142osy Bena Afflecka \" width=\"700\" \/><\/span><\/p>\n<p><span style=\"color: #000000;\">Ben Affleck plotkowa\u0142, \u017ce Ben od najm\u0142odszych lat traci\u0142 w\u0142osy.<\/span><\/p>\n<p><span style=\"color: #000000;\">W przeciwie\u0144stwie do wielu m\u0119\u017cczyzn Ben Affleck zacz\u0105\u0142 traci\u0107 w\u0142osy w wieku dwudziestu lat. Z biegiem czasu linia jego w\u0142os\u00f3w zanika\u0142a, przez co wypadanie w\u0142os\u00f3w by\u0142o coraz bardziej zauwa\u017calne. Nie mo\u017cna powiedzie\u0107, \u017ce by\u0142o to spowodowane genetyk\u0105. Ben przez d\u0142ugi czas mia\u0142 do\u015b\u0107 mocn\u0105 lini\u0119 w\u0142os\u00f3w i obj\u0119to\u015b\u0107. Wielu fan\u00f3w zauwa\u017cy\u0142o, \u017ce pod koniec 2010 roku w\u0142osy Bena zacz\u0119\u0142y dziwnie wypada\u0107, a przez pewien czas nawet wy\u0142ysia\u0142. Sugeruj\u0105c, \u017ce mo\u017ce cierpie\u0107 na \u0142ysienie typu m\u0119skiego.<\/span><\/p>\n<p><span style=\"color: #000000;\">Wszystko to jednak nigdy nie zosta\u0142o potwierdzone przez samego Bena Afflecka. Jako aktor by\u0142 to dla niego problem, poniewa\u017c jego wygl\u0105d jest integraln\u0105 cz\u0119\u015bci\u0105 jego pracy. Wypadanie w\u0142os\u00f3w by\u0142o dla niego \u017ar\u00f3d\u0142em niepewno\u015bci i sk\u0142oni\u0142o go do zbadania mo\u017cliwo\u015bci rozwi\u0105zania tego problemu.<\/span><\/p>\n<p><span style=\"color: #000000;\"><em><strong>Czytaj wi\u0119cej:<\/strong><\/em> <\/span><a href=\"https:\/\/blog.rehairsystem.com\/pl\/ben-affleck-hair-is-on-lysy\/\" target=\"_blank\" rel=\"noopener\"><span style=\"color: #ff0000;\"><strong>Ben Affleck W\u0142osy i \u0142ysienie<\/strong><\/span><\/a><\/p>\n<h2><span style=\"color: #000000;\">Co sk\u0142oni\u0142oby Bena Afflecka do przeszczepienia w\u0142os\u00f3w?<\/span><\/h2>\n<p><span style=\"color: #000000;\">In addition to the pressure to maintain his appearance for professional reasons, Ben Affleck&#8217;s personal life may have also influenced his decision to have a hair transplant. Being a public figure, he is aware of how his appearance is scrutinized and criticized, which can be damaging to his self-esteem.\u00a0<\/span><span style=\"color: #000000;\">Pe\u0142na fryzura mo\u017ce zwi\u0119kszy\u0107 jego pewno\u015b\u0107 siebie i poprawi\u0107 og\u00f3lne samopoczucie. <\/span><\/p>\n<p><span style=\"color: #000000;\">Co wi\u0119cej, mog\u0142o mie\u0107 na niego wp\u0142yw wiele udanych zabieg\u00f3w przeszczepiania w\u0142os\u00f3w, kt\u00f3rym przeszli jego r\u00f3wie\u015bnicy w Hollywood.<\/span><\/p>\n<h2><span style=\"color: #000000;\">Czy Ben Affleck naprawd\u0119 przeszczepi\u0142 w\u0142osy?<\/span><\/h2>\n<p><span style=\"color: #000000;\"><img decoding=\"async\" src=\"https:\/\/docerp.s3.amazonaws.com\/erp\/cms\/15ae0f0e-8385-49ed-8d62-82ea9a071195.webp\" alt=\"Przeszczep w\u0142os\u00f3w Bena Afflecka\" width=\"700\" \/><\/span><\/p>\n<p><span style=\"color: #000000;\">Upon reviewing photos of Ben Affleck, it is evident that there has been a significant change in his hair. Hair transplantation is one of the few ways to achieve such a transformation, and it can even be considered the only permanent solution to baldness. Based on the apparent regrowth of Affleck&#8217;s hairline and the fullness of previously sparse areas, it can be deduced that he may have undergone a hair transplant procedure.<\/span><\/p>\n<p><span style=\"color: #000000;\">Thanks to modern techniques such as DHI and FUE, hair transplantation can yield natural-looking results. However, there are those who argue that Affleck&#8217;s hair structure may have naturally contributed to the change and that a different treatment may have reversed hair loss without the need for transplantation.<\/span><\/p>\n<p><span style=\"color: #000000;\"><strong>Czytaj wi\u0119cej<\/strong>: <span style=\"color: #ff0000;\"><strong><a style=\"color: #ff0000;\" href=\"https:\/\/blog.rehairsystem.com\/pl\/czy-tom-selleck-nosi-peruczke\/\" target=\"_blank\" rel=\"noopener\">Czy Tom Selleck nosi peruk\u0119?<\/a>?<\/strong><\/span><\/span><\/p>\n<h2><span style=\"color: #000000;\">Kt\u00f3rzy celebryci p\u0142ci m\u0119skiej przeszli przeszczep w\u0142os\u00f3w?<\/span><\/h2>\n<p><span style=\"color: #000000;\">W ostatnich latach operacje przeszczepiania w\u0142os\u00f3w ciesz\u0105 si\u0119 coraz wi\u0119ksz\u0105 popularno\u015bci\u0105 w\u015br\u00f3d gwiazd p\u0142ci m\u0119skiej. Wiele os\u00f3b publicznych otwarcie m\u00f3wi\u0142o o swoich problemach z wypadaniem w\u0142os\u00f3w i decyzji o poddaniu si\u0119 zabiegom chirurgicznym. Oto niekt\u00f3re przyk\u0142ady: John Travolta, Elon Musk i Jude Law. Te gwiazdy widzia\u0142y pozytywne rezultaty swoich zabieg\u00f3w i otwarcie dyskutowa\u0142y, jak poprawi\u0142o to ich wygl\u0105d i pewno\u015b\u0107 siebie.<\/span><\/p>\n<h2><span style=\"color: #000000;\">Przeszczep w\u0142os\u00f3w jako spos\u00f3b na wypadanie w\u0142os\u00f3w<\/span><\/h2>\n<p><span style=\"color: #000000;\">Operacja przeszczepiania w\u0142os\u00f3w to delikatna i z\u0142o\u017cona procedura, ale przynosz\u0105ca imponuj\u0105ce rezultaty u os\u00f3b zmagaj\u0105cych si\u0119 z wypadaniem w\u0142os\u00f3w. Istniej\u0105 dwa g\u0142\u00f3wne typy zabieg\u00f3w przeszczepiania w\u0142os\u00f3w \u2013 przeszczepienie jednostek mieszkowych (FUT) i ekstrakcja jednostek mieszkowych (FUE).<\/span><\/p>\n<p><span style=\"color: #000000;\">Obie metody polegaj\u0105 na ostro\u017cnym usuni\u0119ciu mieszk\u00f3w w\u0142osowych z jednego obszaru sk\u00f3ry g\u0142owy i przeszczepieniu ich w miejsca, w kt\u00f3rych jest mniej w\u0142os\u00f3w. Odbywa si\u0119 to z niezwyk\u0142\u0105 dba\u0142o\u015bci\u0105 o szczeg\u00f3\u0142y, aby unikn\u0105\u0107 widocznych blizn.<\/span><\/p>\n<h2><span style=\"color: #000000;\">Noszenie peruki mo\u017ce by\u0107 drugim wyborem<\/span><\/h2>\n<p><span style=\"color: #000000;\">Chocia\u017c przeszczep w\u0142os\u00f3w mo\u017ce nie by\u0107 odpowiedni\u0105 opcj\u0105 dla ka\u017cdego, istnieje wiele innych rozwi\u0105za\u0144 w przypadku wypadania w\u0142os\u00f3w, w tym noszenie peruki. Peruki s\u0105 dost\u0119pne w r\u00f3\u017cnych stylach i jako\u015bciach, a przy starannym wyborze, tupecik dobrej jako\u015bci mo\u017ce nada\u0107 wygl\u0105d pe\u0142nej g\u0142owy w\u0142os\u00f3w.<\/span><\/p>\n<p><span style=\"color: #000000;\">Je\u015bli i Ty masz problem z wypadaniem w\u0142os\u00f3w, to mo\u017cesz spr\u00f3bowa\u0107 zwr\u00f3ci\u0107 uwag\u0119 na tupeciki w naszej ofercie <span style=\"color: #ff0000;\"><a style=\"color: #ff0000;\" href=\"https:\/\/rehairsystem.com\/\" target=\"_blank\" rel=\"noopener\"><strong>Rehairsystem.com<\/strong><\/a><\/span>. W naszym sklepie z systemami do w\u0142os\u00f3w mo\u017cemy zaspokoi\u0107 nast\u0119puj\u0105ce potrzeby klient\u00f3w:<\/span><\/p>\n<ol>\n<li><span style=\"color: #000000;\">Pomo\u017cemy Ci wybra\u0107 peruk\u0119 pasuj\u0105c\u0105 do Twojego naturalnego koloru i tekstury w\u0142os\u00f3w.<\/span><\/li>\n<li><span style=\"color: #000000;\">Oferujemy treski wykonane z wysokiej jako\u015bci materia\u0142\u00f3w, takich jak prawdziwe ludzkie w\u0142osy lub w\u0142\u00f3kna syntetyczne, kt\u00f3re wygl\u0105daj\u0105 i s\u0105 naturalne.<\/span><\/li>\n<li><span style=\"color: #000000;\">Nasze niestandardowe systemy w\u0142os\u00f3w uwzgl\u0119dniaj\u0105 styl i d\u0142ugo\u015b\u0107 wybranej peruki, aby zapewni\u0107, \u017ce uzupe\u0142nia ona Tw\u00f3j wygl\u0105d i osobisty styl.<\/span><\/li>\n<li><span style=\"color: #000000;\">Gwarantujemy, \u017ce produkty perukowe b\u0119d\u0105 bezpiecznie i wygodnie uk\u0142ada\u0107 si\u0119 na g\u0142owie, nie powoduj\u0105c podra\u017cnie\u0144 ani dyskomfortu.<\/span><\/li>\n<\/ol>\n<h2><span style=\"color: #000000;\">Wniosek<\/span><\/h2>\n<p><span style=\"color: #000000;\">In the end, Ben Affleck&#8217;s decision to have hair transplant surgery was driven by a desire to improve his appearance and confidence. While it may not be the right choice for everyone, hair transplant surgery has helped many people to address their hair loss issues and regain their sense of self. With careful research and consideration, those struggling with hair loss can find the right solution for them.<\/span><\/p>","protected":false},"excerpt":{"rendered":"<p>As one of Hollywood&#8217;s most recognizable stars, Ben Affleck has always been in the spotlight. In recent years, he has also become known for undergoing &#8230; <a title=\"Ben Affleck Hair Transplant: What&#8217;s The Truth?\" class=\"read-more\" href=\"https:\/\/blog.rehairsystem.com\/pl\/ben-affleck-przeszczep-wlosow-co-prawda\/\" aria-label=\"More on Ben Affleck Hair Transplant: What&#8217;s The Truth?\">Czytaj dalej<\/a><\/p>","protected":false},"author":2,"featured_media":5642,"comment_status":"closed","ping_status":"closed","sticky":false,"template":"","format":"standard","meta":[],"categories":[107],"tags":[128],"_links":{"self":[{"href":"https:\/\/blog.rehairsystem.com\/pl\/wp-json\/wp\/v2\/posts\/5641"}],"collection":[{"href":"https:\/\/blog.rehairsystem.com\/pl\/wp-json\/wp\/v2\/posts"}],"about":[{"href":"https:\/\/blog.rehairsystem.com\/pl\/wp-json\/wp\/v2\/types\/post"}],"author":[{"embeddable":true,"href":"https:\/\/blog.rehairsystem.com\/pl\/wp-json\/wp\/v2\/users\/2"}],"replies":[{"embeddable":true,"href":"https:\/\/blog.rehairsystem.com\/pl\/wp-json\/wp\/v2\/comments?post=5641"}],"version-history":[{"count":8,"href":"https:\/\/blog.rehairsystem.com\/pl\/wp-json\/wp\/v2\/posts\/5641\/revisions"}],"predecessor-version":[{"id":7994,"href":"https:\/\/blog.rehairsystem.com\/pl\/wp-json\/wp\/v2\/posts\/5641\/revisions\/7994"}],"wp:featuredmedia":[{"embeddable":true,"href":"https:\/\/blog.rehairsystem.com\/pl\/wp-json\/wp\/v2\/media\/5642"}],"wp:attachment":[{"href":"https:\/\/blog.rehairsystem.com\/pl\/wp-json\/wp\/v2\/media?parent=5641"}],"wp:term":[{"taxonomy":"category","embeddable":true,"href":"https:\/\/blog.rehairsystem.com\/pl\/wp-json\/wp\/v2\/categories?post=5641"},{"taxonomy":"post_tag","embeddable":true,"href":"https:\/\/blog.rehairsystem.com\/pl\/wp-json\/wp\/v2\/tags?post=5641"}],"curies":[{"name":"wp","href":"https:\/\/api.w.org\/{rel}","templated":true}]}}