{"id":5754,"date":"2023-06-21T10:07:54","date_gmt":"2023-06-21T10:07:54","guid":{"rendered":"https:\/\/blog.rehairsystem.com\/?p=5754"},"modified":"2023-06-21T10:08:39","modified_gmt":"2023-06-21T10:08:39","slug":"ceo-of-hair-direct-and-what-does-he-do-now","status":"publish","type":"post","link":"https:\/\/blog.rehairsystem.com\/pl\/dyrektor-generalny-hair-direct-i-co-on-teraz-robi\/","title":{"rendered":"Kto jest dyrektorem generalnym Hair Direct i czym si\u0119 teraz zajmuje?"},"content":{"rendered":"<p><span style=\"color: #000000;\">Hair Direct, firma zajmuj\u0105ca si\u0119 uzupe\u0142nianiem w\u0142os\u00f3w, jest jedn\u0105 z niewielu firm, kt\u00f3re od ponad 20 lat zajmuj\u0105 si\u0119 dostarczaniem rozwi\u0105za\u0144 na wypadanie w\u0142os\u00f3w. Cz\u0142owiek stoj\u0105cy za t\u0105 firm\u0105, dyrektor generalny Hair Direct, odegra\u0142 kluczow\u0105 rol\u0119 w zrewolucjonizowaniu rozwi\u0105za\u0144 na wypadanie w\u0142os\u00f3w. Jednak niewiele os\u00f3b wie o nim i jego wk\u0142adzie w t\u0119 bran\u017c\u0119. W tym po\u015bcie przyjrzymy si\u0119 bli\u017cej dyrektorowi generalnemu Hair Direct i jego drodze do zostania liderem w bran\u017cy rozwi\u0105za\u0144 na wypadanie w\u0142os\u00f3w.<\/span><\/p>\n<h2><span style=\"color: #000000;\">Hair Direct: Za\u0142o\u017cenie i historia<\/span><\/h2>\n<p><span style=\"color: #000000;\"><img decoding=\"async\" src=\"https:\/\/docerp.s3.amazonaws.com\/erp\/cms\/a768d209-9faf-48ae-85dc-d9b7aac5c3ab.webp\" alt=\"HairDirect\" width=\"500\" \/><\/span><\/p>\n<p><span style=\"color: #000000;\"><span style=\"color: #ff0000;\"><a style=\"color: #ff0000;\" href=\"https:\/\/rehairsystem.com\/blogs\/hairsystem\/new-update-of-hair-direct-close-down\" target=\"_blank\" rel=\"noopener\"><strong>W\u0142osy bezpo\u015brednie<\/strong><\/a><\/span> is a popular name in the hair replacement industry. The company was founded in 1998 with the aim of offering quality hair replacement systems that are affordable for its customers. The company provides hair replacement solutions such as customized hair systems, hairpieces, wigs, and extensions. Hair Direct has become the number one company in its field, thanks to the dedication and hard work of the company&#8217;s CEO.<\/span><\/p>\n<h2><span style=\"color: #000000;\">Dyrektor generalny Hair Direct: Bill Biesecker<\/span><\/h2>\n<p><span style=\"color: #000000;\">Bill Biesecker jest dyrektorem generalnym i wsp\u00f3\u0142za\u0142o\u017cycielem Hair Direct. Urodzi\u0142 si\u0119 i wychowa\u0142 w hrabstwie Lancaster w Pensylwanii, a wykszta\u0142cenie zdoby\u0142 w Elizabethtown College, gdzie uzyska\u0142 dyplom z administracji biznesowej.<\/span><\/p>\n<p><span style=\"color: #000000;\">Biesecker zawsze interesowa\u0142 si\u0119 przedsi\u0119biorczo\u015bci\u0105 i we wczesnych latach za\u0142o\u017cy\u0142 wiele ma\u0142ych firm, w tym \u015bwiadcz\u0105cych us\u0142ugi piel\u0119gnacji trawnik\u00f3w i parceli na choinki. Rozwin\u0105\u0142 w sobie pasj\u0119 pomagania innym i dokonywania zmian w swojej spo\u0142eczno\u015bci.<\/span><\/p>\n<p><span style=\"color: #000000;\">Under Biesecker&#8217;s leadership, Hair Direct has grown from a small startup to a nationally recognized company, with over 100 employees and a loyal customer base. He has been instrumental in developing new technologies and techniques for hair replacement, including the Virtual Hair System, which allows customers to design their own custom hair systems online.<\/span><\/p>\n<p><span style=\"color: #000000;\">Biesecker has received numerous awards and honors for his contributions to the hair replacement industry, including the 2006 Entrepreneur of the Year Award and the 2012 Academy Award for Best Makeup and Hairstyling for his work on the film &#8220;The Hunger Games.&#8221;<\/span><\/p>\n<h2><span style=\"color: #000000;\">How Did Bill Biesecker Response to HairDirect&#8217;s Closure?<\/span><\/h2>\n<p><img decoding=\"async\" src=\"https:\/\/docerp.s3.amazonaws.com\/erp\/cms\/1d712453-0309-444a-9d59-94b037fc8b90.webp\" alt=\"Alternatywa dla HairDirect\" width=\"700\" \/><\/p>\n<p><span style=\"color: #000000;\">W 2019 roku Hair Direct og\u0142osi\u0142, \u017ce zamyka swoje drzwi i zaprzestaje dzia\u0142alno\u015bci. By\u0142o to szokiem dla wielu os\u00f3b w bran\u017cy i sprawi\u0142o, \u017ce wielu klient\u00f3w szuka\u0142o rozwi\u0105za\u0144. Jednak Bill Biesecker nie przyj\u0105\u0142 tej wiadomo\u015bci na le\u017c\u0105co. Zamiast tego szybko wkroczy\u0142 do akcji i zacz\u0105\u0142 pomaga\u0107 osobom dotkni\u0119tym zamkni\u0119ciem.<\/span><\/p>\n<p><span style=\"color: #000000;\">Biesecker, who had stepped down as CEO of Hair Direct a few years prior, had remained involved in the company as an advisor. When he learned of the impending closure, he partnered with another industry veteran to create a new company, New Hair Technologies. The new venture&#8217;s goal was to help former Hair Direct customers and others influenced by the closure to find alternative solutions and continue to receive the high-quality hair replacement services they had come to expect.<\/span><\/p>\n<p><span style=\"color: #000000;\">Biesecker&#8217;s quick response and dedication to helping those impacted by Hair Direct&#8217;s closure earned him praise from many in the industry. His efforts helped ease the transition for thousands of customers and ensure that they could continue to receive the services they needed.<\/span><\/p>\n<h2><span style=\"color: #000000;\">Co robi\u0142 Bill Biesecker w ostatnich latach?<\/span><\/h2>\n<p><span style=\"color: #000000;\">Od czasu zamkni\u0119cia Hair Direct Bill Biesecker pozostaje aktywn\u0105 postaci\u0105 w bran\u017cy uzupe\u0142niania w\u0142os\u00f3w. Opr\u00f3cz pracy w New Hair Technologies nadal pe\u0142ni\u0142 funkcj\u0119 konsultanta innych firm w tej dziedzinie i dzieli\u0142 si\u0119 swoj\u0105 wiedz\u0105 specjalistyczn\u0105 na r\u00f3\u017cnych wydarzeniach i konferencjach bran\u017cowych.<\/span><\/p>\n<p><span style=\"color: #000000;\">Biesecker&#8217;s extensive knowledge of the hair replacement industry has made him a sought-after speaker and commentator. He has been featured in various media outlets, discussing topics such as the future of the industry, emerging technologies, and the impact of the pandemic on the hair replacement market.<\/span><\/p>\n<p><span style=\"color: #000000;\">Opr\u00f3cz pracy w bran\u017cy uzupe\u0142nie\u0144 w\u0142os\u00f3w Biesecker anga\u017cowa\u0142 si\u0119 tak\u017ce w r\u00f3\u017cne przedsi\u0119wzi\u0119cia filantropijne. Od dawna wspiera organizacje, kt\u00f3re s\u0142u\u017c\u0105 dzieciom i rodzinom w potrzebie, a tak\u017ce wykorzystuje swoj\u0105 platform\u0119 do podnoszenia \u015bwiadomo\u015bci i gromadzenia \u015brodk\u00f3w na te cele.<\/span><\/p>\n<p><span style=\"color: #000000;\">Overall, Bill Biesecker&#8217;s response to the closure of Hair Direct and his continued work in the hair replacement industry have cemented his status as a respected and influential figure in the field. His dedication to helping others, both in his professional and philanthropic endeavors, is a testament to his character and commitment to making a positive impact in the world.<\/span><\/p>\n<h2><span style=\"color: #000000;\">Wniosek<\/span><\/h2>\n<p><span style=\"color: #000000;\">Bill Biesecker to wybitna posta\u0107 w bran\u017cy uzupe\u0142nie\u0144 w\u0142os\u00f3w, znana ze swojego innowacyjnego podej\u015bcia do uzupe\u0142niania w\u0142os\u00f3w, zaanga\u017cowania na rzecz klient\u00f3w i pracownik\u00f3w oraz zaanga\u017cowania w wprowadzanie zmian w swojej spo\u0142eczno\u015bci. Jako dyrektor generalny Hair Direct odni\u00f3s\u0142 ogromny sukces, a jego wk\u0142ad w bran\u017c\u0119 b\u0119dzie mia\u0142 znacz\u0105cy wp\u0142yw przez wiele lat.<\/span><\/p>","protected":false},"excerpt":{"rendered":"<p>Hair Direct, a hair replacement company, is one of the few companies that has been dedicated to providing solutions to hair loss for over 20 &#8230; <a title=\"Kto jest dyrektorem generalnym Hair Direct i czym si\u0119 teraz zajmuje?\" class=\"read-more\" href=\"https:\/\/blog.rehairsystem.com\/pl\/dyrektor-generalny-hair-direct-i-co-on-teraz-robi\/\" aria-label=\"More on Who Is The CEO Of Hair Direct And What Does He Do Now?\">Czytaj dalej<\/a><\/p>","protected":false},"author":2,"featured_media":5755,"comment_status":"closed","ping_status":"closed","sticky":false,"template":"","format":"standard","meta":[],"categories":[90],"tags":[91],"_links":{"self":[{"href":"https:\/\/blog.rehairsystem.com\/pl\/wp-json\/wp\/v2\/posts\/5754"}],"collection":[{"href":"https:\/\/blog.rehairsystem.com\/pl\/wp-json\/wp\/v2\/posts"}],"about":[{"href":"https:\/\/blog.rehairsystem.com\/pl\/wp-json\/wp\/v2\/types\/post"}],"author":[{"embeddable":true,"href":"https:\/\/blog.rehairsystem.com\/pl\/wp-json\/wp\/v2\/users\/2"}],"replies":[{"embeddable":true,"href":"https:\/\/blog.rehairsystem.com\/pl\/wp-json\/wp\/v2\/comments?post=5754"}],"version-history":[{"count":2,"href":"https:\/\/blog.rehairsystem.com\/pl\/wp-json\/wp\/v2\/posts\/5754\/revisions"}],"predecessor-version":[{"id":5757,"href":"https:\/\/blog.rehairsystem.com\/pl\/wp-json\/wp\/v2\/posts\/5754\/revisions\/5757"}],"wp:featuredmedia":[{"embeddable":true,"href":"https:\/\/blog.rehairsystem.com\/pl\/wp-json\/wp\/v2\/media\/5755"}],"wp:attachment":[{"href":"https:\/\/blog.rehairsystem.com\/pl\/wp-json\/wp\/v2\/media?parent=5754"}],"wp:term":[{"taxonomy":"category","embeddable":true,"href":"https:\/\/blog.rehairsystem.com\/pl\/wp-json\/wp\/v2\/categories?post=5754"},{"taxonomy":"post_tag","embeddable":true,"href":"https:\/\/blog.rehairsystem.com\/pl\/wp-json\/wp\/v2\/tags?post=5754"}],"curies":[{"name":"wp","href":"https:\/\/api.w.org\/{rel}","templated":true}]}}