{"id":6314,"date":"2023-07-05T09:29:43","date_gmt":"2023-07-05T09:29:43","guid":{"rendered":"https:\/\/blog.rehairsystem.com\/?p=6314"},"modified":"2023-07-05T09:35:42","modified_gmt":"2023-07-05T09:35:42","slug":"does-the-jonathan-lemire-wear-a-hairpiece","status":"publish","type":"post","link":"https:\/\/blog.rehairsystem.com\/pl\/czy-onathan-lemire-nosi-treske\/","title":{"rendered":"Czy reporter z Bia\u0142ego Domu, Jonathan Lemire, nosi tresk\u0119?"},"content":{"rendered":"<p><span style=\"color: #000000;\">In this article, let&#8217;s discuss the intriguing question of whether the renowned White House reporter Jonathan Lemire wears a hairpiece. Despite his exceptional reporting skills, many have wondered about his hairline and if it might be the result of a natural gift or the assistance of artificial means. Join us as we uncover the truth behind <span style=\"color: #ff0000;\"><a style=\"color: #ff0000;\" href=\"https:\/\/blog.rehairsystem.com\/pl\/czy-onathan-lemire-nosi-treske\/\" target=\"_blank\" rel=\"noopener\"><strong>Jonathan Lemire&#8217;s hair piece<\/strong><\/a><\/span>.<\/span><\/p>\n<h2><span style=\"color: #000000;\">Kim jest Jonathan Lemire?<\/span><\/h2>\n<p><span style=\"color: #000000;\"><img decoding=\"async\" src=\"https:\/\/docerp.s3.amazonaws.com\/erp\/cms\/0f13d0a9-2c8a-49ba-9665-6de51ccf5861.webp\" alt=\"treska Jonathana Lemire\u2019a\" width=\"700\" \/><\/span><\/p>\n<p><span style=\"color: #000000;\">Jonathan Lemire is an American journalist and White House reporter for the Associated Press (AP). He gained significant recognition for his coverage of the Trump presidency and his reporting on major political events. Lemire&#8217;s work has been widely featured in prominent news outlets, and he is known for his insightful analysis and sharp reporting skills.<\/span><\/p>\n<p><span style=\"color: #000000;\">Once Trump assumed office, Lemire became one of the most prominent White House reporters, providing an inside look into the administration&#8217;s policies, controversies, and decision-making processes. His reporting continually shed light on the internal workings of the Trump administration, allowing the public to better understand the dynamics of the presidency.<\/span><\/p>\n<p><span style=\"color: #000000;\">Lemire&#8217;s ability to ask tough questions and hold those in power accountable made him a respected figure in the world of political journalism. His coverage of the Trump administration received widespread attention, and he was frequently seen moderating panels and providing expert analysis on news networks.<\/span><\/p>\n<h2><span style=\"color: #000000;\">Jonathan Lemire&#8217;s Signature Look<\/span><\/h2>\n<p><span style=\"color: #000000;\"><img decoding=\"async\" src=\"https:\/\/docerp.s3.amazonaws.com\/erp\/cms\/39f7585e-2717-45f7-88c3-ef96c93ac9c7.webp\" alt=\"treska Jonathana Lemire\u2019a\" width=\"700\" \/><\/span><\/p>\n<p><span style=\"color: #000000;\">One cannot help but notice Jonathan Lemire&#8217;s impeccable sense of style and, particularly, his hairline. Lemire&#8217;s hair always seems to be in the perfect place, complementing his overall appearance and projecting a sense of confidence and professionalism.<\/span><\/p>\n<h2><span style=\"color: #000000;\">Czy Jonathan Lemire do\u015bwiadcza wypadania w\u0142os\u00f3w?<\/span><\/h2>\n<p><span style=\"color: #000000;\"><img decoding=\"async\" src=\"https:\/\/docerp.s3.amazonaws.com\/erp\/cms\/b42eb617-9a6e-40f8-b931-e5743237ff28.webp\" alt=\"treska Jonathana Lemire\u2019a\" width=\"700\" \/><\/span><\/p>\n<p><span style=\"color: #000000;\">Yes, Jonathan Lemire is experiencing hair loss. While many speculate about whether Lemire&#8217;s hairline is natural or the result of hair loss, it is crucial to first explore the reasons why individuals might experience hair loss. Various factors, such as genetics, age, hormonal changes, and stress, can contribute to hair loss, causing individuals to seek alternative solutions.<\/span><\/p>\n<h2><span style=\"color: #000000;\">The Reasons for Jonathan Lemire&#8217;s Hair Loss<\/span><\/h2>\n<ul>\n<li><span style=\"color: #000000;\"><em><span style=\"text-decoration: underline;\">Stres<\/span><\/em>: Do\u015bwiadczanie wysokiego poziomu stresu przez d\u0142u\u017cszy czas mo\u017ce prowadzi\u0107 do wypadania w\u0142os\u00f3w. Jonathan Lemire, podobnie jak wiele os\u00f3b wykonuj\u0105cych stresuj\u0105c\u0105 prac\u0119, mo\u017ce boryka\u0107 si\u0119 z wypadaniem w\u0142os\u00f3w zwi\u0105zanym ze stresem.<\/span><\/li>\n<li><span style=\"color: #000000;\"><em><span style=\"text-decoration: underline;\">Zmiany hormonalne<\/span><\/em>: Wahania hormon\u00f3w mog\u0105 powodowa\u0107 wypadanie w\u0142os\u00f3w. Starzenie si\u0119 i brak r\u00f3wnowagi hormonalnej mog\u0105 wp\u0142ywa\u0107 na cykl wzrostu w\u0142os\u00f3w, prowadz\u0105c do przerzedzania lub wypadania w\u0142os\u00f3w.<\/span><\/li>\n<li><span style=\"color: #000000;\"><em><span style=\"text-decoration: underline;\">Genetyka<\/span><\/em>: Historia rodziny odgrywa znacz\u0105c\u0105 rol\u0119 w okre\u015blaniu wzorc\u00f3w wypadania w\u0142os\u00f3w. Je\u015bli Jonathan Lemire mia\u0142 w rodzinie przypadki wypadania w\u0142os\u00f3w, mo\u017ce by\u0107 genetycznie predysponowany do przerzedzania si\u0119 lub \u0142ysienia.<\/span><\/li>\n<li><span style=\"color: #000000;\"><span style=\"text-decoration: underline;\">Warunki medyczne lub leczenie<\/span>: Niekt\u00f3re schorzenia, takie jak \u0142ysienie plackowate lub choroby autoimmunologiczne, mog\u0105 powodowa\u0107 wypadanie w\u0142os\u00f3w. Ponadto poddawanie si\u0119 zabiegom takim jak chemioterapia mo\u017ce skutkowa\u0107 tymczasow\u0105 lub trwa\u0142\u0105 utrat\u0105 w\u0142os\u00f3w.<\/span><\/li>\n<li><span style=\"color: #000000;\"><em><span style=\"text-decoration: underline;\">Praktyki stylizacyjne lub produkty do w\u0142os\u00f3w<\/span><\/em>: Excessive use of heat-styling tools, tight hairstyles, or harsh chemicals in hair products can damage the hair follicles, leading to hair loss. It is possible that Jonathan Lemire&#8217;s styling practices or choice of hair products may contribute to his hair loss.<\/span><\/li>\n<\/ul>\n<h2><span style=\"color: #000000;\">Czy on nosi tresk\u0119?<\/span><\/h2>\n<p><span style=\"color: #000000;\">The question on many people&#8217;s minds is, \u201cDoes he wear a hairpiece?\u201d While it is true that Jonathan Lemire&#8217;s hairline seems to be receding and showing signs of hair loss, there is no concrete evidence to suggest that he relies on a wig or hairpiece to cover up this natural phenomenon. <\/span><\/p>\n<p><span style=\"color: #000000;\">It is not an uncommon occurrence for individuals to experience hair thinning or receding hairlines as they age, and Lemire&#8217;s case appears to be no different. However, it is worth noting that without explicit confirmation from the man himself, any speculation about his hair can only remain as just that \u2013 speculation.<\/span><\/p>\n<h2><span style=\"color: #000000;\">Jak ocali\u0107 wysok\u0105 lini\u0119 w\u0142os\u00f3w u os\u00f3b z wypadaniem w\u0142os\u00f3w?<\/span><\/h2>\n<p><img decoding=\"async\" loading=\"lazy\" class=\"alignnone wp-image-6320\" src=\"https:\/\/blog.rehairsystem.com\/wp-content\/uploads\/2023\/07\/Men-Frontal-Hairpiece-1024x494.jpg\" alt=\"Kup przedni\u0105 tresk\u0119 m\u0119sk\u0105\" width=\"751\" height=\"362\" srcset=\"https:\/\/blog.rehairsystem.com\/wp-content\/uploads\/2023\/07\/Men-Frontal-Hairpiece-1024x494.jpg 1024w, https:\/\/blog.rehairsystem.com\/wp-content\/uploads\/2023\/07\/Men-Frontal-Hairpiece-300x145.jpg 300w, https:\/\/blog.rehairsystem.com\/wp-content\/uploads\/2023\/07\/Men-Frontal-Hairpiece-768x370.jpg 768w, https:\/\/blog.rehairsystem.com\/wp-content\/uploads\/2023\/07\/Men-Frontal-Hairpiece-18x9.jpg 18w, https:\/\/blog.rehairsystem.com\/wp-content\/uploads\/2023\/07\/Men-Frontal-Hairpiece.jpg 1467w\" sizes=\"(max-width: 751px) 100vw, 751px\" \/><\/p>\n<p><span style=\"color: #000000;\">Dla os\u00f3b borykaj\u0105cych si\u0119 z wypadaniem w\u0142os\u00f3w noszenie peruki na czole mo\u017ce zmieni\u0107 zasady gry. A <span style=\"color: #ff0000;\"><a style=\"color: #ff0000;\" href=\"https:\/\/rehairsystem.com\/products\/mens-frontal-hairpiece-covering-receding-hairline\" target=\"_blank\" rel=\"noopener\"><strong>peruka na czo\u0142o<\/strong><\/a><\/span> to rodzaj peruki, kt\u00f3ra specjalnie zakrywa przedni\u0105 lini\u0119 w\u0142os\u00f3w, p\u0142ynnie \u0142\u0105cz\u0105c si\u0119 z naturalnymi w\u0142osami i tworz\u0105c naturalny wygl\u0105d. Mo\u017ce pom\u00f3c osobom zwalczy\u0107 wypadanie w\u0142os\u00f3w i przywr\u00f3ci\u0107 im pewno\u015b\u0107 siebie.<\/span><\/p>\n<p><span style=\"color: #000000;\">The advantage of a forehead wig is that it is easy to wear, adjustable, and easily maintained. Additionally, it allows for seamless integration with the individual&#8217;s existing hair, eliminating any visible signs of artificial assistance.<\/span><\/p>\n<p><span style=\"color: #000000;\">Dla zainteresowanych zakupem peruki na czo\u0142o, <strong>Rehairsystem<\/strong> sklep z perukami to renomowana opcja. Dzi\u0119ki szerokiej gamie wysokiej jako\u015bci peruk i doskona\u0142ej obs\u0142udze klienta mo\u017cemy zapewni\u0107, \u017ce klienci znajd\u0105 idealn\u0105 peruk\u0119 odpowiadaj\u0105c\u0105 ich potrzebom. Priorytetem jest dla nas zadowolenie klienta i zapewnianie bezproblemowych zakup\u00f3w.<\/span><\/p>\n<p><span style=\"color: #000000;\">Zobowi\u0105zujemy si\u0119 do dostarczania klientom produkt\u00f3w i us\u0142ug najwy\u017cszej klasy. Nasze peruki s\u0105 wykonane z najwy\u017cszej jako\u015bci materia\u0142\u00f3w, fachowego wykonania i dba\u0142o\u015bci o szczeg\u00f3\u0142y, co zapewnia naturalne i wygodne dopasowanie.<\/span><\/p>\n<h2><span style=\"color: #000000;\">Wniosek<\/span><\/h2>\n<p><span style=\"color: #000000;\">Cho\u0107 prawda o linii w\u0142os\u00f3w Jonathana Lemire\u2019a pozostaje tajemnic\u0105, wa\u017cne jest, aby pami\u0119ta\u0107, \u017ce wypadanie w\u0142os\u00f3w dotyka ludzi we wszystkich sferach \u017cycia. Niezale\u017cnie od tego, czy zdecyduje si\u0119 przytuli\u0107 swoje naturalne w\u0142osy, czy b\u0119dzie szuka\u0107 pomocy poprzez tresk\u0119, jest to osobisty wyb\u00f3r, kt\u00f3ry nie powinien umniejsza\u0107 jego imponuj\u0105cych osi\u0105gni\u0119\u0107 jako reportera Bia\u0142ego Domu.<\/span><\/p>","protected":false},"excerpt":{"rendered":"<p>In this article, let&#8217;s discuss the intriguing question of whether the renowned White House reporter Jonathan Lemire wears a hairpiece. Despite his exceptional reporting skills, &#8230; <a title=\"Czy reporter z Bia\u0142ego Domu, Jonathan Lemire, nosi tresk\u0119?\" class=\"read-more\" href=\"https:\/\/blog.rehairsystem.com\/pl\/czy-onathan-lemire-nosi-treske\/\" aria-label=\"More on Does The White House Reporter Jonathan Lemire Wear A Hairpiece?\">Czytaj dalej<\/a><\/p>","protected":false},"author":2,"featured_media":6315,"comment_status":"closed","ping_status":"closed","sticky":false,"template":"","format":"standard","meta":[],"categories":[1],"tags":[193],"_links":{"self":[{"href":"https:\/\/blog.rehairsystem.com\/pl\/wp-json\/wp\/v2\/posts\/6314"}],"collection":[{"href":"https:\/\/blog.rehairsystem.com\/pl\/wp-json\/wp\/v2\/posts"}],"about":[{"href":"https:\/\/blog.rehairsystem.com\/pl\/wp-json\/wp\/v2\/types\/post"}],"author":[{"embeddable":true,"href":"https:\/\/blog.rehairsystem.com\/pl\/wp-json\/wp\/v2\/users\/2"}],"replies":[{"embeddable":true,"href":"https:\/\/blog.rehairsystem.com\/pl\/wp-json\/wp\/v2\/comments?post=6314"}],"version-history":[{"count":5,"href":"https:\/\/blog.rehairsystem.com\/pl\/wp-json\/wp\/v2\/posts\/6314\/revisions"}],"predecessor-version":[{"id":6322,"href":"https:\/\/blog.rehairsystem.com\/pl\/wp-json\/wp\/v2\/posts\/6314\/revisions\/6322"}],"wp:featuredmedia":[{"embeddable":true,"href":"https:\/\/blog.rehairsystem.com\/pl\/wp-json\/wp\/v2\/media\/6315"}],"wp:attachment":[{"href":"https:\/\/blog.rehairsystem.com\/pl\/wp-json\/wp\/v2\/media?parent=6314"}],"wp:term":[{"taxonomy":"category","embeddable":true,"href":"https:\/\/blog.rehairsystem.com\/pl\/wp-json\/wp\/v2\/categories?post=6314"},{"taxonomy":"post_tag","embeddable":true,"href":"https:\/\/blog.rehairsystem.com\/pl\/wp-json\/wp\/v2\/tags?post=6314"}],"curies":[{"name":"wp","href":"https:\/\/api.w.org\/{rel}","templated":true}]}}