{"id":8149,"date":"2023-08-15T10:25:58","date_gmt":"2023-08-15T10:25:58","guid":{"rendered":"https:\/\/blog.rehairsystem.com\/?p=8149"},"modified":"2023-08-16T01:30:58","modified_gmt":"2023-08-16T01:30:58","slug":"is-tim-pool-bald-and-why","status":"publish","type":"post","link":"https:\/\/blog.rehairsystem.com\/pl\/jest-tim-pool-lysy-i-dlaczego\/","title":{"rendered":"Czy Tim Pool jest \u0142ysy i dlaczego?"},"content":{"rendered":"<p><span style=\"color: #000000;\">Dzisiaj porozmawiamy o tym, czy Tim Pool, dobrze znana posta\u0107 w \u015brodowisku medialnym, rzeczywi\u015bcie jest \u0142ysy, czy nie. W zwi\u0105zku z ogromn\u0105 liczb\u0105 fan\u00f3w w Internecie i charakterystycznym wyborem mody w zakresie noszenia czapki, pojawi\u0142y si\u0119 spekulacje na temat jego \u0142ysienia. Przeczytaj ten artyku\u0142, aby dowiedzie\u0107 si\u0119, <a href=\"https:\/\/blog.rehairsystem.com\/pl\/jest-tim-pool-lysy-i-dlaczego\/\" target=\"_blank\" rel=\"noopener\"><span style=\"color: #ff0000;\"><strong>czy Tim Pool jest naprawd\u0119 \u0142ysy?<\/strong><\/span><\/a>?<\/span><\/p>\n<h2><span style=\"color: #000000;\">Kim jest Tim Pool?<\/span><\/h2>\n<p><span style=\"color: #000000;\">Tim Pool to ameryka\u0144ski niezale\u017cny dziennikarz, komentator polityczny i YouTuber. Zyska\u0142 uznanie dzi\u0119ki swoim internetowym relacjom z protest\u00f3w Occupy Wall Street w 2011 r., gdzie zapewnia\u0142 transmisj\u0119 wydarze\u0144 na \u017cywo.<\/span><\/p>\n<p><span style=\"color: #000000;\">Pool urodzi\u0142 si\u0119 9 marca 1986 roku w Chicago, Illinois. Rozpocz\u0105\u0142 karier\u0119 jako deskorolkarz i pracowa\u0142 na r\u00f3\u017cnych stanowiskach, zanim zosta\u0142 pe\u0142noetatowym dziennikarzem. Pool rozpocz\u0105\u0142 swoj\u0105 obecno\u015b\u0107 w Internecie na YouTube, gdzie zyska\u0142 popularno\u015b\u0107 relacjonuj\u0105c kwestie polityczne i spo\u0142eczne. Jest znany ze swojej charakterystycznej czapki typu beanie, kt\u00f3ra sta\u0142a si\u0119 charakterystyczn\u0105 cz\u0119\u015bci\u0105 jego wygl\u0105du.<\/span><\/p>\n<p><span style=\"color: #000000;\">Pool identifies as a centrist and has been praised for his objective and fact-based reporting style. He often provides on-the-ground coverage of protests, political rallies, and other significant events, both in the United States and internationally. Pool&#8217;s reporting includes a range of topics, such as political polarization, censorship, civil liberties, and technology.<\/span><\/p>\n<p><span style=\"color: #000000;\">Despite being an independent journalist, Pool has appeared on various media outlets, including Fox News, The Rubin Report, and Joe Rogan&#8217;s podcast. He has also collaborated with other prominent YouTubers and journalists, such as Joe Rogan, Steven Crowder, and Dave Rubin.<\/span><\/p>\n<h2><span style=\"color: #000000;\">Czy Tim Pool jest \u0142ysy?<\/span><\/h2>\n<p><span style=\"color: #000000;\"><img decoding=\"async\" src=\"https:\/\/docerp.s3.amazonaws.com\/erp\/cms\/1b256c5f-6fb4-42c3-83a4-981c6a3442a7.webp\" alt=\"Tim Pool \u0142ysy\" width=\"700\" \/><\/span><\/p>\n<p><span style=\"color: #000000;\">Tak, Tim Pool jest \u0142ysy, co potwierdza jego strona na Facebooku i konto na Twitterze. Pomimo stosunkowo m\u0142odego wieku, cz\u0119sto mo\u017cna go zobaczy\u0107 z \u0142ys\u0105 g\u0142ow\u0105, gdy nie nosi swojej charakterystycznej czapki typu beanie.<\/span><\/p>\n<p><span style=\"color: #000000;\">Odkrycie jego \u0142ysiny mia\u0142o miejsce w 2017 roku, kiedy inny YouTuber publicznie zdj\u0105\u0142 kapelusz, aby nagra\u0107 film. Przed tym incydentem nie by\u0142o publicznych zdj\u0119\u0107 Poola bez kapelusza. Od tego czasu publikuje zdj\u0119cia bez kapelusza, ods\u0142aniaj\u0105c swoj\u0105 \u0142ysin\u0119. Zauwa\u017c, \u017ce Pool zdecydowa\u0142 si\u0119 nie goli\u0107 pozosta\u0142ych w\u0142os\u00f3w po bokach g\u0142owy, co jeszcze bardziej podkre\u015bla jego brak w\u0142os\u00f3w na g\u00f3rze.<\/span><\/p>\n<h3><span style=\"color: #000000;\">Nosi czapk\u0119, aby ukry\u0107 \u0142ysin\u0119<\/span><\/h3>\n<p><span style=\"color: #000000;\">Nigdy bez niego nie pojawia\u0142 si\u0119 publicznie, odk\u0105d po raz pierwszy zwr\u00f3ci\u0142 na siebie uwag\u0119 podczas transmisji na \u017cywo demonstracji Occupy Wall Street. Dok\u0142adny motyw stoj\u0105cy za jego decyzj\u0105 o konsekwentnym noszeniu kapelusza pozostaje niepewny i pozostaje otwarty na spekulacje.<\/span><\/p>\n<p><span style=\"color: #000000;\">Some have speculated that Pool&#8217;s choice to don the hat could be attributed to a desire to avoid being recognized in public. Given his online presence and the potential for unwanted attention or encounters, it is understandable that he may prefer to maintain a level of anonymity when out and about.<\/span><\/p>\n<p><span style=\"color: #000000;\">Another possibility is that Pool&#8217;s consistent use of the hat stems from self-consciousness about his male pattern baldness. It is not uncommon for individuals who experience hair loss to feel self-conscious or less confident about their appearance.<\/span><\/p>\n<h2><span style=\"color: #000000;\">Dlaczego Tim Pool \u0142ysieje?<\/span><\/h2>\n<p><span style=\"color: #000000;\">Online rumors are rife because Pool hasn&#8217;t officially stated what&#8217;s causing his hair loss.<\/span><\/p>\n<p><span style=\"color: #000000;\">Niekt\u00f3rzy podejrzewaj\u0105, \u017ce mo\u017ce cierpie\u0107 na \u0142ysienie \u2013 chorob\u0119 powoduj\u0105c\u0105 wypadanie w\u0142os\u00f3w, inni b\u0142\u0119dnie uwa\u017caj\u0105, \u017ce przyczyn\u0105 \u0142ysienia mog\u0142a by\u0107 czapka beanie, mimo \u017ce jest to rzadka przyczyna. Pomimo sarkastycznych komentarzy na temat swojej \u0142ysiny na Twitterze, Pool nie odni\u00f3s\u0142 si\u0119 bezpo\u015brednio na platformie do przyczyny wypadania w\u0142os\u00f3w.<\/span><\/p>\n<p><span style=\"color: #000000;\">It should understand that for many guys, becoming bald can significantly affect their mental health. Speculating that alopecia universals, which normally start in a person&#8217;s 20s or 30s and cause hair loss all over the body, could be the cause of Pool&#8217;s baldness.<\/span><\/p>\n<h3><span style=\"color: #000000;\">\u0141ysienie zwi\u0105zane z \u0142ysieniem<\/span><\/h3>\n<p><span style=\"color: #000000;\">\u0141ysienie to choroba autoimmunologiczna, w kt\u00f3rej uk\u0142ad odporno\u015bciowy b\u0142\u0119dnie atakuje mieszki w\u0142osowe, co prowadzi do wypadania w\u0142os\u00f3w. Istniej\u0105 r\u00f3\u017cne formy \u0142ysienia, w tym \u0142ysienie plackowate, \u0142ysienie ca\u0142kowite i \u0142ysienie uniwersalne.<\/span><\/p>\n<p><span style=\"color: #000000;\">\u0141ysienie plackowate zazwyczaj objawia si\u0119 niejednolit\u0105 utrat\u0105 w\u0142os\u00f3w na sk\u00f3rze g\u0142owy, ale mo\u017ce r\u00f3wnie\u017c dotyczy\u0107 innych obszar\u00f3w cia\u0142a. W niekt\u00f3rych przypadkach mo\u017ce rozwin\u0105\u0107 si\u0119 w bardziej rozleg\u0142\u0105 utrat\u0119 w\u0142os\u00f3w, skutkuj\u0105c\u0105 ca\u0142kowit\u0105 utrat\u0105 w\u0142os\u00f3w na g\u0142owie (\u0142ysienie ca\u0142kowite) lub utrat\u0105 w\u0142os\u00f3w na ca\u0142ym ciele (\u0142ysienie uniwersalne). Jednak\u017ce przebieg i nasilenie \u0142ysienia mog\u0105 si\u0119 znacznie r\u00f3\u017cni\u0107 u poszczeg\u00f3lnych os\u00f3b.<\/span><\/p>\n<p><span style=\"color: #000000;\">The exact cause of alopecia is not fully understood, but both genetic and environmental factors are believed to play a role. It is thought to be an autoimmune condition, meaning that the body&#8217;s immune system mistakenly attacks healthy cells, including those in the hair follicles.<\/span><\/p>\n<h2><span style=\"color: #000000;\">Jak wyleczy\u0107 \u0142ysienie?<\/span><\/h2>\n<p><strong><span style=\"color: #000000;\">\u0141ysienie jest cz\u0119stym problemem, z kt\u00f3rym boryka si\u0119 wiele os\u00f3b. Oto kilka metod, kt\u00f3re warto rozwa\u017cy\u0107:<\/span><\/strong><\/p>\n<ul>\n<li><span style=\"color: #000000;\"><em><span style=\"text-decoration: underline;\">Leczenie farmakologiczne<\/span><\/em>: Istniej\u0105 leki zatwierdzone przez FDA, takie jak minoksydyl i finasteryd, kt\u00f3re mog\u0105 pom\u00f3c spowolni\u0107 wypadanie w\u0142os\u00f3w i promowa\u0107 ich odrost. Leki te s\u0105 dost\u0119pne w postaci roztwor\u00f3w miejscowych lub tabletek doustnych.<\/span><\/li>\n<li><span style=\"color: #000000;\"><em><span style=\"text-decoration: underline;\">Przeszczep w\u0142os\u00f3w<\/span><\/em>: Ten zabieg chirurgiczny polega na usuni\u0119ciu mieszk\u00f3w w\u0142osowych z jednej cz\u0119\u015bci cia\u0142a (zazwyczaj z ty\u0142u lub bok\u00f3w g\u0142owy) i wszczepieniu ich w miejsca \u0142ysiej\u0105ce. Jest to skuteczne rozwi\u0105zanie d\u0142ugoterminowe, ale mo\u017ce by\u0107 kosztowne.<\/span><\/li>\n<li><span style=\"color: #000000;\"><em><span style=\"text-decoration: underline;\">No\u015b tupecik<\/span><\/em>: <span style=\"color: #ff0000;\"><a style=\"color: #ff0000;\" href=\"https:\/\/rehairsystem.com\/collections\/mens-hairpieces\" target=\"_blank\" rel=\"noopener\"><strong>Peruki<\/strong><\/a><\/span>, znane r\u00f3wnie\u017c jako treski lub systemy w\u0142os\u00f3w, to sztuczne treski, kt\u00f3re mo\u017cna nosi\u0107, aby zakry\u0107 \u0142ysiny. S\u0105 dost\u0119pne w r\u00f3\u017cnych stylach, kolorach i materia\u0142ach, dzi\u0119ki czemu mo\u017cesz wybra\u0107 taki, kt\u00f3ry odpowiada Twoim preferencjom. Peruki oferuj\u0105 niechirurgiczne i tymczasowe rozwi\u0105zanie problemu \u0142ysienia.<\/span><\/li>\n<\/ul>\n<h3><span style=\"color: #000000;\">Zalecamy noszenie tupecika w celu wyleczenia \u0142ysienia<\/span><\/h3>\n<p><span style=\"color: #000000;\"><img decoding=\"async\" src=\"https:\/\/docerp.s3.amazonaws.com\/erp\/cms\/525e0541-c629-4913-9f3e-35c97ff064f0.webp\" alt=\"Tim Pool \u0141ysy\" width=\"700\" \/><\/span><\/p>\n<p><span style=\"color: #000000;\">Tupeciki zapewniaj\u0105 natychmiastowe pokrycie \u0142ysiny, nadaj\u0105c wygl\u0105d pe\u0142nej g\u0142owy w\u0142os\u00f3w. Dzi\u0119ki szerokiej gamie dost\u0119pnych opcji mo\u017cesz wybra\u0107 peruk\u0119 pasuj\u0105c\u0105 do Twojego naturalnego koloru, tekstury i stylu w\u0142os\u00f3w. Mo\u017cna je stylizowa\u0107, my\u0107 i piel\u0119gnowa\u0107 tak samo jak w\u0142osy naturalne.<\/span><\/p>\n<p><span style=\"color: #000000;\">W por\u00f3wnaniu z innymi metodami leczenia wypadania w\u0142os\u00f3w, tupeciki s\u0105 na og\u00f3\u0142 bardziej op\u0142acalne i bezpieczniejsze. Je\u015bli rozwa\u017casz op\u0142acalne sposoby zapobiegania \u0142ysieniu, mo\u017cesz zdecydowa\u0107 si\u0119 na noszenie tupecika. Na szcz\u0119\u015bcie, <span style=\"color: #ff0000;\"><a style=\"color: #ff0000;\" href=\"https:\/\/rehairsystem.com\/\" target=\"_blank\" rel=\"noopener\"><strong>Rehairsystem.com<\/strong><\/a><\/span>, internetowy sklep z tupecikami, oferuje szeroki wyb\u00f3r tupecik\u00f3w wykonanych z wysokiej jako\u015bci materia\u0142\u00f3w, zapewniaj\u0105cych trwa\u0142o\u015b\u0107 i realistyczny wygl\u0105d.<\/span><\/p>\n<p><span style=\"color: #000000;\">Our toupees are meticulously crafted with attention to detail, using state-of-the-art techniques and technologies. We understand that every individual is unique, which is why we provide a variety of options to pick from. Whether you&#8217;re looking for a toupee with specific hair color, texture, length, or style, we have options that cater to your preferences.<\/span><\/p>\n<h3><span style=\"color: #000000;\">Walczy o \u0142ysin\u0119<\/span><\/h3>\n<p><span style=\"color: #000000;\">In order to combat the negative stigma and mocking attached to men&#8217;s hair loss, bald shaming must be treated. Even though bald-shaming may not be as serious as other types of trolling, it is important to understand that no one, not even Tim Pool or another male, should be made fun of because of how they look. <\/span><\/p>\n\n\n<h2 class=\"wp-block-heading has-contrast-color has-text-color\">Cz\u0119sto zadawane pytania<\/h2>\n\n\n<div id=\"rank-math-faq\" class=\"rank-math-block\">\n<div class=\"rank-math-list\">\n<div id=\"faq-question-1692089115674\" class=\"rank-math-list-item\">\n<h3 class=\"rank-math-question\">Jakiej narodowo\u015bci jest Tim Pool?<\/h3>\n<div class=\"rank-math-answer\">\n\n<p>Tim Pool jest obywatelem ameryka\u0144skim.<\/p>\n\n<\/div>\n<\/div>\n<div id=\"faq-question-1692089129627\" class=\"rank-math-list-item\">\n<h3 class=\"rank-math-question\">Ile lat ma Tim Pool?<\/h3>\n<div class=\"rank-math-answer\">\n\n<p>Ma 37 lat.<\/p>\n\n<\/div>\n<\/div>\n<div id=\"faq-question-1692089147714\" class=\"rank-math-list-item\">\n<h3 class=\"rank-math-question\">Ile zarabia Tim Pool?<\/h3>\n<div class=\"rank-math-answer\">\n\n<p>Tim Pool&#8217;s YouTube channel earns him approximately $21,000 per month.<\/p>\n\n<\/div>\n<\/div>\n<div id=\"faq-question-1692089155955\" class=\"rank-math-list-item\">\n<h3 class=\"rank-math-question\">Jak wysoki jest Tim Pool?<\/h3>\n<div class=\"rank-math-answer\">\n\n<p>Ma 1,79 m.<\/p>\n\n<\/div>\n<\/div>\n<\/div>\n<\/div>\n\n\n<h2 class=\"wp-block-heading has-contrast-color has-text-color\">Wniosek<\/h2>\n\n\n\n<p class=\"has-contrast-color has-text-color\">Tim Pool jest \u0142ysy, wi\u0119c zawsze nosi czapk\u0119. \u0141ysienie to cz\u0119sty problem, kt\u00f3ry dotyka wiele os\u00f3b, a przyczyny jego wyst\u0119powania s\u0105 r\u00f3\u017cne. Ostatecznie, je\u015bli masz problemy z \u0142ysieniem lub wypadaniem w\u0142os\u00f3w, mo\u017cesz zwr\u00f3ci\u0107 si\u0119 o profesjonaln\u0105 porad\u0119 i zbada\u0107 dost\u0119pne sposoby, kt\u00f3re pomog\u0105 Ci rozwia\u0107 Twoje obawy i odzyska\u0107 pewno\u015b\u0107 siebie.<\/p>","protected":false},"excerpt":{"rendered":"<p>Today, we will discuss whether Tim Pool, a well-known figure in the media landscape, is indeed bald or not. With a vast online following and &#8230; <a title=\"Czy Tim Pool jest \u0142ysy i dlaczego?\" class=\"read-more\" href=\"https:\/\/blog.rehairsystem.com\/pl\/jest-tim-pool-lysy-i-dlaczego\/\" aria-label=\"More on Is Tim Pool Bald and Why?\">Czytaj dalej<\/a><\/p>","protected":false},"author":2,"featured_media":8162,"comment_status":"closed","ping_status":"closed","sticky":false,"template":"","format":"standard","meta":[],"categories":[107],"tags":[349],"_links":{"self":[{"href":"https:\/\/blog.rehairsystem.com\/pl\/wp-json\/wp\/v2\/posts\/8149"}],"collection":[{"href":"https:\/\/blog.rehairsystem.com\/pl\/wp-json\/wp\/v2\/posts"}],"about":[{"href":"https:\/\/blog.rehairsystem.com\/pl\/wp-json\/wp\/v2\/types\/post"}],"author":[{"embeddable":true,"href":"https:\/\/blog.rehairsystem.com\/pl\/wp-json\/wp\/v2\/users\/2"}],"replies":[{"embeddable":true,"href":"https:\/\/blog.rehairsystem.com\/pl\/wp-json\/wp\/v2\/comments?post=8149"}],"version-history":[{"count":5,"href":"https:\/\/blog.rehairsystem.com\/pl\/wp-json\/wp\/v2\/posts\/8149\/revisions"}],"predecessor-version":[{"id":8180,"href":"https:\/\/blog.rehairsystem.com\/pl\/wp-json\/wp\/v2\/posts\/8149\/revisions\/8180"}],"wp:featuredmedia":[{"embeddable":true,"href":"https:\/\/blog.rehairsystem.com\/pl\/wp-json\/wp\/v2\/media\/8162"}],"wp:attachment":[{"href":"https:\/\/blog.rehairsystem.com\/pl\/wp-json\/wp\/v2\/media?parent=8149"}],"wp:term":[{"taxonomy":"category","embeddable":true,"href":"https:\/\/blog.rehairsystem.com\/pl\/wp-json\/wp\/v2\/categories?post=8149"},{"taxonomy":"post_tag","embeddable":true,"href":"https:\/\/blog.rehairsystem.com\/pl\/wp-json\/wp\/v2\/tags?post=8149"}],"curies":[{"name":"wp","href":"https:\/\/api.w.org\/{rel}","templated":true}]}}