{"id":5747,"date":"2023-06-21T09:11:54","date_gmt":"2023-06-21T09:11:54","guid":{"rendered":"https:\/\/blog.rehairsystem.com\/?p=5747"},"modified":"2023-07-12T09:46:19","modified_gmt":"2023-07-12T09:46:19","slug":"lori-greiner-haircut-hairline-and-hair-loss-rumor","status":"publish","type":"post","link":"https:\/\/blog.rehairsystem.com\/pt\/lori-greiner-corte-de-cabelo-rumor-de-cabelo-e-queda-de-cabelo\/","title":{"rendered":"Rumor de corte de cabelo de Lori Greiner, linha fina e queda de cabelo"},"content":{"rendered":"<p><span style=\"color: #000000;\">Lori Greiner, the famous inventor, and entrepreneur, is one of the most successful women in the business world. She is a familiar face to many people due to her appearance on the popular television show, Shark Tank. There have been rumors circulating about Lori&#8217;s hair, specifically her haircut, hairline, and hair loss. In this article, we&#8217;ll have a detail look.<\/span><\/p>\n<h2><span style=\"color: #000000;\">Os cortes de cabelo ic\u00f4nicos de Lori Greiner<\/span><\/h2>\n<p><span style=\"color: #000000;\"><img decoding=\"async\" src=\"https:\/\/docerp.s3.amazonaws.com\/erp\/cms\/f89a329c-ecc0-4dab-b231-be738db4c9ac.webp\" alt=\"peruca lori grener \" width=\"700\" \/><\/span><\/p>\n<p><span style=\"color: #000000;\">Lori Greiner mostly wears her hair in a medium-length bob with layers and waves. This style is effortless, elegant, and versatile, and it suits her facial features impeccably. Her hair color is a mixture of blonde and light brown hues, which blends well with her skin tone and eye color. Lori&#8217;s chic hairstyle has become a trademark of her brand and personal style, and many women admire her for it.<\/span><\/p>\n<h2><span style=\"color: #000000;\">What Does Lori Greiner&#8217;s Hairline Look Like?<\/span><\/h2>\n<p><span style=\"color: #000000;\"><img decoding=\"async\" src=\"https:\/\/docerp.s3.amazonaws.com\/erp\/cms\/ea542aaa-24e9-4295-8700-b1de9473c919.webp\" alt=\"peruca lori grener\" width=\"700\" \/><\/span><\/p>\n<p><span style=\"color: #000000;\">Lori Greiner&#8217;s hairline is mostly covered by her layers and waves, but when her hair is pulled back, her hairline appears to be normal. Some fans have speculated that Lori&#8217;s hairline might have receded or that she is experiencing hair thinning.<\/span><\/p>\n<h3><span style=\"color: #000000;\">Ela tem uma linha fina recuada?<\/span><\/h3>\n<p><span style=\"color: #000000;\">N\u00e3o h\u00e1 indica\u00e7\u00e3o clara de que Lori Greiner tenha uma calv\u00edcie. Seu cabelo parece ter a mesma espessura e densidade de sempre, e seu cabeleireiro n\u00e3o relatou nenhum problema que sugerisse o contr\u00e1rio.<\/span><\/p>\n<p><span style=\"color: #ff0000;\"><strong>Veja mais linhas de cabelo de celebridades<\/strong><\/span><span style=\"color: #000000;\">: <em><a href=\"https:\/\/blog.rehairsystem.com\/pt\/dennis-schroder-cabelo-recuperado-mas-palhacado\/\" target=\"_blank\" rel=\"noopener\"><span style=\"color: #333333;\"><strong>Linha fina de Dennis Schroder<\/strong><\/span><\/a><\/em><\/span><\/p>\n<h2><span style=\"color: #000000;\">Lori Greiner est\u00e1 perdendo cabelo?<\/span><\/h2>\n<p><span style=\"color: #000000;\">Embora tenha havido rumores sobre Lori Greiner ter queda de cabelo, n\u00e3o h\u00e1 evid\u00eancias para apoiar essas alega\u00e7\u00f5es. \u00c9 natural que as mulheres percam cabelo \u00e0 medida que envelhecem ou devido a certas condi\u00e7\u00f5es ou tratamentos m\u00e9dicos. No entanto, n\u00e3o h\u00e1 indica\u00e7\u00e3o de que Lori esteja passando por alguma dessas situa\u00e7\u00f5es.<\/span><\/p>\n<h2><span style=\"color: #000000;\">Quais s\u00e3o as raz\u00f5es para a perda de cabelo?<\/span><\/h2>\n<p><span style=\"color: #000000;\">Pode haver muitas raz\u00f5es para a perda de cabelo, incluindo:<\/span><\/p>\n<ul>\n<li><span style=\"color: #000000;\">Gen\u00e9tica \u2013 \u00c9 a causa mais comum de queda de cabelo e pode levar \u00e0 calv\u00edcie masculina ou feminina.<\/span><\/li>\n<li><span style=\"color: #000000;\">Altera\u00e7\u00f5es hormonais \u2013 Desequil\u00edbrios hormonais durante a gravidez, menopausa ou dist\u00farbios da tireoide podem contribuir para a queda de cabelo.<\/span><\/li>\n<li><span style=\"color: #000000;\">Medicamentos \u2013 Certos medicamentos, como quimioterapia, rem\u00e9dios para acne e antidepressivos, tamb\u00e9m podem causar queda de cabelo.<\/span><\/li>\n<li><span style=\"color: #000000;\">Defici\u00eancias nutricionais \u2013 Defici\u00eancias de ferro, zinco, biotina, vitamina D e outros nutrientes podem causar queda de cabelo.<\/span><\/li>\n<li><span style=\"color: #000000;\">Estresse \u2013 O estresse f\u00edsico ou emocional pode desencadear a queda de cabelo.<\/span><\/li>\n<li><span style=\"color: #000000;\">Condi\u00e7\u00f5es m\u00e9dicas \u2013 Infec\u00e7\u00f5es do couro cabeludo, doen\u00e7as autoimunes como alopecia areata e outras condi\u00e7\u00f5es m\u00e9dicas podem causar queda de cabelo.<\/span><\/li>\n<li><span style=\"color: #000000;\">Penteados e estilo \u2013 O uso excessivo de ferramentas de penteado, tratamentos qu\u00edmicos e penteados apertados, como tran\u00e7as e rabos de cavalo, podem levar \u00e0 queda de cabelo.<\/span><\/li>\n<li><span style=\"color: #000000;\">Envelhecimento \u2013 \u00c0 medida que envelhecemos, nossos fol\u00edculos pilosos encolhem, levando a queda de cabelo e eventual perda de cabelo.<\/span><\/li>\n<\/ul>\n<h2><span style=\"color: #000000;\">Lori Greiner usa perucas para cobrir a calv\u00edcie?<\/span><\/h2>\n<p><span style=\"color: #000000;\">Nos \u00faltimos anos, alguns telespectadores do popular programa de TV &quot;Shark Tank&quot; especularam se Greiner est\u00e1 realmente sofrendo de queda de cabelo. Alguns f\u00e3s de olhos de \u00e1guia notaram que seu cabelo n\u00e3o parece mais t\u00e3o grosso e brilhante quanto nas temporadas anteriores. Alguns chegaram a postar fotos comparativas nas redes sociais, apontando a aparente diferen\u00e7a de volume e textura.<\/span><\/p>\n<p><span style=\"color: #000000;\">Apesar dos rumores e especula\u00e7\u00f5es, n\u00e3o h\u00e1 evid\u00eancias concretas que sugiram que Lori Greiner esteja usando perucas para encobrir a calv\u00edcie ou queda de cabelo. \u00c9 perfeitamente poss\u00edvel que ela esteja simplesmente envelhecendo naturalmente, como qualquer outra pessoa, e seu cabelo esteja diminuindo gradualmente como resultado. Ela tamb\u00e9m pode estar usando t\u00e9cnicas de estilo para obter uma apar\u00eancia diferente ou criar a impress\u00e3o de cabelos mais grossos.<\/span><\/p>\n<p><span style=\"color: #000000;\"><span style=\"color: #ff0000;\"><strong>Para Saber a Verdade<\/strong><\/span>: <span style=\"color: #333333;\"><em><a style=\"color: #333333;\" href=\"https:\/\/blog.rehairsystem.com\/pt\/lori-greiner-usa-uma-peruca-e-e-verdade\/\" target=\"_blank\" rel=\"noopener\"><strong>Lori Greiner peruca<\/strong><\/a><\/em><\/span><\/span><\/p>\n<h2><span style=\"color: #000000;\">Onde comprar perucas Lori Greiner?<\/span><\/h2>\n<p><span style=\"color: #000000;\">If you are looking to buy wigs to emulate Lori Greiner&#8217;s hairstyle, you can check out <span style=\"color: #ff0000;\"><strong>Rehairsystem<\/strong><\/span> loja de perucas.<\/span><\/p>\n<p><span style=\"color: #000000;\">Oferecemos uma ampla gama de perucas e posti\u00e7os de alta qualidade que parecem naturais e elegantes. E nossa equipe oferece servi\u00e7os de personaliza\u00e7\u00e3o e consultoria para ajud\u00e1-lo a escolher a melhor peruca que se adapte \u00e0s suas caracter\u00edsticas e prefer\u00eancias.<\/span><\/p>\n<h2><span style=\"color: #000000;\">Conclus\u00e3o<\/span><\/h2>\n<p><span style=\"color: #000000;\">The rumors surrounding Lori Greiner&#8217;s haircut, hairline, and hair loss are unfounded. While it&#8217;s true that her hair does look slightly different in some photos, there is no evidence to suggest that she has experienced hair loss or had any type of hairline surgery. It&#8217;s important to remember that celebrities are often subject to intense scrutiny and rumors, and it&#8217;s crucial that we base our opinions on facts, not speculation. As for Lori, she continues to be a successful entrepreneur and a role model for women all around the world.<\/span><\/p>","protected":false},"excerpt":{"rendered":"<p>Lori Greiner, the famous inventor, and entrepreneur, is one of the most successful women in the business world. She is a familiar face to many &#8230; <a title=\"Rumor de corte de cabelo de Lori Greiner, linha fina e queda de cabelo\" class=\"read-more\" href=\"https:\/\/blog.rehairsystem.com\/pt\/lori-greiner-corte-de-cabelo-rumor-de-cabelo-e-queda-de-cabelo\/\" aria-label=\"Mais em Lori Greiner Haircut, Hairline and Hair Loss Rumor\">Ler mais<\/a><\/p>","protected":false},"author":2,"featured_media":5753,"comment_status":"closed","ping_status":"closed","sticky":false,"template":"","format":"standard","meta":[],"categories":[1],"tags":[140],"_links":{"self":[{"href":"https:\/\/blog.rehairsystem.com\/pt\/wp-json\/wp\/v2\/posts\/5747"}],"collection":[{"href":"https:\/\/blog.rehairsystem.com\/pt\/wp-json\/wp\/v2\/posts"}],"about":[{"href":"https:\/\/blog.rehairsystem.com\/pt\/wp-json\/wp\/v2\/types\/post"}],"author":[{"embeddable":true,"href":"https:\/\/blog.rehairsystem.com\/pt\/wp-json\/wp\/v2\/users\/2"}],"replies":[{"embeddable":true,"href":"https:\/\/blog.rehairsystem.com\/pt\/wp-json\/wp\/v2\/comments?post=5747"}],"version-history":[{"count":3,"href":"https:\/\/blog.rehairsystem.com\/pt\/wp-json\/wp\/v2\/posts\/5747\/revisions"}],"predecessor-version":[{"id":6655,"href":"https:\/\/blog.rehairsystem.com\/pt\/wp-json\/wp\/v2\/posts\/5747\/revisions\/6655"}],"wp:featuredmedia":[{"embeddable":true,"href":"https:\/\/blog.rehairsystem.com\/pt\/wp-json\/wp\/v2\/media\/5753"}],"wp:attachment":[{"href":"https:\/\/blog.rehairsystem.com\/pt\/wp-json\/wp\/v2\/media?parent=5747"}],"wp:term":[{"taxonomy":"category","embeddable":true,"href":"https:\/\/blog.rehairsystem.com\/pt\/wp-json\/wp\/v2\/categories?post=5747"},{"taxonomy":"post_tag","embeddable":true,"href":"https:\/\/blog.rehairsystem.com\/pt\/wp-json\/wp\/v2\/tags?post=5747"}],"curies":[{"name":"wp","href":"https:\/\/api.w.org\/{rel}","templated":true}]}}