{"id":6508,"date":"2023-07-12T03:47:25","date_gmt":"2023-07-12T03:47:25","guid":{"rendered":"https:\/\/blog.rehairsystem.com\/?p=6508"},"modified":"2023-08-26T01:43:34","modified_gmt":"2023-08-26T01:43:34","slug":"the-reason-behind-balding-mexican-and-how-to-treat","status":"publish","type":"post","link":"https:\/\/blog.rehairsystem.com\/pt\/the-reason-behind-balding-mexican-and-how-to-treat\/","title":{"rendered":"A raz\u00e3o por tr\u00e1s da calv\u00edcie mexicana e como tratar"},"content":{"rendered":"<p><span style=\"color: #000000;\">A calv\u00edcie \u00e9 um problema comum enfrentado por indiv\u00edduos em todo o mundo, e a popula\u00e7\u00e3o mexicana n\u00e3o \u00e9 exce\u00e7\u00e3o. Aqui, vamos revelar as raz\u00f5es por tr\u00e1s <span style=\"color: #ff0000;\"><a style=\"color: #ff0000;\" href=\"https:\/\/blog.rehairsystem.com\/pt\/the-reason-behind-balding-mexican-and-how-to-treat\/\" target=\"_blank\" rel=\"noopener\"><strong>calv\u00edcie em mexicanos<\/strong><\/a><\/span> e discutir estrat\u00e9gias para tratar a perda de cabelo de forma eficaz. Compreendendo as causas da calv\u00edcie e implementando tratamentos adequados, os indiv\u00edduos podem recuperar sua confian\u00e7a e manter um cabelo saud\u00e1vel.<\/span><\/p>\n<h2><span style=\"color: #000000;\">Compreendendo a calv\u00edcie em indiv\u00edduos mexicanos<\/span><\/h2>\n<h3><span style=\"color: #000000;\">Vis\u00e3o geral da calv\u00edcie<\/span><\/h3>\n<p><img decoding=\"async\" loading=\"lazy\" class=\"alignnone wp-image-6582 size-full\" src=\"https:\/\/blog.rehairsystem.com\/wp-content\/uploads\/2023\/07\/balding.png\" alt=\"balding\" width=\"585\" height=\"439\" srcset=\"https:\/\/blog.rehairsystem.com\/wp-content\/uploads\/2023\/07\/balding.png 585w, https:\/\/blog.rehairsystem.com\/wp-content\/uploads\/2023\/07\/balding-300x225.png 300w, https:\/\/blog.rehairsystem.com\/wp-content\/uploads\/2023\/07\/balding-16x12.png 16w\" sizes=\"(max-width: 585px) 100vw, 585px\" \/><\/p>\n<p><span style=\"color: #000000;\">A calv\u00edcie, tamb\u00e9m conhecida como queda de cabelo ou alopecia, \u00e9 uma condi\u00e7\u00e3o caracterizada por uma perda gradual ou repentina de cabelo do couro cabeludo ou de outras partes do corpo. \u00c9 um problema comum que afeta homens e mulheres, mas \u00e9 mais prevalente em homens.<\/span><\/p>\n<p><span style=\"color: #000000;\">Existem v\u00e1rios tipos de queda de cabelo, incluindo:<\/span><\/p>\n<ol>\n<li><span style=\"color: #000000;\"><em><span style=\"text-decoration: underline;\">alopecia androgen\u00e9tica<\/span><\/em>: este \u00e9 o tipo mais comum de calv\u00edcie e \u00e9 muitas vezes referido como calv\u00edcie de padr\u00e3o masculino ou calv\u00edcie de padr\u00e3o feminino. Acredita-se que seja causada por uma combina\u00e7\u00e3o de fatores gen\u00e9ticos e horm\u00f4nios, especificamente a di-hidrotestosterona (DHT), que faz com que os fol\u00edculos pilosos encolham e produzam cabelos mais finos e curtos.<\/span><\/li>\n<li><span style=\"color: #000000;\"><span style=\"text-decoration: underline;\"><em>efl\u00favio tel\u00f3geno<\/em><\/span>: esse tipo de queda de cabelo ocorre quando muitos fol\u00edculos pilosos entram na fase de repouso do ciclo de crescimento do cabelo simultaneamente, levando \u00e0 queda excessiva de cabelo. Pode ser desencadeada por v\u00e1rios fatores, como estresse f\u00edsico ou emocional, altera\u00e7\u00f5es hormonais, defici\u00eancias nutricionais, medicamentos, doen\u00e7as ou cirurgias.<\/span><\/li>\n<li><span style=\"color: #000000;\"><em><span style=\"text-decoration: underline;\">Alopecia areata<\/span><\/em>: esta \u00e9 uma condi\u00e7\u00e3o autoimune na qual o sistema imunol\u00f3gico ataca por engano os fol\u00edculos pilosos, resultando em perda de cabelo irregular no couro cabeludo ou em outras partes do corpo. Pode ocorrer em qualquer idade e pode ter fatores gen\u00e9ticos ou ambientais envolvidos.<\/span><\/li>\n<li><span style=\"color: #000000;\"><em><span style=\"text-decoration: underline;\">Alopecia por tra\u00e7\u00e3o<\/span><\/em>: esse tipo de queda de cabelo \u00e9 causado por tens\u00e3o excessiva ou arrancamento do cabelo, geralmente devido a penteados como tran\u00e7as, rabos de cavalo ou extens\u00f5es de cabelo. Com o tempo, pode levar a queda de cabelo ou manchas carecas, principalmente nas \u00e1reas onde o cabelo \u00e9 puxado com for\u00e7a.<\/span><\/li>\n<\/ol>\n<p><span style=\"color: #000000;\">Outras causas menos comuns de perda de cabelo incluem infec\u00e7\u00f5es f\u00fangicas, dist\u00farbios do couro cabeludo, certas condi\u00e7\u00f5es m\u00e9dicas, como dist\u00farbios da tireoide ou l\u00fapus, quimioterapia, radioterapia e certos medicamentos.<\/span><\/p>\n<h3><span style=\"color: #000000;\">Preval\u00eancia de calv\u00edcie na popula\u00e7\u00e3o mexicana<\/span><\/h3>\n<p><span style=\"color: #000000;\">A calv\u00edcie pode afetar pessoas de todas as etnias e \u00e9 influenciada por v\u00e1rios fatores, incluindo gen\u00e9tica, horm\u00f4nios e idade. De acordo com um estudo publicado no Journal of the European Academy of Dermatology and Venereology, e outro estudo publicado no International Journal of Trichology, a calv\u00edcie masculina \u00e9 relativamente comum em homens mexicanos.<\/span><\/p>\n<p><span style=\"color: #000000;\">In the Mexican population, the prevalence of male-pattern baldness increases with age. It is estimated that around 50% of Mexican men aged 40 and above experience some degree of hair loss. However, it&#8217;s important to note that these figures can vary based on different studies and methodologies used.<\/span><\/p>\n<p><span style=\"color: #000000;\">It&#8217;s worth mentioning that baldness can also impact women, although it is less common and often occurs due to different causes such as hormonal imbalances, medical conditions, or certain medications. The prevalence of female-pattern baldness in the Mexican population would likely have different statistics compared to male-pattern baldness.<\/span><\/p>\n<h2><span style=\"color: #000000;\">Fatores que contribuem para a calv\u00edcie em mexicanos<\/span><\/h2>\n<h3><span style=\"color: #000000;\">Predisposi\u00e7\u00e3o gen\u00e9tica<\/span><\/h3>\n<p><span style=\"color: #000000;\">A calv\u00edcie geralmente pode ser atribu\u00edda a fatores gen\u00e9ticos, e os mexicanos n\u00e3o s\u00e3o exce\u00e7\u00e3o. A pesquisa sugere que indiv\u00edduos com hist\u00f3rico familiar de perda de cabelo s\u00e3o mais propensos a experimentar a calv\u00edcie. A predisposi\u00e7\u00e3o gen\u00e9tica pode levar a desequil\u00edbrios hormonais, que por sua vez podem resultar em queda de cabelo.<\/span><\/p>\n<h3><span style=\"color: #000000;\">Desequil\u00edbrios hormonais<\/span><\/h3>\n<p><span style=\"color: #000000;\">Diidrotestosterona (DHT) \u00e9 um horm\u00f4nio que contribui para a queda de cabelo. Afeta os fol\u00edculos pilosos, fazendo-os encolher e, eventualmente, levando ao afinamento e \u00e0 calv\u00edcie.<\/span><\/p>\n<p><span style=\"color: #000000;\">Os mexicanos que sofrem de calv\u00edcie podem ter n\u00edveis mais altos de DHT devido a fatores gen\u00e9ticos ou outros desequil\u00edbrios hormonais. Tratar os desequil\u00edbrios hormonais e controlar os n\u00edveis de DHT pode ajudar a retardar ou at\u00e9 prevenir a perda de cabelo.<\/span><\/p>\n<h3><span style=\"color: #000000;\">Defici\u00eancias nutricionais<\/span><\/h3>\n<p><span style=\"color: #000000;\">A nutri\u00e7\u00e3o desempenha um papel vital na promo\u00e7\u00e3o da sa\u00fade do cabelo. Uma dieta balanceada que inclua nutrientes essenciais, como vitaminas (principalmente biotina e vitamina D), minerais (incluindo ferro e zinco) e prote\u00ednas \u00e9 crucial para manter o cabelo saud\u00e1vel.<\/span><\/p>\n<p><span style=\"color: #000000;\">Os mexicanos podem ser mais propensos a defici\u00eancias nutricionais devido a fatores culturais ou diet\u00e9ticos. Abordar essas defici\u00eancias por meio de mudan\u00e7as na dieta ou suplementos pode melhorar o crescimento do cabelo e contribuir para a sa\u00fade geral do cabelo.<\/span><\/p>\n<h3><span style=\"color: #000000;\">Fatores Ambientais<\/span><\/h3>\n<p><span style=\"color: #000000;\">Fatores ambientais, como polui\u00e7\u00e3o, exposi\u00e7\u00e3o ao sol e qualidade da \u00e1gua, tamb\u00e9m podem contribuir para a calv\u00edcie nos mexicanos.<\/span><\/p>\n<ul>\n<li><span style=\"color: #000000;\">O M\u00e9xico \u00e9 conhecido por seus altos n\u00edveis de polui\u00e7\u00e3o do ar, que podem ter efeitos prejudiciais na sa\u00fade do cabelo.<\/span><\/li>\n<li><span style=\"color: #000000;\">Al\u00e9m disso, a exposi\u00e7\u00e3o prolongada ao sol sem prote\u00e7\u00e3o adequada pode danificar o cabelo e levar \u00e0 queda de cabelo.<\/span><\/li>\n<li><span style=\"color: #000000;\">A m\u00e1 qualidade da \u00e1gua, incluindo a presen\u00e7a de metais pesados ou minerais, tamb\u00e9m pode afetar adversamente o cabelo e o couro cabeludo.<\/span><\/li>\n<\/ul>\n<p><span style=\"color: #000000;\">Tomar precau\u00e7\u00f5es como usar produtos protetores para o cabelo, usar chap\u00e9us e filtrar a \u00e1gua pode ajudar a mitigar o impacto desses fatores ambientais.<\/span><\/p>\n<p><span style=\"color: #ff0000;\"><strong>consulte Mais informa\u00e7\u00e3o<\/strong><\/span><span style=\"color: #000000;\">: <span style=\"color: #333333;\"><a style=\"color: #333333;\" href=\"https:\/\/blog.rehairsystem.com\/pt\/segredos-por-tras-da-linha-do-cabelo-vegeta\/\" target=\"_blank\" rel=\"noopener\"><em><strong>All about Vegeta\u2019s Hairline<\/strong><\/em><\/a><\/span><\/span><\/p>\n<h2><span style=\"color: #000000;\">Tratamento de calv\u00edcie em mexicanos<\/span><\/h2>\n<h3><span style=\"color: #000000;\">A. Tratamentos m\u00e9dicos para calv\u00edcie<\/span><\/h3>\n<p><span style=\"color: #000000;\"><strong>medicamentos prescritos<\/strong><\/span><\/p>\n<p><span style=\"color: #000000;\">Medicamentos prescritos mostraram resultados promissores no tratamento da calv\u00edcie para muitos indiv\u00edduos, incluindo mexicanos.<\/span><\/p>\n<p><span style=\"color: #000000;\">Minoxidil, um medicamento amplamente utilizado, \u00e9 aplicado topicamente e promove o crescimento do cabelo aumentando o fluxo sangu\u00edneo para os fol\u00edculos pilosos. A finasterida, por outro lado, \u00e9 um medicamento oral que ajuda a prevenir a convers\u00e3o da testosterona em dihidrotestosterona (DHT), um horm\u00f4nio associado \u00e0 queda de cabelo.<\/span><\/p>\n<p><span style=\"color: #000000;\"><strong>op\u00e7\u00f5es cir\u00fargicas<\/strong><\/span><\/p>\n<p><span style=\"color: #000000;\">Para indiv\u00edduos com calv\u00edcie severa, op\u00e7\u00f5es cir\u00fargicas, como transplantes de cabelo, podem fornecer resultados duradouros.<\/span><\/p>\n<p><span style=\"color: #000000;\">Os procedimentos de transplante capilar envolvem a remo\u00e7\u00e3o de fol\u00edculos pilosos de \u00e1reas com bom crescimento capilar e o transplante para \u00e1reas com queda de cabelo ou sem cabelo. Esta t\u00e9cnica tem sido utilizada com sucesso pelos mexicanos para restaurar a linha do cabelo e melhorar a autoconfian\u00e7a.<\/span><\/p>\n<h3><span style=\"color: #000000;\">B. Rem\u00e9dios naturais e mudan\u00e7as no estilo de vida<\/span><\/h3>\n<p><span style=\"color: #000000;\"><strong>Suplementos nutricionais para o crescimento do cabelo<\/strong><\/span><\/p>\n<ul>\n<li><span style=\"color: #000000;\">Garantir uma nutri\u00e7\u00e3o adequada \u00e9 essencial para manter o cabelo saud\u00e1vel.<\/span><\/li>\n<li><span style=\"color: #000000;\">Os mexicanos podem incorporar suplementos nutricionais que promovem o crescimento do cabelo em sua rotina di\u00e1ria.<\/span><\/li>\n<li><span style=\"color: #000000;\">Suplementos ricos em biotina, vitamina D, ferro e zinco, entre outros nutrientes, podem potencialmente estimular o crescimento do cabelo e reduzir a calv\u00edcie.<\/span><\/li>\n<\/ul>\n<p><span style=\"color: #000000;\">No entanto, \u00e9 aconselh\u00e1vel consultar um profissional de sa\u00fade antes de iniciar qualquer novo suplemento para garantir sua adequa\u00e7\u00e3o e dosagem adequada.<\/span><\/p>\n<p><span style=\"color: #000000;\"><strong>Adotando uma rotina saud\u00e1vel de cuidados com os cabelos<\/strong><\/span><\/p>\n<p><span style=\"color: #000000;\">Mudan\u00e7as simples nos h\u00e1bitos de cuidados com os cabelos podem contribuir para a preven\u00e7\u00e3o da calv\u00edcie nos mexicanos.<\/span><\/p>\n<ul>\n<li><span style=\"color: #000000;\">Evitar penteados com calor excessivo, produtos qu\u00edmicos agressivos e penteados apertados que puxam o cabelo podem reduzir significativamente a quebra e o afinamento do cabelo.<\/span><\/li>\n<li><span style=\"color: #000000;\">Usando shampoos e condicionadores suaves que promovem a sa\u00fade do cabelo.<\/span><\/li>\n<li><span style=\"color: #000000;\">Juntamente com a hidrata\u00e7\u00e3o regular e massagens no couro cabeludo, pode ajudar a manter um couro cabeludo saud\u00e1vel e apoiar o crescimento do cabelo.<\/span><\/li>\n<\/ul>\n<p><span style=\"color: #000000;\"><strong>T\u00e9cnicas de gerenciamento de estresse para reduzir a queda de cabelo<\/strong><\/span><\/p>\n<p><span style=\"color: #000000;\">O estresse \u00e9 um contribuinte conhecido para a queda de cabelo, portanto, gerenciar os n\u00edveis de estresse pode ser crucial para prevenir a calv\u00edcie.<\/span><\/p>\n<ul>\n<li><span style=\"color: #000000;\">Os mexicanos podem adotar t\u00e9cnicas de controle do estresse, como exerc\u00edcios regulares, medita\u00e7\u00e3o, exerc\u00edcios de respira\u00e7\u00e3o profunda e hobbies para reduzir o estresse e promover o bem-estar geral.<\/span><\/li>\n<li><span style=\"color: #000000;\">Al\u00e9m disso, buscar o apoio de amigos, familiares ou conselheiros profissionais pode ser ben\u00e9fico no gerenciamento eficaz do estresse.<\/span><\/li>\n<\/ul>\n<h3><span style=\"color: #000000;\">C. Sistema de cabelo personalizado para mexicanos carecas<\/span><\/h3>\n<p><span style=\"color: #000000;\"><img decoding=\"async\" src=\"https:\/\/docerp.s3.amazonaws.com\/erp\/cms\/43103c90-682d-4499-8ffd-b2cc038ea856.webp\" alt=\"Balding Mexican\" width=\"700\" \/><\/span><\/p>\n<p><span style=\"color: #000000;\">Uma maneira eficaz de tratar a calv\u00edcie em mexicanos \u00e9 usando um <span style=\"color: #ff0000;\"><a style=\"color: #ff0000;\" href=\"https:\/\/rehairsystem.com\/\" target=\"_blank\" rel=\"noopener\"><strong>sistema de cabelo personalizado<\/strong><\/a><\/span>. Um sistema capilar \u00e9 uma solu\u00e7\u00e3o n\u00e3o cir\u00fargica projetada para imitar a apar\u00eancia do cabelo natural.<\/span><\/p>\n<p><span style=\"color: #000000;\">Unlike traditional wigs, hair systems are uniquely crafted to fit the individual&#8217;s head shape, hair color, and texture, making them indistinguishable from real hair. This discreet and personalized solution has gained popularity among many Mexicans struggling with balding.<\/span><\/p>\n<p><span style=\"color: #000000;\">Um fornecedor confi\u00e1vel de sistemas de cabelo personalizados para mexicanos carecas \u00e9 o <strong>Rehairsystem<\/strong> loja de perucas. Esta loja \u00e9 especializada na cria\u00e7\u00e3o de sistemas capilares personalizados que atendem especificamente a pessoas que sofrem de queda de cabelo. Com uma equipe de t\u00e9cnicos de cabelo qualificados, Rehairsystem garante que cada sistema de cabelo seja elaborado com precis\u00e3o e aten\u00e7\u00e3o aos detalhes, resultando em uma linha de cabelo de apar\u00eancia natural e apar\u00eancia geral.<\/span><\/p>\n<p><span style=\"color: #000000;\"><em><span style=\"text-decoration: underline;\">Raz\u00f5es para escolher o fornecedor de sistemas capilares Rehairsystem.com:<\/span><\/em><\/span><\/p>\n<ul>\n<li><span style=\"color: #000000;\">Especializa\u00e7\u00e3o e experi\u00eancia: Nossos profissionais altamente qualificados possuem a experi\u00eancia e o conhecimento necess\u00e1rios para criar sistemas de cabelo personalizados que atendem perfeitamente \u00e0s necessidades e prefer\u00eancias dos mexicanos carecas.<\/span><\/li>\n<li><span style=\"color: #000000;\">Materiais de alta qualidade: isso garante que o produto final n\u00e3o apenas tenha uma \u00f3tima apar\u00eancia, mas tamb\u00e9m seja macio, suave e confort\u00e1vel de usar.<\/span><\/li>\n<li><span style=\"color: #000000;\">Personalized Service: We offer personalized consultations and take into account factors such as face shape, skin tone, and lifestyle to create a hair system that suits the individual&#8217;s specific needs.<\/span><\/li>\n<li><span style=\"color: #000000;\">Satisfa\u00e7\u00e3o do cliente: Vamos al\u00e9m para garantir que cada cliente esteja satisfeito com seu sistema de cabelo personalizado. Em caso de problemas ou preocupa\u00e7\u00f5es, eles fornecem excelente suporte e assist\u00eancia p\u00f3s-venda.<\/span><\/li>\n<\/ul>\n\n\n<h2 class=\"wp-block-heading has-contrast-color has-text-color\">perguntas frequentes<\/h2>\n\n\n<div id=\"rank-math-faq\" class=\"rank-math-block\">\n<div class=\"rank-math-list\">\n<div id=\"faq-question-1689065024426\" class=\"rank-math-list-item\">\n<h3 class=\"rank-math-question\">Quais ra\u00e7as s\u00e3o mais propensas \u00e0 calv\u00edcie?<\/h3>\n<div class=\"rank-math-answer\">\n\n<p>A calv\u00edcie, tamb\u00e9m conhecida como alopecia androgen\u00e9tica, pode ocorrer em pessoas de todas as ra\u00e7as, mas a preval\u00eancia e os padr\u00f5es podem variar. A ra\u00e7a mais comumente afetada s\u00e3o os caucasianos (pessoas de ascend\u00eancia europ\u00e9ia), particularmente os descendentes do norte da Europa.<\/p>\n\n<\/div>\n<\/div>\n<div id=\"faq-question-1689065035952\" class=\"rank-math-list-item\">\n<h3 class=\"rank-math-question\">Qual \u00e9 a taxa de calv\u00edcie no M\u00e9xico?<\/h3>\n<div class=\"rank-math-answer\">\n\n<p>De acordo com v\u00e1rios estudos, a preval\u00eancia da calv\u00edcie varia de acordo com o pa\u00eds e varia de cerca de 5% na China a 80% em certas popula\u00e7\u00f5es de ascend\u00eancia europeia.<\/p>\n\n<\/div>\n<\/div>\n<div id=\"faq-question-1689065047608\" class=\"rank-math-list-item\">\n<h3 class=\"rank-math-question\">Os mexicanos podem ter alopecia?<\/h3>\n<div class=\"rank-math-answer\">\n\n<p>Sim, pessoas de etnia mexicana podem sofrer de alopecia, assim como indiv\u00edduos de qualquer outra etnia.<\/p>\n\n<\/div>\n<\/div>\n<\/div>\n<\/div>\n\n\n<h2 class=\"wp-block-heading has-contrast-color has-text-color\">Conclus\u00e3o<\/h2>\n\n\n\n<p class=\"has-contrast-color has-text-color\">A calv\u00edcie \u00e9 uma preocupa\u00e7\u00e3o comum para muitos mexicanos, e entender as raz\u00f5es por tr\u00e1s disso \u00e9 crucial para encontrar op\u00e7\u00f5es de tratamento eficazes. Ao abordar a predisposi\u00e7\u00e3o gen\u00e9tica, desequil\u00edbrios hormonais, defici\u00eancias nutricionais e fatores ambientais, os indiv\u00edduos podem tomar medidas proativas para combater a queda de cabelo. Com a disponibilidade de tratamentos m\u00e9dicos, rem\u00e9dios naturais e sistemas capilares personalizados, as pessoas podem recuperar a confian\u00e7a e encontrar uma solu\u00e7\u00e3o adequada para seus problemas de queda de cabelo.<\/p>","protected":false},"excerpt":{"rendered":"<p>Balding is a common issue faced by individuals around the world, and the Mexican population is no exception. Here, we will reveal the reasons behind &#8230; <a title=\"A raz\u00e3o por tr\u00e1s da calv\u00edcie mexicana e como tratar\" class=\"read-more\" href=\"https:\/\/blog.rehairsystem.com\/pt\/the-reason-behind-balding-mexican-and-how-to-treat\/\" aria-label=\"Mais em The Reason Behind Balding Mexican and How to Treat\">Ler mais<\/a><\/p>","protected":false},"author":2,"featured_media":6576,"comment_status":"closed","ping_status":"closed","sticky":false,"template":"","format":"standard","meta":[],"categories":[107],"tags":[207],"_links":{"self":[{"href":"https:\/\/blog.rehairsystem.com\/pt\/wp-json\/wp\/v2\/posts\/6508"}],"collection":[{"href":"https:\/\/blog.rehairsystem.com\/pt\/wp-json\/wp\/v2\/posts"}],"about":[{"href":"https:\/\/blog.rehairsystem.com\/pt\/wp-json\/wp\/v2\/types\/post"}],"author":[{"embeddable":true,"href":"https:\/\/blog.rehairsystem.com\/pt\/wp-json\/wp\/v2\/users\/2"}],"replies":[{"embeddable":true,"href":"https:\/\/blog.rehairsystem.com\/pt\/wp-json\/wp\/v2\/comments?post=6508"}],"version-history":[{"count":7,"href":"https:\/\/blog.rehairsystem.com\/pt\/wp-json\/wp\/v2\/posts\/6508\/revisions"}],"predecessor-version":[{"id":8555,"href":"https:\/\/blog.rehairsystem.com\/pt\/wp-json\/wp\/v2\/posts\/6508\/revisions\/8555"}],"wp:featuredmedia":[{"embeddable":true,"href":"https:\/\/blog.rehairsystem.com\/pt\/wp-json\/wp\/v2\/media\/6576"}],"wp:attachment":[{"href":"https:\/\/blog.rehairsystem.com\/pt\/wp-json\/wp\/v2\/media?parent=6508"}],"wp:term":[{"taxonomy":"category","embeddable":true,"href":"https:\/\/blog.rehairsystem.com\/pt\/wp-json\/wp\/v2\/categories?post=6508"},{"taxonomy":"post_tag","embeddable":true,"href":"https:\/\/blog.rehairsystem.com\/pt\/wp-json\/wp\/v2\/tags?post=6508"}],"curies":[{"name":"wp","href":"https:\/\/api.w.org\/{rel}","templated":true}]}}