{"id":9987,"date":"2023-12-26T02:46:51","date_gmt":"2023-12-26T02:46:51","guid":{"rendered":"https:\/\/blog.rehairsystem.com\/?p=9987"},"modified":"2023-12-26T02:48:21","modified_gmt":"2023-12-26T02:48:21","slug":"is-enrique-iglesias-bald","status":"publish","type":"post","link":"https:\/\/blog.rehairsystem.com\/pt\/e-enrique-iglesias-careca\/","title":{"rendered":"Enrique Iglesias \u00e9 careca?"},"content":{"rendered":"<p><span style=\"color: #000000;\">Enrique Iglesias, the renowned Spanish singer, and heartthrob, has captivated audiences worldwide for decades with his mesmerizing voice and handsome looks. Many fans have been speculating about the singer&#8217;s hairline in recent years. Rumors and questions have been swirling around the internet, leading to the burning question: <a href=\"https:\/\/blog.rehairsystem.com\/pt\/e-enrique-iglesias-careca\/\"><span style=\"color: #ff0000;\"><strong>Enrique Iglesias \u00e9 careca?<\/strong><\/span><\/a><\/span><\/p>\n<h2><span style=\"color: #000000;\"><strong>Quem \u00e9 Enrique Iglesias?<\/strong><\/span><\/h2>\n<p><span style=\"color: #000000;\"><strong><img decoding=\"async\" src=\"https:\/\/docerp.s3.amazonaws.com\/erp\/cms\/d129cd18-99cd-4db3-869b-281a242aebff.webp\" alt=\"Quem \u00e9 Enrique Iglesias?\" width=\"700\" \/><\/strong><\/span><\/p>\n<p><span style=\"color: #000000;\">Enrique Iglesias is a Spanish singer, songwriter, and actor who has gained worldwide fame for his catchy pop and dance music. Born in Madrid, Spain, in 1975, Iglesias is the son of the famous Spanish singer Julio Iglesias. He began his music career in the mid-1990s and quickly rose to stardom with hit singles like &#8220;Bailamos&#8221; and &#8220;Hero.&#8221;<\/span><\/p>\n<p><span style=\"color: #000000;\">Iglesias j\u00e1 vendeu mais de 100 milh\u00f5es de discos em todo o mundo, o que o torna um dos artistas mais vendidos da m\u00fasica latina. Ele ganhou v\u00e1rios pr\u00eamios, incluindo Grammy Awards e Latin Grammy Awards, por suas contribui\u00e7\u00f5es \u00e0 ind\u00fastria musical. Al\u00e9m da carreira musical, Iglesias tamb\u00e9m se interessou pela atua\u00e7\u00e3o, aparecendo em filmes e programas de televis\u00e3o.<\/span><\/p>\n<p><span style=\"color: #000000;\">Quanto ao cabelo, Enrique Iglesias ficou conhecido por suas mechas grossas e escuras ao longo de sua carreira. No entanto, tem havido especula\u00e7\u00f5es nos \u00faltimos anos sobre o estado da linha do cabelo, levando a rumores sobre potencial calv\u00edcie. Em termos de patrim\u00f4nio l\u00edquido, Enrique Iglesias acumulou uma fortuna ao longo de sua carreira musical de sucesso, com um patrim\u00f4nio l\u00edquido estimado em mais de $100 milh\u00f5es. Sua riqueza vem n\u00e3o apenas das vendas de \u00e1lbuns e turn\u00eas, mas tamb\u00e9m de patroc\u00ednios e empreendimentos comerciais.<\/span><\/p>\n<h2><span style=\"color: #000000;\">The Transformation Of Enrique Iglesias&#8217;s Hair<\/span><\/h2>\n<p><span style=\"color: #000000;\"><img decoding=\"async\" src=\"https:\/\/docerp.s3.amazonaws.com\/erp\/cms\/fd0ce5a5-8dd4-4d2b-8ee0-3e49d777c788.webp\" alt=\"A transforma\u00e7\u00e3o do cabelo de Enrique Iglesias\" width=\"700\" \/><\/span><\/p>\n<p><span style=\"color: #000000;\">Enrique Iglesias, o famoso cantor espanhol, sofreu uma not\u00e1vel transforma\u00e7\u00e3o no seu cabelo ao longo dos anos. Nos primeiros est\u00e1gios de sua carreira, Iglesias era conhecido por seus cabelos grossos e escuros, muitas vezes estilizados de maneira cl\u00e1ssica e suave. No entanto, nos \u00faltimos anos, os f\u00e3s observaram uma mudan\u00e7a na linha do cabelo, levando a especula\u00e7\u00f5es sobre uma poss\u00edvel queda de cabelo ou calv\u00edcie. Esta transforma\u00e7\u00e3o despertou curiosidade e discuss\u00e3o entre os f\u00e3s e a m\u00eddia, mas Iglesias n\u00e3o abordou publicamente o assunto, deixando o mist\u00e9rio da evolu\u00e7\u00e3o de seu cabelo continuar.<\/span><\/p>\n<h2><span style=\"color: #000000;\">Por que Enrique Iglesias sempre usa bon\u00e9 ao se apresentar?<\/span><\/h2>\n<p><span style=\"color: #000000;\"><img decoding=\"async\" src=\"https:\/\/docerp.s3.amazonaws.com\/erp\/cms\/07ef8f8d-c2ca-4e6b-bb9b-4ddd018a46a2.webp\" alt=\"Por que Enrique Iglesias sempre usa bon\u00e9 ao se apresentar?\" width=\"700\" \/><\/span><\/p>\n<p><span style=\"color: #000000;\">Enrique Iglesias&#8217;s penchant for wearing a cap during his performances has sparked curiosity among fans, with some speculating that it may be to conceal hair loss. This theory is further supported by observations of his changing hairline over the years, with some instances of Iglesias wearing a wig in the past. Additionally, his shyness and desire for privacy, as well as the scrutiny of the media, may have contributed to his consistent choice of headwear. Despite the potential reasons behind his cap-wearing habit, it remains a distinctive part of his personal style and stage presence.<\/span><\/p>\n<h2><span style=\"color: #000000;\">Enrique Iglesias \u00e9 careca?<\/span><\/h2>\n<p><span style=\"color: #000000;\"><img decoding=\"async\" src=\"https:\/\/docerp.s3.amazonaws.com\/erp\/cms\/f19ee723-0195-4650-8457-4745e94ef149.webp\" alt=\"Enrique Iglesias \u00e9 careca?\" width=\"700\" \/><\/span><\/p>\n<p><span style=\"color: #000000;\">There has been ongoing speculation about whether Enrique Iglesias is bald, fueled by observations of his fluctuating hairline and his frequent donning of a cap. Reports indicate that Iglesias has been dealing with hair loss since his early 20s, reaching the Norwood 3-4 stage. Additionally, comparisons to his father, Julio Iglesias, who also displayed minimal temple points, have prompted speculation that Enrique&#8217;s hairline may be genetic which leads to a result of baldness.<\/span><\/p>\n<h2><span style=\"color: #000000;\">Como Enrique reverteu a queda de cabelo? Transplante de cabelo, peruca, grampo de cabelo ou algo mais?<\/span><\/h2>\n<p><span style=\"color: #000000;\"><img decoding=\"async\" src=\"https:\/\/docerp.s3.amazonaws.com\/erp\/cms\/0049d8e6-89e4-40f6-89af-72a2682cf769.webp\" alt=\"Como Enrique reverteu a queda de cabelo? Transplante de cabelo, peruca, grampo de cabelo ou algo mais?\" width=\"700\" \/><\/span><\/p>\n<p><span style=\"color: #000000;\">Enquanto alguns acreditam que Enrique Iglesias foi submetido a um procedimento de transplante capilar, outros est\u00e3o convencidos de que ele pode estar usando uma peruca ou peruca para esconder a retra\u00e7\u00e3o da linha do cabelo. Apesar de sua imagem p\u00fablica de gal\u00e3 com cabelos invej\u00e1veis, fotos anteriores de Iglesias mostram sinais de calv\u00edcie masculina, levantando d\u00favidas sobre a autenticidade de seu cabelo atual.<\/span><\/p>\n<p><span style=\"color: #000000;\">Additionally, hair specialists have weighed in on the matter, suggesting that Iglesias may be using a hairpiece to cover the front area of his head. The consistency of Iglesias&#8217;s hairstyle, with his hair always kept at a longer length, has also fueled speculation that he may be using a wig or toupee to maintain his signature look.<\/span><\/p>\n<h2><span style=\"color: #000000;\">Se voc\u00ea \u00e9 careca como Enrique Iglesias, o que deve fazer?<\/span><\/h2>\n<p><span style=\"color: #000000;\">Se voc\u00ea \u00e9 careca como Enrique Iglesias, abaixo est\u00e3o tr\u00eas m\u00e9todos que voc\u00ea pode considerar para lidar com a queda de cabelo:<\/span><\/p>\n<h3><span style=\"color: #000000;\">1. Abrace sua calv\u00edcie<\/span><\/h3>\n<p><span style=\"color: #000000;\">Uma op\u00e7\u00e3o \u00e9 abra\u00e7ar sua calv\u00edcie. Muitas pessoas acham os homens carecas atraentes e confiantes. Raspar a cabe\u00e7a pode proporcionar uma apar\u00eancia limpa e ousada que combina com o seu estilo. Este m\u00e9todo requer abra\u00e7ar sua apar\u00eancia natural e sentir-se confort\u00e1vel em sua pele.<\/span><\/p>\n<h3><span style=\"color: #000000;\">2. Transplante capilar<\/span><\/h3>\n<p><span style=\"color: #000000;\">A cirurgia de transplante capilar \u00e9 uma solu\u00e7\u00e3o permanente para combater a calv\u00edcie. Envolve retirar fol\u00edculos capilares de \u00e1reas do couro cabeludo onde o cabelo ainda est\u00e1 crescendo, geralmente na parte de tr\u00e1s ou nas laterais, e transplant\u00e1-los para as \u00e1reas calvas. Este m\u00e9todo fornece resultados de apar\u00eancia natural, mas pode ser caro e exigir v\u00e1rias sess\u00f5es.<\/span><\/p>\n<h3><span style=\"color: #000000;\">3. Wear a men&#8217;s hair system<\/span><\/h3>\n<p><span style=\"color: #000000;\"><img decoding=\"async\" src=\"https:\/\/docerp.s3.amazonaws.com\/erp\/cms\/0107098e-9b48-4210-8961-761d3185f4dc.webp\" alt=\"Compre sistema capilar masculino na Rehairsystem\" width=\"700\" \/><\/span><\/p>\n<p><span style=\"color: #000000;\">Another option is to wear a men&#8217;s hair system, commonly known as a wig or hairpiece. This method provides an instant solution to cover your baldness and allows you to experiment with different hairstyles. Modern hair systems offer a natural appearance and can be customized to match your hair color, texture, and style. Here recommend a high-quality store for you to buy suitable hair systems.<\/span><\/p>\n<p><span style=\"color: #000000;\">Whether you&#8217;re experiencing hair loss or simply seeking a new style, our store offers a wide range of hair systems to meet your unique needs and preferences. At <span style=\"color: #ff0000;\"><a style=\"color: #ff0000;\" href=\"https:\/\/rehairsystem.com\/\" target=\"_blank\" rel=\"noopener\"><strong>Rehairsystem<\/strong><\/a><\/span>, entendemos a import\u00e2ncia de ter a melhor apar\u00eancia e se sentir bem, principalmente no que diz respeito ao seu cabelo. Nossa miss\u00e3o \u00e9 fornecer produtos de primeira linha que capacitem os indiv\u00edduos a recuperar a confian\u00e7a e redefinir sua apar\u00eancia.<\/span><\/p>\n<p><span style=\"color: #000000;\">We offer a diverse selection of high-quality hair systems made from premium materials that closely mimic natural hair. From full cap systems to partial units, you&#8217;ll find a wide range of options to suit your specific requirements. Our hair systems are expertly crafted to blend seamlessly with your existing hair, ensuring a natural and undetectable appearance.<\/span><\/p>\n<p><span style=\"color: #000000;\">Our team of experts is dedicated to helping you find the perfect hair system that suits your style and preferences. We understand that choosing a hair system is a personal decision, and we&#8217;re here to guide you every step of the way. We believe in building long-term relationships with our customers, ensuring you receive ongoing support and assistance.<\/span><\/p>\n<p><span style=\"color: #000000;\">In addition to our wide range of hair systems, we also offer a variety of accessories and maintenance products to help you maintain and enhance your new look. Such as adhesive tapes and removers to styling products, we&#8217;ve got you covered. Our goal is to provide a one-stop shop for all your hair system needs, making it convenient and hassle-free for you to achieve your desired hairstyle.<\/span><\/p>\n\n\n<h2 class=\"wp-block-heading has-contrast-color has-text-color\">perguntas frequentes<\/h2>\n\n\n<div id=\"rank-math-faq\" class=\"rank-math-block\">\n<div class=\"rank-math-list\">\n<div id=\"faq-question-1703558639647\" class=\"rank-math-list-item\">\n<h3 class=\"rank-math-question\">Por que Enrique est\u00e1 sempre de chap\u00e9u?<\/h3>\n<div class=\"rank-math-answer\">\n\n<p>Enrique Iglesias \u00e9 frequentemente visto usando um chap\u00e9u para esconder a retra\u00e7\u00e3o da linha do cabelo.<\/p>\n\n<\/div>\n<\/div>\n<div id=\"faq-question-1703558656208\" class=\"rank-math-list-item\">\n<h3 class=\"rank-math-question\">Quando Enrique Iglesias saiu?<\/h3>\n<div class=\"rank-math-answer\">\n\n<p>Em 21 de novembro de 1995.<\/p>\n\n<\/div>\n<\/div>\n<div id=\"faq-question-1703558667057\" class=\"rank-math-list-item\">\n<h3 class=\"rank-math-question\">O que est\u00e1 acontecendo com Enrique Iglesias?<\/h3>\n<div class=\"rank-math-answer\">\n\n<p>Seu pr\u00f3ximo \u00e1lbum, Final (Vol 2), ser\u00e1 o \u00faltimo.<\/p>\n\n<\/div>\n<\/div>\n<div id=\"faq-question-1703558677082\" class=\"rank-math-list-item\">\n<h3 class=\"rank-math-question\">Quantos hits n\u00famero 1 Enrique Iglesias tem?<\/h3>\n<div class=\"rank-math-answer\">\n\n<p>Enrique Iglesias acumulou mais de 30 sucessos n\u00famero 1 ao longo de sua carreira musical.<\/p>\n\n<\/div>\n<\/div>\n<\/div>\n<\/div>\n\n\n<h2 class=\"wp-block-heading has-contrast-color has-text-color\">Conclus\u00e3o<\/h2>\n\n\n\n<p class=\"has-contrast-color has-text-color\">Through learning about this post, we know Enrique Iglesias is bald. But it is ultimately up to the singer himself to address these claims. Moreover, regardless of his hair&#8217;s state, one thing is undeniable: Enrique Iglesias&#8217; talent and charisma have undeniably made him a global sensation. Whether he adorns his head with a wig or takes a more minimalist approach, his music and performances will undoubtedly continue to mesmerize audiences for years to come.<\/p>","protected":false},"excerpt":{"rendered":"<p>Enrique Iglesias, the renowned Spanish singer, and heartthrob, has captivated audiences worldwide for decades with his mesmerizing voice and handsome looks. Many fans have been &#8230; <a title=\"Enrique Iglesias \u00e9 careca?\" class=\"read-more\" href=\"https:\/\/blog.rehairsystem.com\/pt\/e-enrique-iglesias-careca\/\" aria-label=\"Mais em Is Enrique Iglesias Bald?\">Ler mais<\/a><\/p>","protected":false},"author":2,"featured_media":9988,"comment_status":"closed","ping_status":"closed","sticky":false,"template":"","format":"standard","meta":[],"categories":[107],"tags":[577],"_links":{"self":[{"href":"https:\/\/blog.rehairsystem.com\/pt\/wp-json\/wp\/v2\/posts\/9987"}],"collection":[{"href":"https:\/\/blog.rehairsystem.com\/pt\/wp-json\/wp\/v2\/posts"}],"about":[{"href":"https:\/\/blog.rehairsystem.com\/pt\/wp-json\/wp\/v2\/types\/post"}],"author":[{"embeddable":true,"href":"https:\/\/blog.rehairsystem.com\/pt\/wp-json\/wp\/v2\/users\/2"}],"replies":[{"embeddable":true,"href":"https:\/\/blog.rehairsystem.com\/pt\/wp-json\/wp\/v2\/comments?post=9987"}],"version-history":[{"count":2,"href":"https:\/\/blog.rehairsystem.com\/pt\/wp-json\/wp\/v2\/posts\/9987\/revisions"}],"predecessor-version":[{"id":9990,"href":"https:\/\/blog.rehairsystem.com\/pt\/wp-json\/wp\/v2\/posts\/9987\/revisions\/9990"}],"wp:featuredmedia":[{"embeddable":true,"href":"https:\/\/blog.rehairsystem.com\/pt\/wp-json\/wp\/v2\/media\/9988"}],"wp:attachment":[{"href":"https:\/\/blog.rehairsystem.com\/pt\/wp-json\/wp\/v2\/media?parent=9987"}],"wp:term":[{"taxonomy":"category","embeddable":true,"href":"https:\/\/blog.rehairsystem.com\/pt\/wp-json\/wp\/v2\/categories?post=9987"},{"taxonomy":"post_tag","embeddable":true,"href":"https:\/\/blog.rehairsystem.com\/pt\/wp-json\/wp\/v2\/tags?post=9987"}],"curies":[{"name":"wp","href":"https:\/\/api.w.org\/{rel}","templated":true}]}}