{"id":5135,"date":"2023-06-07T10:49:09","date_gmt":"2023-06-07T10:49:09","guid":{"rendered":"https:\/\/blog.rehairsystem.com\/?p=5135"},"modified":"2023-07-13T10:47:40","modified_gmt":"2023-07-13T10:47:40","slug":"kevin-durant-haircut-solution-to-baldness","status":"publish","type":"post","link":"https:\/\/blog.rehairsystem.com\/sv\/kevin-durant-frisyr-losning-till-skallighet\/","title":{"rendered":"Kevin Durant H\u00e5rklippning: Den b\u00e4sta frisyren f\u00f6r m\u00e4ns skallighet"},"content":{"rendered":"<p><span style=\"color: #000000;\">Kevin Durant, en av de mest popul\u00e4ra basketspelarna i v\u00e4rlden, har nyligen \u00f6verraskat m\u00e5nga av sina fans med en ny och dj\u00e4rv frisyr. Superstar-atleten har valt en kortare frisyr, vilket har v\u00e4ckt mycket nyfikenhet och diskussion bland hans f\u00f6ljare, s\u00e4rskilt n\u00e4r det kommer till manlig skallighet.<\/span><\/p>\n<h2><span style=\"color: #000000;\">Kevin Durant och hans karri\u00e4r<\/span><\/h2>\n<p><span style=\"color: #000000;\">Kevin Durant is one of the most exciting and dynamic players in the NBA today. He&#8217;s best known for his scoring ability, incredible athleticism, and seemingly limitless range from behind the arc.<\/span><\/p>\n<p><span style=\"color: #000000;\">Durant&#8217;s net worth is estimated to be around $170 million, thanks to his lucrative NBA contracts, sponsorships, and investments. He&#8217;s also been known to make savvy business moves, such as investing in tech startups and launching his own content company, Thirty-Five Ventures.<\/span><\/p>\n<p><span style=\"color: #000000;\">Of course, Durant&#8217;s famous mane is also a topic of discussion among fans and commentators. He&#8217;s rocked a variety of styles over the years, from long braids to tight fades, and everything in between. His most recent look is a closely cropped buzz cut, which he debuted during his time away from the court.<\/span><\/p>\n<p><span style=\"color: #000000;\">In terms of his career, Durant has accomplished a lot in a relatively short amount of time. He&#8217;s a two-time NBA champion, a two-time Finals MVP, a 10-time All-Star, and a former league MVP. He&#8217;s also widely regarded as one of the best scorers in NBA history, with multiple scoring titles under his belt. All in all, there&#8217;s no doubt that Durant is one of the most exciting players in the game today, and fans are eager to see what he&#8217;ll do next.<\/span><\/p>\n<h2><span style=\"color: #000000;\">What Is Kevin Durant&#8217;s Latest Haircut?<\/span><\/h2>\n<p><span style=\"color: #000000;\"><img decoding=\"async\" src=\"https:\/\/docerp.s3.amazonaws.com\/erp\/cms\/87ee3279-deb0-4689-ba8d-5ba6eeb5f3a3.webp\" alt=\"Kevin Durants senaste frisyr\" width=\"700\" \/><\/span><\/p>\n<p><span style=\"color: #000000;\">Kevin Durant&#8217;s latest haircut features a short, faded haircut that is buzzed on the sides and has a longer top. The style is modern and sophisticated, giving him a mature and stylish appearance.<\/span><\/p>\n<p><span style=\"color: #ff0000;\"><strong>L\u00e4s ocks\u00e5<\/strong><\/span><span style=\"color: #000000;\">: <span style=\"color: #333333;\"><em><strong><a style=\"color: #333333;\" href=\"https:\/\/blog.rehairsystem.com\/sv\/whats-jude-bellingham-frisyr-och-hur-att-aterskapa\/\" target=\"_blank\" rel=\"noopener\">Hur man klipper Jude Bellingham<\/a>?<\/strong><\/em><\/span><\/span><\/p>\n<h2><span style=\"color: #000000;\">En titt p\u00e5 den h\u00e4r NBA-stj\u00e4rnans h\u00e5rklippningar genom \u00e5ren<\/span><\/h2>\n<p><span style=\"color: #000000;\"><img decoding=\"async\" src=\"https:\/\/docerp.s3.amazonaws.com\/erp\/cms\/938b129d-1424-4a34-abf9-1661a339a5a1.webp\" alt=\"Kevin Durant frisyr\" width=\"700\" \/><\/span><\/p>\n<p><span style=\"color: #000000;\">Hej, visste du att Kevin Durant har haft n\u00e5gra ganska vilda h\u00e5rklippningar under hela sin NBA-karri\u00e4r? <\/span><span style=\"color: #000000;\">The most iconic look had to be his \u201cSlim Reaper\u201d phase, where he had a high and mighty mohawk-style cut with shaved sides and back. And he wasn&#8217;t afraid to add some color to his &#8216;do, with bright red and blue hues.<\/span><\/p>\n<ol>\n<li><span style=\"color: #000000;\">Tidiga \u00e5r (2007-2009): Durant inledde sin karri\u00e4r med ett kort snitt.<\/span><\/li>\n<li><span style=\"color: #000000;\">Natural Afro (2010-2011): Under sin tid med Oklahoma City Thunder l\u00e4t Durant sitt h\u00e5r v\u00e4xa ut naturligt, med en lockig afro.<\/span><\/li>\n<li><span style=\"color: #000000;\">Snapped Back (2012-2013): Under sina f\u00f6rsta \u00e5r med Thunder kryddade Durant sin afro genom att kn\u00e4ppa tillbaka den till en h\u00e4stsvans.<\/span><\/li>\n<li><span style=\"color: #000000;\">The Buzz Cut Comeback (2014-2016): Som en \u00e5terg\u00e5ng till sin gamla frisyr gick Durant tillbaka till en kortare buzz cut.<\/span><\/li>\n<li><span style=\"color: #000000;\">The Signature Style (2016-present): Durant&#8217;s current iconic look is a shaved head on the sides with a short, curly top.<\/span><\/li>\n<\/ol>\n<p><span style=\"color: #000000;\">Honestly, we can&#8217;t wait to see what <span style=\"color: #ff0000;\"><a style=\"color: #ff0000;\" href=\"https:\/\/blog.rehairsystem.com\/sv\/kevin-durant-frisyr-losning-till-skallighet\/\" target=\"_blank\" rel=\"noopener\"><strong>Kevin Durant frisyr<\/strong><\/a><\/span> comes up with next. Maybe he&#8217;ll bring back the Slim Reaper or go for some funky braids? Only time will tell.<\/span><\/p>\n<h3><span style=\"color: #000000;\">Har Kevin Durant n\u00e5gonsin med fl\u00e4tor?<\/span><\/h3>\n<p><span style=\"color: #000000;\">Ja, Kevin Durant bar h\u00e5ret i fl\u00e4tor tidigare i sin karri\u00e4r, s\u00e4rskilt under sin tid med Oklahoma City Thunder. Han har dock sedan g\u00e5tt \u00f6ver till en kortare frisyr.<\/span><\/p>\n<h2><span style=\"color: #000000;\">Kevin Durant&#8217;s Hairline<\/span><\/h2>\n<p><span style=\"color: #000000;\"><img decoding=\"async\" src=\"https:\/\/docerp.s3.amazonaws.com\/erp\/cms\/e6315679-401e-4773-b6b7-3f013dac192c.webp\" alt=\"Kevin Durants h\u00e5r\" width=\"700\" \/><\/span><\/p>\n<p><span style=\"color: #000000;\">Kevin Durant&#8217;s hairline has been a topic of discussion among fans and media. In the past, he has been criticized for having a receding hairline, with some even making fun of his bald spot. However, in recent years, he has embraced his hairline and has been seen with different hairstyles, including a buzz cut and a more slicked-back style.<\/span><\/p>\n<h2><span style=\"color: #000000;\">Blir Kevin Durant skallig?<\/span><\/h2>\n<p><span style=\"color: #000000;\">Ja, precis som m\u00e5nga m\u00e4n har Kevin Durant upplevt manlig skallighet, vilket har orsakat en kal fl\u00e4ck p\u00e5 hans h\u00e5rbotten. Han har dock inte l\u00e5tit det p\u00e5verka hans sj\u00e4lvf\u00f6rtroende eller stil.<\/span><\/p>\n<h3><span style=\"color: #000000;\">Hur svarar Kevin Durant p\u00e5 sin kala fl\u00e4ck?<\/span><\/h3>\n<p><span style=\"color: #000000;\">According to various media reports, Kevin Durant&#8217;s bald spot has been a topic of discussion among fans and media commentators. Despite this, it seems that Durant has not publicly addressed the issue. It is possible that he is comfortable with his appearance and feels no need to address or acknowledge it, or he may be taking steps privately to address the issue. Ultimately, Durant&#8217;s response to his bald spot is likely something that only he knows and feels comfortable sharing.<\/span><\/p>\n<h2><span style=\"color: #000000;\">What&#8217;s The Best Solution For Men&#8217;s Balding?<\/span><\/h2>\n<p><span style=\"color: #000000;\">Kevin Durants kala fl\u00e4ck kan vara ett bekymmer f\u00f6r honom, men det finns flera tillg\u00e4ngliga l\u00f6sningar som han skulle kunna \u00f6verv\u00e4ga:<\/span><\/p>\n<h3><span style=\"color: #000000;\">B\u00e4r en basebollkeps\/m\u00f6ssa<\/span><\/h3>\n<p><span style=\"color: #000000;\">Genom att t\u00e4cka huvudet med en hatt eller m\u00f6ssa kan Kevin Durant enkelt d\u00f6lja sin kala fl\u00e4ck och omedelbart se snygg ut.<\/span><\/p>\n<h3><span style=\"color: #000000;\">H\u00e5rtransplantation<\/span><\/h3>\n<p><span style=\"color: #000000;\">Dessutom kunde Kevin Durant v\u00e4lja en h\u00e5rtransplantation. Denna procedur skulle inneb\u00e4ra att ta h\u00e5r fr\u00e5n en annan del av hans kropp och transplantera det till hans h\u00e5rbotten. Denna l\u00f6sning \u00e4r mer permanent, men ocks\u00e5 mer invasiv och kostsam.<\/span><\/p>\n<h3><span style=\"color: #000000;\">B\u00e4r en tup\u00e9<\/span><\/h3>\n<p><span style=\"color: #000000;\">Det sista alternativet f\u00f6r Kevin Durant \u00e4r att b\u00e4ra ett h\u00e5rstycke. Detta kommer att kr\u00e4va lite underh\u00e5ll, men kommer att ge en naturlig l\u00f6sning p\u00e5 hans skallighet.<\/span><\/p>\n<p><span style=\"color: #000000;\">Dessutom \u00e4r det f\u00f6r vanliga m\u00e4nniskor att v\u00e4lja en bra peruk ett direkt, effektivt och bekv\u00e4mt val n\u00e4r de \u00e4r kala. Om du \u00e4r skallig och letar efter en peruk kan du lika g\u00e4rna prova perukprodukterna i v\u00e5r tup\u00e9butik, <strong>Rehairsystem.com<\/strong>.<\/span><\/p>\n<p><span style=\"color: #000000;\">H\u00e4r \u00e4r n\u00e5gra b\u00e4sts\u00e4ljande h\u00e5rstycken fr\u00e5n v\u00e5r butik:<\/span><\/p>\n<h3><span style=\"color: #000000;\">1. <span style=\"color: #ff0000;\"><a style=\"color: #ff0000;\" href=\"https:\/\/rehairsystem.com\/collections\/mens-hairpieces\/products\/q6-style-french-lace-toupee-for-men\" target=\"_blank\" rel=\"noopener\">F<\/a><\/span><\/span><span style=\"color: #ff0000;\"><a style=\"color: #ff0000;\" href=\"https:\/\/rehairsystem.com\/collections\/mens-hairpieces\/products\/q6-style-french-lace-toupee-for-men\" target=\"_blank\" rel=\"noopener\">rench spets tup\u00e9er med skinn bak och sidor<\/a><\/span><\/h3>\n<p><span style=\"color: #000000;\"><img decoding=\"async\" src=\"https:\/\/docerp.s3.amazonaws.com\/erp\/cms\/208fde19-27c6-4d86-b056-8abcdede252c.webp\" alt=\"Franska spetstup\u00e9er med skinn p\u00e5 baksidan och sidorna\" width=\"700\" \/><\/span><\/p>\n<p><span style=\"color: #000000;\">Vi presenterar v\u00e5r French Lace Toupee \u2013 det perfekta alternativet f\u00f6r nyb\u00f6rjare som f\u00f6redrar ett h\u00e5rstycke med spetsbas. Denna tup\u00e9 har en h\u00e5rl\u00e4ngd p\u00e5 6 tum och en basstorlek p\u00e5 8 tum g\u00e5nger 10 tum, med en h\u00e5rdensitet p\u00e5 120% f\u00f6r ett naturligt, fylligt utseende. Fristilsh\u00e5ret kompletteras med en l\u00e4tt v\u00e5g, vilket ger textur och stil till din \u00f6vergripande look.<\/span><\/p>\n<p><span style=\"color: #000000;\">Designad med indiskt m\u00e4nniskoh\u00e5r, denna toup\u00e9 har en ers\u00e4ttningstid p\u00e5 4\u20136 m\u00e5nader, vilket s\u00e4kerst\u00e4ller l\u00e5ng livsl\u00e4ngd. Med sin h\u00e5llbara konstruktion och naturliga utseende \u00e4r French Lace Toupee den perfekta l\u00f6sningen f\u00f6r <\/span><br \/><span style=\"color: #000000;\">alla som s\u00f6ker naturligt utseende, fylligt h\u00e5r.<\/span><\/p>\n<ul>\n<li><span style=\"color: #000000;\">Hair Length: 6&#8221;<\/span><\/li>\n<li><span style=\"color: #000000;\">Base Size: 8&#8221;x10&#8221;<\/span><\/li>\n<li><span style=\"color: #000000;\">H\u00e5rdensitet: 120%<\/span><\/li>\n<li><span style=\"color: #000000;\">Frisyr: Free Style<\/span><\/li>\n<li><span style=\"color: #000000;\">H\u00e5rv\u00e5g: L\u00e4tt v\u00e5g<\/span><\/li>\n<li><span style=\"color: #000000;\">H\u00e5rtyp: Indiskt m\u00e4nniskoh\u00e5r<\/span><\/li>\n<li><span style=\"color: #000000;\">Ers\u00e4ttningstid: 4\u20136 m\u00e5nader<\/span><\/li>\n<li><span style=\"color: #000000;\">Blekta knutar: Ja f\u00f6r fr\u00e4mre h\u00e5rf\u00e4ste<\/span><\/li>\n<li><span style=\"color: #000000;\">Bastyp: Fransk spets med hud p\u00e5 ryggen 3 och sidorna 2<\/span><\/li>\n<li><span style=\"color: #000000;\">Pris: $289.00<\/span><\/li>\n<\/ul>\n<h3><span style=\"color: #000000;\">2.\u00a0<span style=\"color: #ff0000;\"><a style=\"color: #ff0000;\" href=\"https:\/\/rehairsystem.com\/collections\/mens-hairpieces\/products\/french-lace-skin-hairpieces\" target=\"_blank\" rel=\"noopener\">B<\/a><\/span><\/span><span style=\"color: #ff0000;\"><a style=\"color: #ff0000;\" href=\"https:\/\/rehairsystem.com\/collections\/mens-hairpieces\/products\/french-lace-skin-hairpieces\" target=\"_blank\" rel=\"noopener\">reathable Men&#8217;s Hairpieces With French Lace in Center<\/a><\/span><\/h3>\n<p><span style=\"color: #000000;\"><img decoding=\"async\" src=\"https:\/\/docerp.s3.amazonaws.com\/erp\/cms\/2c250496-d37b-47d8-890c-d2acd909e355.webp\" alt=\"Kevin Durants h\u00e5r\" width=\"700\" \/><\/span><\/p>\n<p><span style=\"color: #000000;\">Introducing our \u201cBreathable Men&#8217;s Hairpieces&#8221; &#8211; the perfect solution for a natural-looking head of hair. With a base size of 8&#8221;x10&#8221; and a hair length of 6&#8221;, this hairpiece is made with Indian human hair with a slight wave and density of 120%. The hairstyle is free and can be easily styled to your desired look.<\/span><\/p>\n<p><span style=\"color: #000000;\">Basen p\u00e5 h\u00e5rstycket \u00e4r gjord med fransk spets i mitten, vilket g\u00f6r det helt andningsbart. H\u00e5rstyckets omkrets \u00e4r f\u00f6rst\u00e4rkt med 0,08 mm tunn hud, vilket hj\u00e4lper till att beh\u00e5lla sin form och g\u00f6r det enkelt att applicera tejp eller lim. Omkretshuden har v-\u00f6gla h\u00e5r som skapar en \u00f6vernaturlig h\u00e5rf\u00e4ste.<\/span><\/p>\n<ul>\n<li><span style=\"color: #000000;\">Base Size: 8&#8221;x10&#8221;<\/span><\/li>\n<li><span style=\"color: #000000;\">Hair Length: 6&#8221;<\/span><\/li>\n<li><span style=\"color: #000000;\">H\u00e5rdensitet: 120%<\/span><\/li>\n<li><span style=\"color: #000000;\">H\u00e5rtyp: Indiskt m\u00e4nniskoh\u00e5r<\/span><\/li>\n<li><span style=\"color: #000000;\">Curl &amp; Wave: L\u00e4tt v\u00e5g<\/span><\/li>\n<li><span style=\"color: #000000;\">Frisyr: Gratis frisyr<\/span><\/li>\n<li><span style=\"color: #000000;\">Ers\u00e4ttningstid: 6\u20139 m\u00e5nader<\/span><\/li>\n<li><span style=\"color: #000000;\">Bastyp: Fransk spets i mitten med 0,08 mm PU runt<\/span><\/li>\n<li><span style=\"color: #000000;\">Pris: $279,00<\/span><\/li>\n<\/ul>\n\n\n<h2 class=\"wp-block-heading has-contrast-color has-text-color\">Vanliga fr\u00e5gor<\/h2>\n\n\n<div id=\"rank-math-faq\" class=\"rank-math-block\">\n<div class=\"rank-math-list\">\n<div id=\"faq-question-1686135135062\" class=\"rank-math-list-item\">\n<h3 class=\"rank-math-question\">\u00c4r Kevin Durant skallig?<\/h3>\n<div class=\"rank-math-answer\">\n\n<p>Baserat p\u00e5 tidigare bilder har Kevin Durant haft en m\u00e4ngd olika frisyrer genom \u00e5ren, allt fr\u00e5n en kort buzz cut till l\u00e4ngre dreadlocks och v\u00e4ndningar. N\u00e4r det g\u00e4ller sin h\u00e5rtyp har Durant varit k\u00e4nd f\u00f6r att ha tjockt, grovt, lockigt h\u00e5r.<\/p>\n\n<\/div>\n<\/div>\n<div id=\"faq-question-1686135142972\" class=\"rank-math-list-item\">\n<h3 class=\"rank-math-question\">Vilken typ av h\u00e5r har Kevin Durant?<\/h3>\n<div class=\"rank-math-answer\">\n\n<p>Om du vill skaffa en klassisk Kevin Durant-frisyr finns det olika alternativ beroende p\u00e5 vilken stil du f\u00f6redrar. Du kan till exempel v\u00e4lja en buzz cut med bleka sidor, en kort afro med ett rent h\u00e5rf\u00e4ste eller medell\u00e5nga v\u00e4ndningar med en sidodel.<\/p>\n\n<\/div>\n<\/div>\n<div id=\"faq-question-1686135152538\" class=\"rank-math-list-item\">\n<h3 class=\"rank-math-question\">How to get the classic Kevin Durant&#8217;s haircut?<\/h3>\n<div class=\"rank-math-answer\">\n\n<p>To achieve these styles, you can consult with a stylist or barber, who can help you choose the right cut and offer styling tips based on your hair type and preferences. It may also be helpful to bring in a photo of Durant&#8217;s hairstyle as a reference for your stylist or barber.<\/p>\n\n<\/div>\n<\/div>\n<div id=\"faq-question-1686624056870\" class=\"rank-math-list-item\">\n<h3 class=\"rank-math-question\">What is Kevin Durant&#8217;s hair texture?<\/h3>\n<div class=\"rank-math-answer\">\n\n<p>Kevin Durant&#8217;s hair texture is curly.<\/p>\n\n<\/div>\n<\/div>\n<div id=\"faq-question-1686624058037\" class=\"rank-math-list-item\">\n<h3 class=\"rank-math-question\">Who is Kevin Durant&#8217;s Barber?<\/h3>\n<div class=\"rank-math-answer\">\n\n<p>It is not publicly known or confirmed who Kevin Durant&#8217;s barber is.<\/p>\n\n<\/div>\n<\/div>\n<div id=\"faq-question-1686624065790\" class=\"rank-math-list-item\">\n<h3 class=\"rank-math-question\">Varf\u00f6r s\u00e4ger folk att Kevin Durant inte klipper sig?<\/h3>\n<div class=\"rank-math-answer\">\n\n<p>Some people might say Kevin Durant doesn&#8217;t get haircuts or his hair always looks unkempt because he prefers to keep his hair longer and more natural, which is a personal choice that doesn&#8217;t conform to traditional grooming standards.<\/p>\n\n<\/div>\n<\/div>\n<\/div>\n<\/div>\n\n\n<h2 class=\"wp-block-heading has-contrast-color has-text-color\">Slutsats<\/h2>\n\n\n\n<p class=\"has-contrast-color has-text-color\">Vilken l\u00f6sning Kevin Durant \u00e4n v\u00e4ljer f\u00f6r att ta itu med sin skallighet, en sak \u00e4r s\u00e4ker: hans stil och sj\u00e4lvf\u00f6rtroende kommer inte att p\u00e5verkas av det. Med sin dj\u00e4rva nya frisyr och m\u00e5nga \u00e5rs erfarenhet i rampljuset kommer han s\u00e4kerligen att f\u00f6rbli en stilikon i m\u00e5nga \u00e5r fram\u00f6ver.<\/p>","protected":false},"excerpt":{"rendered":"<p>Kevin Durant, one of the most popular basketball players in the world, has recently surprised many of his fans with a bold new haircut. The &#8230; <a title=\"Kevin Durant Haircut: The Best Hairstyle To Men&#8217;s Balding\" class=\"read-more\" href=\"https:\/\/blog.rehairsystem.com\/sv\/kevin-durant-frisyr-losning-till-skallighet\/\" aria-label=\"Mer p\u00e5 Kevin Durant Haircut: The Best Hairstyle To Men&#8217;s Balding\">L\u00e4s mer<\/a><\/p>","protected":false},"author":2,"featured_media":5143,"comment_status":"closed","ping_status":"closed","sticky":false,"template":"","format":"standard","meta":[],"categories":[1],"tags":[83],"_links":{"self":[{"href":"https:\/\/blog.rehairsystem.com\/sv\/wp-json\/wp\/v2\/posts\/5135"}],"collection":[{"href":"https:\/\/blog.rehairsystem.com\/sv\/wp-json\/wp\/v2\/posts"}],"about":[{"href":"https:\/\/blog.rehairsystem.com\/sv\/wp-json\/wp\/v2\/types\/post"}],"author":[{"embeddable":true,"href":"https:\/\/blog.rehairsystem.com\/sv\/wp-json\/wp\/v2\/users\/2"}],"replies":[{"embeddable":true,"href":"https:\/\/blog.rehairsystem.com\/sv\/wp-json\/wp\/v2\/comments?post=5135"}],"version-history":[{"count":12,"href":"https:\/\/blog.rehairsystem.com\/sv\/wp-json\/wp\/v2\/posts\/5135\/revisions"}],"predecessor-version":[{"id":6776,"href":"https:\/\/blog.rehairsystem.com\/sv\/wp-json\/wp\/v2\/posts\/5135\/revisions\/6776"}],"wp:featuredmedia":[{"embeddable":true,"href":"https:\/\/blog.rehairsystem.com\/sv\/wp-json\/wp\/v2\/media\/5143"}],"wp:attachment":[{"href":"https:\/\/blog.rehairsystem.com\/sv\/wp-json\/wp\/v2\/media?parent=5135"}],"wp:term":[{"taxonomy":"category","embeddable":true,"href":"https:\/\/blog.rehairsystem.com\/sv\/wp-json\/wp\/v2\/categories?post=5135"},{"taxonomy":"post_tag","embeddable":true,"href":"https:\/\/blog.rehairsystem.com\/sv\/wp-json\/wp\/v2\/tags?post=5135"}],"curies":[{"name":"wp","href":"https:\/\/api.w.org\/{rel}","templated":true}]}}