{"id":5548,"date":"2023-06-16T06:25:58","date_gmt":"2023-06-16T06:25:58","guid":{"rendered":"https:\/\/blog.rehairsystem.com\/?p=5548"},"modified":"2023-07-14T04:45:25","modified_gmt":"2023-07-14T04:45:25","slug":"steven-seagal-hair-does-he-wear-a-wig","status":"publish","type":"post","link":"https:\/\/blog.rehairsystem.com\/sv\/steven-seagal-har-bar-han-peruk\/","title":{"rendered":"Vad h\u00e4nder med Steven Seagals h\u00e5r: B\u00e4r han en peruk?"},"content":{"rendered":"<p><span style=\"color: #000000;\">Steven Seagal, known for his martial arts skills and action movies, has been a popular figure in the entertainment industry for several decades. But his hair has always been a topic of discussion amongst fans and critics alike. Over the years, people have speculated about the actor&#8217;s hair and whether he wears a hairpiece or gets a hair implant. Here, we dive into the mysteries surrounding <a href=\"https:\/\/blog.rehairsystem.com\/sv\/steven-seagal-har-bar-han-peruk\/\" target=\"_blank\" rel=\"noopener\"><span style=\"color: #ff0000;\"><strong>Steven Seagal&#8217;s hair<\/strong><\/span><\/a> och f\u00f6rs\u00f6ka avsl\u00f6ja sanningen.<\/span><\/p>\n<h2><span style=\"color: #000000;\">Vem \u00e4r Steven Seagal?<\/span><\/h2>\n<p><span style=\"color: #000000;\"><img decoding=\"async\" src=\"https:\/\/docerp.s3.amazonaws.com\/erp\/cms\/3375eef7-4a1a-46d7-80b3-c3065658c204.webp\" alt=\"Steven Seagals h\u00e5r\" width=\"700\" \/><\/span><\/p>\n<p><span style=\"color: #000000;\">Steven Seagal \u00e4r en amerikansk sk\u00e5despelare, producent och kampsportare. Han \u00e4r mest k\u00e4nd f\u00f6r sina roller i actionfilmer som &quot;Under Siege&quot;, &quot;Hard to Kill&quot; och &quot;Above the Law&quot;. Seagal har \u00e4ven arbetat som musiker och har sl\u00e4ppt tv\u00e5 album. Han har varit aktiv i underh\u00e5llningsbranschen sedan 1980-talet och har ett stort fanskare.<\/span><\/p>\n<p><span style=\"color: #000000;\">As of 2021, Steven Seagal&#8217;s net worth is estimated to be around $16 million. Some of his major achievements include being awarded a black belt in Aikido by Japanese master Morihei Ueshiba and being inducted into the Black Belt Hall of Fame.<\/span><\/p>\n<h2><span style=\"color: #000000;\">What Happens to Steven Seagal&#8217;s Hair?<\/span><\/h2>\n<p><span style=\"color: #000000;\">While nearing 70 years old, the actor still looks quite impressive. However, his loyal fans are aware that Steven Seagal&#8217;s hair has not always been so impeccably styled and groomed \u2013 it used to show signs of thinning, which was natural for a man his age back then. Nevertheless, Hollywood doesn&#8217;t always tolerate aging well, as evidenced by a throwback picture of Steven with a more natural, less refined appearance.<\/span><\/p>\n<p><span style=\"color: #000000;\">Fast-forward to the present-day, and something seems to have changed significantly \u2013 Steven&#8217;s once-thin hair is now fuller and darker than ever before. Although not confirmed, various rumors online suggest that he may have undergone a hair transplant procedure. Furthermore, he has also been regularly using hair dye and putting an emphasis on bulking up his physique.<\/span><\/p>\n<p><span style=\"color: #ff0000;\"><strong>L\u00e4s ocks\u00e5<\/strong><\/span><span style=\"color: #000000;\">: <a href=\"https:\/\/blog.rehairsystem.com\/sv\/steven-seagal-hastsvans-myten-och-evolutionen\/\" target=\"_blank\" rel=\"noopener\"><em><strong>Steven Seagal h\u00e4stsvansfrisyr<\/strong><\/em><\/a><\/span><\/p>\n<h3><span style=\"color: #000000;\">Steven Seagal&#8217;s Hair Loss and Receding Hairline<\/span><\/h3>\n<p><span style=\"color: #000000;\">Det \u00e4r s\u00e4kert att Steven Seagal under 1980-talet led av sv\u00e5rt h\u00e5ravfall. Han b\u00f6rjade sin filmkarri\u00e4r med stunts och fick s\u00e5 sm\u00e5ningom sin f\u00f6rsta sk\u00e5despelarroll i Above the Law, som sl\u00e4pptes 1988. Trots att han var stylad med Hollywood-h\u00e5r och smink var det uppenbart att han upplevde en betydande h\u00e5rf\u00e4stes recession. Bilder fr\u00e5n denna period avsl\u00f6jade att Steven Seagal hade blivit n\u00e4stan helt skallig.<\/span><\/p>\n<p><span style=\"color: #000000;\">Men n\u00e4r hans n\u00e4sta film sl\u00e4pptes, Hard to Kill 1991, hade hans h\u00e5r mirakul\u00f6st blivit tjockare. Det finns spekulationer om att Steven Seagal hade en h\u00e5rtransplantation f\u00f6r att f\u00f6rklara f\u00f6rvandlingen.<\/span><\/p>\n<h3><span style=\"color: #000000;\">\u00c4r <\/span><span style=\"color: #000000;\">Steven Seagal <\/span><span style=\"color: #000000;\">Skallig nu?<\/span><\/h3>\n<p><span style=\"color: #000000;\">Nej, Steven Seagal har inget flintskalligt. Men han upplevde m\u00e4rkbart h\u00e5ravfall fr\u00e5n b\u00f6rjan av sitt sk\u00e5despelaryrke. Detta h\u00e5ravfall berodde p\u00e5 skallighet hos m\u00e4n, vilket \u00e4r vanligt bland m\u00e4n i mitten av trettiotalet. \u00c4ven om hormonella f\u00f6r\u00e4ndringar och \u00e5ldrande kan bidra till detta problem, orsakas det fr\u00e4mst av genetik.<\/span><\/p>\n<p><span style=\"color: #000000;\">Although it is uncertain whether Seagal&#8217;s baldness was due to male pattern baldness, it is clear that the acclaimed actor had severe hair thinning at the onset of his acting career. Despite an actor&#8217;s makeup and lighting, there are photographs of his early years showing balding in the 1980s. Whether Seagal wore a hairpiece or had hair transplant surgery that made his head look mostly full of dark hair remains unclear, and only the actor can confirm this.<\/span><\/p>\n<h2><span style=\"color: #000000;\">Anv\u00e4nder Steven Segal en h\u00e5rconcealer?<\/span><\/h2>\n<p><span style=\"color: #000000;\">Efter mycket forskning uppt\u00e4cktes det att Steven Segal verkligen anv\u00e4nder en h\u00e5rconcealer. Denna h\u00e5ravfallsconcealer \u00e4r en m\u00f6rk fiber som du enkelt kan skaka p\u00e5 ditt h\u00e5r f\u00f6r att ge det en illusion av tjocklek. Det \u00e4r en snabb, enkel och effektiv l\u00f6sning f\u00f6r att d\u00f6lja eventuella tecken p\u00e5 tunt h\u00e5r. Detta \u00e4r ett vanligt problem bland de flesta m\u00e4n, s\u00e4rskilt n\u00e4r de \u00e5ldras. Att anv\u00e4nda h\u00e5rkoncealers ger dock en tillf\u00e4llig men perfekt l\u00f6sning som g\u00f6r att m\u00e4n kan f\u00e5 fylligare, tjockare h\u00e5r utan att beh\u00f6va invasiva kirurgiska ingrepp.<\/span><\/p>\n<h2><span style=\"color: #000000;\">Har Steven Seagal p\u00e5 sig ett h\u00e5rstycke?<\/span><\/h2>\n<p><span style=\"color: #000000;\"><img decoding=\"async\" src=\"https:\/\/docerp.s3.amazonaws.com\/erp\/cms\/93b839a4-2ae8-4533-810a-26d741397e4a.webp\" alt=\"Steven Seagals h\u00e5r\" width=\"700\" \/><\/span><\/p>\n<p><span style=\"color: #000000;\">Fans har l\u00e4nge spekulerat i att kampsportsexperten kan ha en peruk p\u00e5 grund av sitt fulla huvud av svart h\u00e5r i sjuttio\u00e5rs\u00e5ldern. \u00c4ldre intervjuer avsl\u00f6jar dock att Steven Seagal upplevde problem med h\u00e5ravfall under sl\u00e4ppet av sin debutfilm. Efter succ\u00e9n med Under Siege verkade hans h\u00e5rf\u00e4ste fylligare och m\u00f6rkare inom fyra \u00e5r, vilket fick m\u00e5nga att tro att han kan ha genomg\u00e5tt en h\u00e5rtransplantation. Vissa h\u00e4vdar att hans h\u00e5rstycke \u00e4r s\u00e5 v\u00e4lblandat och naturligt att det inte kan vara en peruk.<\/span><\/p>\n<p><span style=\"color: #000000;\">Det finns dock vissa indikationer p\u00e5 att han kan ha peruk p\u00e5 sig, till exempel hans konservativa frisyr och ovanligt t\u00e4ta h\u00e5rf\u00e4ste f\u00f6r sin \u00e5lder. Dessutom har hans h\u00e5r liknats vid en &quot;t\u00e5lig matta&quot; och hans vikande h\u00e5rf\u00e4ste tyder p\u00e5 betydande uttunning i frontalregionen.<\/span><\/p>\n<h2><span style=\"color: #000000;\">Gjorde Steven Seagal en h\u00e5rtransplantation?<\/span><\/h2>\n<p><span style=\"color: #000000;\">Det verkar s\u00e5, eftersom hans h\u00e5r verkar tjockare och mindre naturligt \u00e4n tidigare. 90-talets h\u00e5rtransplantationskirurgi var inte avancerad, d\u00e4rf\u00f6r kallades de f\u00f6r &quot;h\u00e5rpluggar&quot;. Hans h\u00e5r \u00e4r m\u00f6rkt och ser n\u00e4stan ut som om det m\u00e5lats p\u00e5. S\u00e5 ja, det \u00e4r n\u00e5got p\u00e5 g\u00e5ng med hans h\u00e5r som tyder p\u00e5 att han kan ha genomg\u00e5tt en h\u00e5rtransplantation.<\/span><\/p>\n<h2><span style=\"color: #000000;\">Hur f\u00e5r man en liknande men naturlig Steven Seagal-frisyr?<\/span><\/h2>\n<p><span style=\"color: #000000;\">It is widely believed that Steven Seagal underwent a hair transplant to address his thinning hair, a time in which wigs and hairpieces were not as common. Nowadays, those seeking to emulate Seagal&#8217;s hair have an easy and painless option in hair replacement systems that not only hide hair loss, but also boost confidence and appearance.<\/span><\/p>\n<p><span style=\"color: #000000;\">Human hair wigs are particularly trendy as they instantly elevate one&#8217;s personality and grant a youthful look. With various colors, sizes, and types available, hair systems can match one&#8217;s natural hair for a seamless look.<\/span><\/p>\n<p><span style=\"color: #000000;\">If you&#8217;re interested in reliable hair replacement manufacturers, check out Rehairsystem.com website. As one of the best hair system providers, <em><strong><span style=\"background-color: #ffff00; color: #000000;\">Rehairsystem<\/span><\/strong><\/em> offers synthetic and human hair toupees made with advanced techniques to meet clients&#8217; specific needs and preferences. Here is one top-selling model that can create Steven Seagal&#8217;s iconic hairstyle and turn heads.<\/span><\/p>\n<h3><span style=\"color: #000000;\"><a style=\"color: #000000;\" href=\"https:\/\/rehairsystem.com\/collections\/stock-hair-systems\/products\/durable-hair-system\" target=\"_blank\" rel=\"noopener\"><span style=\"color: #ff0000;\">Men&#8217;s Durable Hair System In Steven Seagal&#8217;s Style<\/span><\/a><span style=\"color: #ff0000;\">\u00a0<\/span><\/span><\/h3>\n<p><span style=\"color: #000000;\"><img decoding=\"async\" src=\"https:\/\/docerp.s3.amazonaws.com\/erp\/cms\/9e155ba7-f0ef-41eb-b6f2-3f2236d85a51.webp\" alt=\"Steven Seagal frisyr\" width=\"700\" \/><\/span><\/p>\n<p><span style=\"color: #000000;\">Detta h\u00e5rsystem har en mycket naturlig och osynlig effekt l\u00e4ngs h\u00e5rf\u00e4stet tack vare den franska spetsfronten med blekta knutar. Systemets baksida \u00e4r gjord med tunn hud f\u00f6r h\u00e5llbarhet och enkel applicering och borttagning. S\u00e4g adj\u00f6 till frustrationen av att dra h\u00e5r genom basen n\u00e4r du tar bort tejp eller limrester.<\/span><\/p>\n<p><span style=\"color: #000000;\">V\u00e5rt h\u00e5rsystem har enkla delade knutar p\u00e5 den tunna huden, vilket s\u00e4kerst\u00e4ller en diskret och ouppt\u00e4ckbar frontlook samtidigt som h\u00e5llbarheten bibeh\u00e5lls. Och med v\u00e5rt anpassade h\u00e5rsystem kan du skapa ett h\u00e5rstycke som perfekt matchar din \u00f6nskade look och livsstil.<\/span><\/p>\n<p><span style=\"color: #000000;\">Every custom system is made by hand from the finest materials, including lace, skin, and monofilament bases, and our hair consultants are here to assist you every step of the way. Get ready to rock Steven Seagal&#8217;s signature style with confidence and ease. Try the Men&#8217;s Durable Hair System today!<\/span><\/p>\n<ul>\n<li><span style=\"color: #000000;\">Hair Length: 6&#8221;<\/span><\/li>\n<li><span style=\"color: #000000;\">H\u00e5rdensitet: 110%-130%<\/span><\/li>\n<li><span style=\"color: #000000;\">H\u00e5rstil: Fri stil<\/span><\/li>\n<li><span style=\"color: #000000;\">H\u00e5rv\u00e5g: L\u00e4tt v\u00e5g<\/span><\/li>\n<li><span style=\"color: #000000;\">Bastjocklek: 0,06-0,08mm<\/span><\/li>\n<li><span style=\"color: #000000;\">Base Size: 8&#8221;x10&#8221;, can be cut<\/span><\/li>\n<li><span style=\"color: #000000;\">F\u00e4rg: De flesta f\u00e4rger finns tillg\u00e4ngliga<\/span><\/li>\n<li><span style=\"color: #000000;\">Ers\u00e4ttningstid: 2-3 m\u00e5nader<\/span><\/li>\n<li><span style=\"color: #000000;\">H\u00e5rtyp: Indiskt m\u00e4nniskoh\u00e5r<\/span><\/li>\n<li><span style=\"color: #000000;\">Knutar: Inga knutar \u00f6ver hela basen<\/span><\/li>\n<li><span style=\"color: #000000;\">Bastyp: Full supertunn hud, V-\u00f6gla genomg\u00e5ende<\/span><\/li>\n<\/ul>\n\n\n<h2 class=\"wp-block-heading has-contrast-color has-text-color\">Vanliga fr\u00e5gor<\/h2>\n\n\n<div id=\"rank-math-faq\" class=\"rank-math-block\">\n<div class=\"rank-math-list\">\n<div id=\"faq-question-1686896678915\" class=\"rank-math-list-item\">\n<h3 class=\"rank-math-question\">Is Steven Seagal&#8217;s &#8220;hair&#8221; a wig or what?<\/h3>\n<div class=\"rank-math-answer\">\n\n<p>It is not confirmed whether Steven Seagal&#8217;s current hair is a wig or not. There are speculations and rumors that it is a wig or hairpiece, but he himself has not confirmed or denied this.<\/p>\n\n<\/div>\n<\/div>\n<div id=\"faq-question-1686896685193\" class=\"rank-math-list-item\">\n<h3 class=\"rank-math-question\">What&#8217;s Steven Seagal&#8217;s iconic haircut?<\/h3>\n<div class=\"rank-math-answer\">\n\n<p>Steven Seagal&#8217;s iconic haircut is long, straight, and slicked-back hair with his signature ponytail. He has been seen sporting this hairstyle in most of his movies and public appearances.<\/p>\n\n<\/div>\n<\/div>\n<div id=\"faq-question-1686896693921\" class=\"rank-math-list-item\">\n<h3 class=\"rank-math-question\">N\u00e4r tappade Steven Seagal h\u00e5r?<\/h3>\n<div class=\"rank-math-answer\">\n\n<p>We know for certain that Steven Seagal experienced significant hair loss during the 1980s. Originally working as a stuntman, he made his first on-screen appearance in 1988&#8217;s Above the Law. Despite Hollywood styling, it was evident that his hairline was receding, as seen in pictures from that era. By the late 80s, Seagal was essentially bald.<\/p>\n\n<\/div>\n<\/div>\n<div id=\"faq-question-1686896703201\" class=\"rank-math-list-item\">\n<h3 class=\"rank-math-question\">Vad \u00e4r en h\u00e5rtransplantation?<\/h3>\n<div class=\"rank-math-answer\">\n\n<p>En h\u00e5rtransplantation \u00e4r ett kirurgiskt ingrepp som inneb\u00e4r att h\u00e5rs\u00e4ckarna flyttas fr\u00e5n en del av kroppen till de skalliga eller tunnare omr\u00e5dena i h\u00e5rbotten. Denna procedur g\u00f6rs f\u00f6r att \u00e5terst\u00e4lla h\u00e5rv\u00e4xten och f\u00f6rb\u00e4ttra utseendet.<\/p>\n\n<\/div>\n<\/div>\n<div id=\"faq-question-1686896716218\" class=\"rank-math-list-item\">\n<h3 class=\"rank-math-question\">Vad \u00e4r h\u00e5rconcealer?<\/h3>\n<div class=\"rank-math-answer\">\n\n<p>H\u00e5rconcealer \u00e4r en typ av kosmetisk produkt som hj\u00e4lper till att d\u00f6lja skalliga eller tunnare omr\u00e5den i h\u00e5rbotten. Det finns vanligtvis i sprayform och appliceras p\u00e5 h\u00e5rbotten f\u00f6r att skapa en illusion av tjockare h\u00e5r. H\u00e5rconcealer \u00e4r en tillf\u00e4llig l\u00f6sning och kan l\u00e4tt tv\u00e4ttas bort med schampo.<\/p>\n\n<\/div>\n<\/div>\n<\/div>\n<\/div>\n\n\n<h2 class=\"wp-block-heading has-contrast-color has-text-color\">Slutsats<\/h2>\n\n\n\n<p class=\"has-contrast-color has-text-color\">While Steven Seagal&#8217;s hair may not be the most important thing about him, it&#8217;s a topic that has always been of interest to his fans. Whether he has undergone hair transplant surgery or uses hair concealers, it&#8217;s clear that his hair has undergone quite a transformation over the years. Regardless of the changes, Steven Seagal continues to be a beloved action movie star and martial artist.<\/p>","protected":false},"excerpt":{"rendered":"<p>Steven Seagal, known for his martial arts skills and action movies, has been a popular figure in the entertainment industry for several decades. But his &#8230; <a title=\"What Happens to Steven Seagal&#8217;s Hair: Does He Wear A Wig?\" class=\"read-more\" href=\"https:\/\/blog.rehairsystem.com\/sv\/steven-seagal-har-bar-han-peruk\/\" aria-label=\"Mer p\u00e5 What Happens to Steven Seagal&#8217;s Hair: Does He Wear A Wig?\">L\u00e4s mer<\/a><\/p>","protected":false},"author":2,"featured_media":5552,"comment_status":"closed","ping_status":"closed","sticky":false,"template":"","format":"standard","meta":[],"categories":[1],"tags":[115],"_links":{"self":[{"href":"https:\/\/blog.rehairsystem.com\/sv\/wp-json\/wp\/v2\/posts\/5548"}],"collection":[{"href":"https:\/\/blog.rehairsystem.com\/sv\/wp-json\/wp\/v2\/posts"}],"about":[{"href":"https:\/\/blog.rehairsystem.com\/sv\/wp-json\/wp\/v2\/types\/post"}],"author":[{"embeddable":true,"href":"https:\/\/blog.rehairsystem.com\/sv\/wp-json\/wp\/v2\/users\/2"}],"replies":[{"embeddable":true,"href":"https:\/\/blog.rehairsystem.com\/sv\/wp-json\/wp\/v2\/comments?post=5548"}],"version-history":[{"count":10,"href":"https:\/\/blog.rehairsystem.com\/sv\/wp-json\/wp\/v2\/posts\/5548\/revisions"}],"predecessor-version":[{"id":6797,"href":"https:\/\/blog.rehairsystem.com\/sv\/wp-json\/wp\/v2\/posts\/5548\/revisions\/6797"}],"wp:featuredmedia":[{"embeddable":true,"href":"https:\/\/blog.rehairsystem.com\/sv\/wp-json\/wp\/v2\/media\/5552"}],"wp:attachment":[{"href":"https:\/\/blog.rehairsystem.com\/sv\/wp-json\/wp\/v2\/media?parent=5548"}],"wp:term":[{"taxonomy":"category","embeddable":true,"href":"https:\/\/blog.rehairsystem.com\/sv\/wp-json\/wp\/v2\/categories?post=5548"},{"taxonomy":"post_tag","embeddable":true,"href":"https:\/\/blog.rehairsystem.com\/sv\/wp-json\/wp\/v2\/tags?post=5548"}],"curies":[{"name":"wp","href":"https:\/\/api.w.org\/{rel}","templated":true}]}}