{"id":5566,"date":"2023-06-16T08:46:01","date_gmt":"2023-06-16T08:46:01","guid":{"rendered":"https:\/\/blog.rehairsystem.com\/?p=5566"},"modified":"2023-06-29T04:28:11","modified_gmt":"2023-06-29T04:28:11","slug":"why-did-howie-mandel-wear-a-toupee","status":"publish","type":"post","link":"https:\/\/blog.rehairsystem.com\/sv\/varfor-bar-howie-mandel-en-toupe\/","title":{"rendered":"Varf\u00f6r bar Howie Mandel en tup\u00e9 och var han alltid skallig?"},"content":{"rendered":"<p><span style=\"color: #000000;\">Howie Mandel, den kanadensiska komikern och sk\u00e5despelaren, \u00e4r k\u00e4nd f\u00f6r sin l\u00e4ttsamma humor och kala huvud. Men fansen blev nyligen chockade \u00f6ver att se honom med ett fullt h\u00e5r. Detta har lett till rykten och spekulationer om att han b\u00e4r en tup\u00e9. Men varf\u00f6r bar Howie Mandel en tup\u00e9 och var han alltid skallig?<\/span><\/p>\n<h2><span style=\"color: #000000;\"><strong>Howie Mandel&#8217;s Current Hairstyle<\/strong><\/span><\/h2>\n<p><span style=\"color: #000000;\">Howie Mandel&#8217;s current hairstyle is one that is well-known and recognizable to fans of the comedian and television personality. Mandel&#8217;s decision to shave his head and keep it bald has been a defining characteristic of his appearance for many years and is partly due to his struggles with obsessive-compulsive disorder. Specifically, Howie Mandel suffers from mysophobia, an intense fear of germs and contamination.<\/span><\/p>\n<p><span style=\"color: #000000;\">As a result, he has chosen to forgo having hair on his head as a way of reducing the risk of exposure to these perceived threats. While some fans may miss Mandel&#8217;s previous hairstyles, his current choice remains a symbol of his perseverance and commitment to managing his mental health.<\/span><\/p>\n<p><span style=\"color: #ff0000;\"><em><strong>Se mer<\/strong><\/em>: <\/span><\/p>\n<ul>\n<li><span style=\"color: #333333;\"><em><a style=\"color: #333333;\" href=\"https:\/\/blog.rehairsystem.com\/sv\/gor-howie-mandel-med-har-eller-inte\/\" target=\"_blank\" rel=\"noopener\"><strong>Hade Howie Mandel h\u00e5r<\/strong><\/a><strong>?<\/strong><\/em><\/span><\/li>\n<\/ul>\n<p><span style=\"color: #000000;\"><img decoding=\"async\" src=\"https:\/\/docerp.s3.amazonaws.com\/erp\/cms\/b93d737d-1c91-4033-8025-d81f0bf8ddd4.webp\" alt=\"Howie Mandel med h\u00e5r\" width=\"700\" \/><\/span><\/p>\n<h2><span style=\"color: #000000;\">N\u00e4r och varf\u00f6r bar Howie Mandel en tup\u00e9?<\/span><\/h2>\n<p><span style=\"color: #000000;\">Howie Mandel bar ett h\u00e5rsystem p\u00e5 Jimmy Kimmel Live en g\u00e5ng. Detta var i komiska syften, och han tog bort det under showen.<\/span><\/p>\n<p><span style=\"color: #000000;\">Howie Mandel bar ett h\u00e5rsystem f\u00f6r att f\u00e5 sig att se yngre och mer attraktiv ut. Denna icke-kirurgiska behandling \u00e4r popul\u00e4r bland dem som lider av h\u00e5ravfall. Han f\u00f6rs\u00f6kte inte h\u00e5lla det hemligt. M\u00e5nga m\u00e4n anv\u00e4nder h\u00e5rsystem f\u00f6r att \u00f6ka sitt sj\u00e4lvf\u00f6rtroende och sin sj\u00e4lvk\u00e4nsla, som de tappar n\u00e4r h\u00e5ret faller av. I takt med att samh\u00e4llet utvecklas, minskar pinsamheten f\u00f6r h\u00e5ravfall och att b\u00e4ra h\u00e5rsystem. Detta \u00e4r en positiv f\u00f6r\u00e4ndring.<\/span><\/p>\n<h2><span style=\"color: #000000;\">Var Howie Mandel alltid skallig?<\/span><\/h2>\n<p><span style=\"color: #000000;\">No, he used to have a full head of hair, and it&#8217;s hard to imagine him with that hairstyle now. It&#8217;s unclear when he lost his hair, but he is now completely bald. The reason behind his shaved head is due to his struggle with OCD.<\/span><\/p>\n<p><span style=\"color: #ff0000;\"><strong>L\u00e4s mer:<\/strong><\/span><\/p>\n<ul>\n<li><span style=\"color: #333333;\"><em><strong><a style=\"color: #333333;\" href=\"https:\/\/blog.rehairsystem.com\/sv\/tim-mcgraws-skallig-secreat\/\" target=\"_blank\" rel=\"noopener\">\u00c4r Tim McGraw skallig nu<\/a>?<\/strong><\/em><\/span><\/li>\n<li><span style=\"color: #333333;\"><em><strong><a style=\"color: #333333;\" href=\"https:\/\/blog.rehairsystem.com\/sv\/ar-ted-danson-skallig-eller-bar-en-tupe\/\" target=\"_blank\" rel=\"noopener\">H\u00e5ller Ted Danson p\u00e5 att bli skallig<\/a>?<\/strong><\/em><\/span><\/li>\n<\/ul>\n<p><span style=\"color: #000000;\"><img decoding=\"async\" src=\"https:\/\/docerp.s3.amazonaws.com\/erp\/cms\/b77e7134-9ed8-437c-bca0-a6caf365e5f2.webp\" alt=\"Howie Mandel med h\u00e5r\" width=\"700\" \/><\/span><\/p>\n<h2><span style=\"color: #000000;\">\u00c4r det en bra id\u00e9 f\u00f6r Howie Mandel att forts\u00e4tta anv\u00e4nda en peruk?<\/span><\/h2>\n<p><span style=\"color: #000000;\"><em><span style=\"text-decoration: underline;\">F\u00f6rdelar med att b\u00e4ra peruk:<\/span><\/em><\/span><\/p>\n<ul>\n<li><span style=\"color: #000000;\">It can help to restore a person&#8217;s self-esteem and confidence.<\/span><\/li>\n<li><span style=\"color: #000000;\">Peruker \u00e4r m\u00e5ngsidiga, vilket g\u00f6r att b\u00e4raren kan \u00e4ndra sin stil eller f\u00e4rg som de vill.<\/span><\/li>\n<li><span style=\"color: #000000;\">De kan skydda h\u00e5rbotten fr\u00e5n solskador och kallt v\u00e4der.<\/span><\/li>\n<\/ul>\n<p><span style=\"text-decoration: underline; color: #000000;\"><em>Nackdelar med att b\u00e4ra peruk:<\/em><\/span><\/p>\n<ul>\n<li><span style=\"color: #000000;\">Peruker kan vara varma, kliande och obekv\u00e4ma.<\/span><\/li>\n<li><span style=\"color: #000000;\">De kr\u00e4ver underh\u00e5ll och kan bli dyra.<\/span><\/li>\n<li><span style=\"color: #000000;\">Det finns alltid risk f\u00f6r att peruken glider eller ramlar av.<\/span><\/li>\n<\/ul>\n<p><span style=\"color: #000000;\">Regarding whether wearing a toupee is a good idea for people with OCD, it is important to note that OCD is a mental health disorder that affects each person differently. However, some people with OCD may have obsessions around cleanliness, hygiene, and personal appearance. In those cases, they may find wearing a toupee to be a helpful way to feel clean and put-together. Conversely, some individuals with OCD may fixate on the toupee as a source of germs or contamination. It&#8217;s essential to work with a therapist or medical professional to determine the best course of action for managing symptoms.<\/span><\/p>\n<h2><span style=\"color: #000000;\">K\u00f6p de b\u00e4sta tup\u00e9erna och h\u00e5rsystemen p\u00e5 Rehairsystem.com<\/span><\/h2>\n<p><span style=\"color: #000000;\">It is one of the most trusted and reliable online stores that sell toupees, wigs, and hair systems for men. Our store carries a wide range of hair replacement options with various hair types and colors to suit the customer&#8217;s preferences.<\/span><\/p>\n<p><span style=\"color: #000000;\">Customers can choose from human hair, synthetic hair, or a blend of both. Unlike other wig stores, we offer customization services to make the hair system look natural and blend seamlessly with the client&#8217;s hair. Our store&#8217;s experienced technicians are skilled in creating custom hairpieces, determining the correct color blend and match to the skin tone.<\/span><\/p>\n<p><span style=\"color: #000000;\">Our shop provide an easy online shopping experience, with the customer&#8217;s privacy considered when purchasing, even offering discreet shipping options. <span style=\"color: #ff0000;\"><strong>Rehairsystem.com<\/strong><\/span>&#8216;s hair replacements give the customer the option to experience what it\u2019s like to have real hair and to restore their confidence.<\/span><\/p>\n<h2><span style=\"color: #000000;\">Slutsats<\/span><\/h2>\n<p><span style=\"color: #000000;\">In conclusion, it is clear that Howie Mandel did have concerns about his hair loss. However, he was able to embrace his baldness and make it a part of his brand. Whether he chooses to wear a toupee or not, it does not change his talent or comedic timing. Regardless of what hairstyle he&#8217;s sporting, we&#8217;ll always appreciate Howie for his sense of humor and his ability to make us laugh.<\/span><\/p>","protected":false},"excerpt":{"rendered":"<p>Howie Mandel, the Canadian comedian and actor, is known for his lighthearted humor and bald head. However, fans were recently shocked to see him sporting &#8230; <a title=\"Varf\u00f6r bar Howie Mandel en tup\u00e9 och var han alltid skallig?\" class=\"read-more\" href=\"https:\/\/blog.rehairsystem.com\/sv\/varfor-bar-howie-mandel-en-toupe\/\" aria-label=\"Mer p\u00e5 Why Did Howie Mandel Wear A Toupee and Was He Always Bald?\">L\u00e4s mer<\/a><\/p>","protected":false},"author":2,"featured_media":5567,"comment_status":"closed","ping_status":"closed","sticky":false,"template":"","format":"standard","meta":[],"categories":[107],"tags":[119],"_links":{"self":[{"href":"https:\/\/blog.rehairsystem.com\/sv\/wp-json\/wp\/v2\/posts\/5566"}],"collection":[{"href":"https:\/\/blog.rehairsystem.com\/sv\/wp-json\/wp\/v2\/posts"}],"about":[{"href":"https:\/\/blog.rehairsystem.com\/sv\/wp-json\/wp\/v2\/types\/post"}],"author":[{"embeddable":true,"href":"https:\/\/blog.rehairsystem.com\/sv\/wp-json\/wp\/v2\/users\/2"}],"replies":[{"embeddable":true,"href":"https:\/\/blog.rehairsystem.com\/sv\/wp-json\/wp\/v2\/comments?post=5566"}],"version-history":[{"count":5,"href":"https:\/\/blog.rehairsystem.com\/sv\/wp-json\/wp\/v2\/posts\/5566\/revisions"}],"predecessor-version":[{"id":5920,"href":"https:\/\/blog.rehairsystem.com\/sv\/wp-json\/wp\/v2\/posts\/5566\/revisions\/5920"}],"wp:featuredmedia":[{"embeddable":true,"href":"https:\/\/blog.rehairsystem.com\/sv\/wp-json\/wp\/v2\/media\/5567"}],"wp:attachment":[{"href":"https:\/\/blog.rehairsystem.com\/sv\/wp-json\/wp\/v2\/media?parent=5566"}],"wp:term":[{"taxonomy":"category","embeddable":true,"href":"https:\/\/blog.rehairsystem.com\/sv\/wp-json\/wp\/v2\/categories?post=5566"},{"taxonomy":"post_tag","embeddable":true,"href":"https:\/\/blog.rehairsystem.com\/sv\/wp-json\/wp\/v2\/tags?post=5566"}],"curies":[{"name":"wp","href":"https:\/\/api.w.org\/{rel}","templated":true}]}}