{"id":5715,"date":"2023-06-20T09:31:00","date_gmt":"2023-06-20T09:31:00","guid":{"rendered":"https:\/\/blog.rehairsystem.com\/?p=5715"},"modified":"2023-07-15T06:09:20","modified_gmt":"2023-07-15T06:09:20","slug":"is-it-true-jason-alexande-wears-toupee","status":"publish","type":"post","link":"https:\/\/blog.rehairsystem.com\/sv\/ar-det-sant-jason-alexande-bar-tupe\/","title":{"rendered":"\u00c4r det sant? Jason Alexande b\u00e4r tup\u00e9 f\u00f6r att \u00e5terst\u00e4lla h\u00e5ret"},"content":{"rendered":"<p><span style=\"color: #000000;\">I flera \u00e5r har Jason Alexander varit f\u00f6rem\u00e5l f\u00f6r rykten om h\u00e5ravfall. Fans av sk\u00e5despelaren, k\u00e4nd f\u00f6r sin ikoniska roll som George Costanza p\u00e5 Seinfeld, har l\u00e4nge diskuterat om han b\u00e4r en tup\u00e9 eller inte. De senaste \u00e5ren har Alexander varit \u00f6ppen och \u00e4rlig om sina h\u00e5ravfallskamper. Och svaret p\u00e5 fr\u00e5gan \u00e4r ett rungande ja. Jason Alexander b\u00e4r ett h\u00e5rstycke och har varit \u00e4rlig om det.<\/span><\/p>\n<h2><span style=\"color: #000000;\">Om Jason Alexander<\/span><\/h2>\n<p><span style=\"color: #000000;\">Jason Alexander \u00e4r en ber\u00f6md amerikansk sk\u00e5despelare och komiker, k\u00e4nd f\u00f6r sin roll som George Costanza i TV-komediserien &quot;Seinfeld&quot;. Han f\u00f6ddes den 23 september 1959 i Newark, New Jersey, USA.<\/span><\/p>\n<p><span style=\"color: #000000;\">Alexander b\u00f6rjade sin karri\u00e4r inom underh\u00e5llningsbranschen i b\u00f6rjan av 1980-talet med teater- och scenframtr\u00e4danden. Han blev ber\u00f6mmelse p\u00e5 1990-talet med sin roll i Seinfeld. Han spelade ocks\u00e5 i olika filmer som &quot;Pretty Woman&quot;, &quot;North&quot; och &quot;Love! Tapperhet! Compassion!\u201d, bland annat.<\/span><\/p>\n<p><span style=\"color: #000000;\">Han har vunnit olika priser och nomineringar f\u00f6r sina enast\u00e5ende prestationer, inklusive ett Screen Actors Guild Award och fyra Emmy Awards.<\/span><\/p>\n<p><span style=\"color: #000000;\">N\u00e4r det g\u00e4ller hans h\u00e5r \u00e4r han k\u00e4nd f\u00f6r sin distinkta skalliga frisyr, som blev ett av hans varum\u00e4rken.<\/span><\/p>\n<p><span style=\"color: #000000;\">As of 2021, Jason Alexander&#8217;s net worth is estimated to be around $50 million. Apart from his acting career, he is also involved in philanthropic activities and supports various charities.<\/span><\/p>\n<h2><span style=\"color: #000000;\">Unga Jason Alexanders h\u00e5r<\/span><\/h2>\n<p><span style=\"color: #000000;\"><img decoding=\"async\" src=\"https:\/\/docerp.s3.amazonaws.com\/erp\/cms\/9b2574e7-c19c-4268-b661-129dfcd6ff41.webp\" alt=\"Jason Alexander h\u00e5r \" width=\"700\" \/><\/span><\/p>\n<p><span style=\"color: #000000;\">At 18, Jason Alexander looked different from now in a black and white picture. He had a necklace, sweater, and a charming smile. His hair was strikingly thick and luscious. However, he didn&#8217;t know about his hair loss journey ahead. Eventually, he embraced his iconic bald look.<\/span><\/p>\n<h2><span style=\"color: #000000;\">Hans h\u00e5ravfall p\u00e5 grund av androgen alopeci<\/span><\/h2>\n<p><span style=\"color: #000000;\">Jason Alexander tappade h\u00e5ret p\u00e5 grund av en vanlig form av h\u00e5ravfall som kallas androgen alopeci, \u00e4ven kallad manlig skallighet. Det k\u00e4nnetecknas av genetisk predisposition, hormonobalanser och \u00f6kad k\u00e4nslighet hos h\u00e5rs\u00e4ckarna f\u00f6r dihydrotestosteron (DHT) hormon.<\/span><\/p>\n<h3><span style=\"color: #000000;\">Vad \u00e4r androgen alopeci?<\/span><\/h3>\n<p><span style=\"color: #000000;\">Androgen alopeci \u00e4r ett \u00e4rftligt tillst\u00e5nd som drabbar mer \u00e4n 50 miljoner m\u00e4n och kvinnor i Amerika. Det \u00e4r ett medicinskt tillst\u00e5nd som orsakas av hormonet dihydrotestosteron (DHT), som krymper h\u00e5rs\u00e4ckarna och s\u00e5 sm\u00e5ningom leder till deras miniatyrisering, vilket s\u00e5 sm\u00e5ningom leder till irreversibelt h\u00e5ravfall.<\/span><\/p>\n<h3><span style=\"color: #000000;\">N\u00e4r b\u00f6rjade Jason Alexander tappa h\u00e5r?<\/span><\/h3>\n<p><span style=\"color: #000000;\">Jason Alexander started losing his hair when he was 17 years old. Many people don&#8217;t like being bald, which is what happened to him later. Eventually, he became bald on his head due to his hair loss.<\/span><\/p>\n<h3><span style=\"color: #000000;\">Hur k\u00e4nner Jason Alexander om sin kala?<\/span><\/h3>\n<p><span style=\"color: #000000;\">Han tror att det \u00f6ppnade d\u00f6rrar f\u00f6r honom i sk\u00e5despelarbranschen att ha ett flintskalligt huvud. Jason Alexander \u00e4r k\u00e4nd f\u00f6r sin roll som George Costanza i succ\u00e9serien &quot;Seinfeld&quot;. Han spelade karakt\u00e4ren som alltid var orolig och os\u00e4ker, och hans kala huvud verkade komplettera denna karakt\u00e4r perfekt.<\/span><\/p>\n<p><span style=\"color: #000000;\">Han erk\u00e4nde att han brukade k\u00e4nna sig medveten om sitt h\u00e5ravfall som ton\u00e5ring, men n\u00e4r han blev \u00e4ldre omfamnade han det. Han tror att det att vara skallig \u00e4r en del av hans identitet och vem han \u00e4r som person.<\/span><\/p>\n<h2><span style=\"color: #000000;\">Jason Alexander Doesn&#8217;t Undergo A Hair Transplant<\/span><\/h2>\n<p><span style=\"color: #000000;\">Jason Alexander hasn&#8217;t had a hair transplant. Some people think bald men look good, but most people think men with hair are more attractive. Although being bald makes him look likable, it is a problem. Jason has decided to use a hairpiece instead of getting a hair transplant to cover his bald spots.<\/span><\/p>\n<h2><span style=\"color: #000000;\">Han \u00e5terst\u00e4ller sitt h\u00e5r genom att b\u00e4ra det semi-permanenta h\u00e5rstycket<\/span><\/h2>\n<p><span style=\"color: #000000;\"><img decoding=\"async\" src=\"https:\/\/docerp.s3.amazonaws.com\/erp\/cms\/bd2884b3-3a89-42c0-93db-acd330ecd0fe.webp\" alt=\"Jason Alexander h\u00e5r\" width=\"700\" \/><\/span><\/p>\n<p><span style=\"color: #000000;\">Jason Alexander wore a hairpiece that was tailor-made for him. It blended well with his natural hair to create a realistic appearance. This helped the actor regain his confidence. He had a designer create this hairpiece to restore his hair&#8217;s look. The hairpiece is semi-permanent and can be worn for weeks at a time. It can be worn while swimming, showering, and working out.<\/span><\/p>\n<p><span style=\"color: #ff0000;\"><strong>L\u00e4s mer<\/strong><\/span><span style=\"color: #000000;\">: <\/span><\/p>\n<ul>\n<li><span style=\"color: #333333;\"><a style=\"color: #333333;\" href=\"https:\/\/blog.rehairsystem.com\/sv\/bill-sjalv-har-bar-han-tupe\/\" target=\"_blank\" rel=\"noopener\"><strong>B\u00e4r Bill Self en tup\u00e9<\/strong><\/a><strong>?<\/strong><\/span><\/li>\n<li><a href=\"https:\/\/blog.rehairsystem.com\/sv\/gor-jimmy-fallon-bar-en-tupe\/\" target=\"_blank\" rel=\"noopener\"><span style=\"color: #333333;\"><em><strong>G\u00f6r Jimmy Fallon verkligen <\/strong><\/em><\/span><em><strong><span style=\"color: #333333;\">B\u00e4r en tup\u00e9<\/span><\/strong><\/em><\/a><em><strong>?<\/strong><\/em><\/li>\n<\/ul>\n<h3><span style=\"color: #000000;\">Vad \u00e4r ett semipermanent h\u00e5rstycke?<\/span><\/h3>\n<p><span style=\"color: #000000;\">Det semipermanenta h\u00e5rstycket \u00e4r ett specialtillverkat h\u00e5rsystem som appliceras p\u00e5 h\u00e5rbotten med hj\u00e4lp av ett lim av medicinsk kvalitet. Till skillnad fr\u00e5n h\u00e5rtransplantationer \u00e4r det ett icke-kirurgiskt ingrepp och inneb\u00e4r inga snitt, vilket g\u00f6r det till ett s\u00e4krare och mindre sm\u00e4rtsamt alternativ.<\/span><\/p>\n<h3><span style=\"color: #000000;\">N\u00e4r bar Jason Alexander frisyren?<\/span><\/h3>\n<p><span style=\"color: #000000;\">Many fans have been curious as to when exactly Alexander started wearing a hairpiece. The answer is that he began wearing it in the past few years as a way to boost his confidence and give himself a new image. Despite being bald for most of his life, it seems Jason Alexander has finally found a solution that works for him, and fans couldn&#8217;t be happier for him.<\/span><\/p>\n<h3><span style=\"color: #000000;\">Varf\u00f6r valde Jason Alexander h\u00e5rstycket ist\u00e4llet f\u00f6r h\u00e5rimplantatet?<\/span><\/h3>\n<p><span style=\"color: #000000;\">Jason Alexander valde ett h\u00e5rstycke ist\u00e4llet f\u00f6r en h\u00e5rtransplantation eftersom h\u00e5rtransplantationer d\u00e5 inte var avancerade och vanliga. Han hade tappat h\u00e5r fr\u00e5n framsidan till n\u00e4stan nacken, s\u00e5 han valde ett semipermanent h\u00e5rstycke. Toup\u00e9n skr\u00e4ddarsyddes f\u00f6r honom av en skicklig designer.<\/span><\/p>\n<p><span style=\"color: #000000;\">Han erk\u00e4nner att han till en b\u00f6rjan drogs till h\u00e5rstycket av ren f\u00e5f\u00e4nga n\u00e4r han gjorde en del. Hans fru uppmuntrade honom att forts\u00e4tta b\u00e4ra den, eftersom den f\u00f6rb\u00e4ttrade hans utseende under scenframtr\u00e4danden. Hans kala huvud b\u00f6rjade reflektera scenljus, vilket blev en distraktion f\u00f6r hans publik.<\/span><\/p>\n<p><span style=\"color: #000000;\">Alexander best\u00e4mde sig f\u00f6r att s\u00e4tta p\u00e5 lite h\u00e5r igen efter att ha diskuterat det med sin fru, men de f\u00f6redrar inte att g\u00e5 p\u00e5 en kirurgisk h\u00e5rtransplantation, s\u00e5 de valde ett h\u00e5rstycke.<\/span><\/p>\n<h3><span style=\"color: #000000;\">K\u00f6p samma h\u00e5rstycke som Jason Alexander p\u00e5 Rehairsystem.com<\/span><\/h3>\n<p><span style=\"color: #000000;\">S\u00e5 om du har samma problem med h\u00e5ravfall som Jason Alexander kan du lika g\u00e4rna prova att b\u00e4ra en tup\u00e9. H\u00e4r rekommenderar jag v\u00e5r frisyrbutik\u00a0<span style=\"color: #ff0000;\"><strong><a style=\"color: #ff0000;\" href=\"https:\/\/rehairsystem.com\/\" target=\"_blank\" rel=\"noopener\">Rehairsystem<\/a><\/strong><\/span>\u00a0till dig.\u00a0<\/span><\/p>\n<p><span style=\"color: #000000;\">Rehairsystem.com \u00e4r ditt utm\u00e4rkta val f\u00f6r att k\u00f6pa h\u00e5rstycken p\u00e5 grund av v\u00e5ra h\u00f6gkvalitativa, anpassningsbara alternativ, \u00f6verkomliga priser, expertr\u00e5d, 100% n\u00f6jdhetsgaranti och diskret frakt. Nedan \u00e4r v\u00e5r serviceinformation!<\/span><\/p>\n<ul>\n<li><span style=\"color: #000000;\"><strong><em><span style=\"text-decoration: underline;\">H\u00f6gkvalitativa h\u00e5rstycken<\/span><\/em><\/strong>: Vi erbjuder endast h\u00e5rstycken av h\u00f6gsta kvalitet gjorda av 100% m\u00e4nniskoh\u00e5r. H\u00e5rstyckena \u00e4r designade f\u00f6r att h\u00e5lla l\u00e4nge, vilket g\u00f6r det till en utm\u00e4rkt investering f\u00f6r dem som vill t\u00e4cka sin skallighet p\u00e5 ett s\u00e5 naturligt s\u00e4tt som m\u00f6jligt.<\/span><\/li>\n<li><span style=\"color: #000000;\"><strong><em><span style=\"text-decoration: underline;\">Anpassningsbara alternativ<\/span><\/em><\/strong>: H\u00e5rstyckena som finns p\u00e5 Rehairsystem.com finns i en m\u00e4ngd olika anpassningsbara alternativ. Kunderna kan v\u00e4lja typ av h\u00e5r, l\u00e4ngd, f\u00e4rg och till och med t\u00e4thet f\u00f6r att matcha deras h\u00e5r.<\/span><\/li>\n<li><span style=\"color: #000000;\"><strong><em><span style=\"text-decoration: underline;\">\u00d6verkomliga priser<\/span><\/em><\/strong>: Vi tillhandah\u00e5ller h\u00e5rstycken till konkurrenskraftiga priser j\u00e4mf\u00f6rt med andra h\u00e5rers\u00e4ttningssystem. Prisv\u00e4rdheten \u00e4r en av anledningarna till att v\u00e5r webbplats \u00e4r ett exceptionellt val f\u00f6r dem som vill t\u00e4cka sin skallighet utan att bryta pengarna.<\/span><\/li>\n<li><span style=\"color: #000000;\"><strong><em><span style=\"text-decoration: underline;\">Expertr\u00e5d<\/span><\/em><\/strong>: V\u00e5r butik drivs av h\u00e5rers\u00e4ttningsexperter som \u00e4r dedikerade till att hj\u00e4lpa kunder att v\u00e4lja det b\u00e4sta h\u00e5rstycket f\u00f6r deras specifika h\u00e5rtyp. De kan ge v\u00e4gledning och information om sk\u00f6tsel, underh\u00e5ll och styling av h\u00e5rstyckena.<\/span><\/li>\n<li><span style=\"color: #000000;\"><strong><span style=\"text-decoration: underline;\">100% N\u00f6jdhetsgaranti<\/span><\/strong>: Vi st\u00f6der ocks\u00e5 en 100% n\u00f6jdhetsgaranti. Om kunden inte \u00e4r n\u00f6jd med h\u00e5rstycket kan de returnera det f\u00f6r full \u00e5terbetalning. Denna garanti ger kunderna sinnesfrid i vetskapen om att de g\u00f6r ett riskfritt k\u00f6p.<\/span><\/li>\n<li><span style=\"color: #000000;\"><strong><em><span style=\"text-decoration: underline;\">Diskret frakt<\/span><\/em><\/strong>: We have a strict policy of privacy and discretion when it comes to shipping the orders. The package doesn&#8217;t carry any branding or markings that may indicate the contents inside. This aspect is essential for those who want to keep their hair replacement quality a secret.<\/span><\/li>\n<\/ul>\n<h2><span style=\"color: #000000;\">Har Jason Alexander riktigt h\u00e5r nu?<\/span><\/h2>\n<p><span style=\"color: #000000;\"><img decoding=\"async\" src=\"https:\/\/docerp.s3.amazonaws.com\/erp\/cms\/5caef852-1b37-4579-9e4e-1db43f9d1975.webp\" alt=\"Jason Alexander h\u00e5r\" width=\"700\" \/><\/span><\/p>\n<p><span style=\"color: #000000;\">Jason Alexander has ditched his semi-permanent hairpiece, according to his Instagram posts. He&#8217;s gone back to his original bald look, which is what his fans first loved about him.<\/span><\/p>\n\n\n<h2 class=\"wp-block-heading has-contrast-color has-text-color\">Vanliga fr\u00e5gor<\/h2>\n\n\n<div id=\"rank-math-faq\" class=\"rank-math-block\">\n<div class=\"rank-math-list\">\n<div id=\"faq-question-1687253383999\" class=\"rank-math-list-item\">\n<h3 class=\"rank-math-question\">What happened to Jason Alexander&#8217;s hair?<\/h3>\n<div class=\"rank-math-answer\">\n\n<p>Jason Alexander, den amerikanske sk\u00e5despelaren, komikern och regiss\u00f6ren, har varit skallig i m\u00e5nga \u00e5r och har aldrig gjort n\u00e5gon hemlighet av det.<\/p>\n\n<\/div>\n<\/div>\n<div id=\"faq-question-1687253388630\" class=\"rank-math-list-item\">\n<h3 class=\"rank-math-question\">Har Jason Alexander en fru?<\/h3>\n<div class=\"rank-math-answer\">\n\n<p>Jason Alexander har varit gift med sin fru, Daena E. Title, sedan 1982. De har tv\u00e5 barn tillsammans.<\/p>\n\n<\/div>\n<\/div>\n<div id=\"faq-question-1687253400511\" class=\"rank-math-list-item\">\n<h3 class=\"rank-math-question\">Hur l\u00e5ng \u00e4r Jason Alexander?<\/h3>\n<div class=\"rank-math-answer\">\n\n<p>Jason Alexander \u00e4r 5 fot 5 tum eller 165 cm l\u00e5ng.<\/p>\n\n<\/div>\n<\/div>\n<div id=\"faq-question-1687253409183\" class=\"rank-math-list-item\">\n<h3 class=\"rank-math-question\">Hur mycket \u00e4r Jason fr\u00e5n Seinfeld v\u00e4rd?<\/h3>\n<div class=\"rank-math-answer\">\n\n<p>As of 2021, Jason Alexander&#8217;s net worth is estimated to be around $50 million.<\/p>\n\n<\/div>\n<\/div>\n<\/div>\n<\/div>\n\n\n<h2 class=\"wp-block-heading has-contrast-color has-text-color\">Slutsats<\/h2>\n\n\n\n<p class=\"has-contrast-color has-text-color\">Trots ryktena och spekulationerna kring hans h\u00e5r har Jason Alexander hittat en l\u00f6sning som fungerar f\u00f6r honom. Genom att b\u00e4ra ett h\u00e5rstycke av h\u00f6g kvalitet har han kunnat beh\u00e5lla sin signaturlook och forts\u00e4tta arbeta med sitt hantverk som sk\u00e5despelare. Hans \u00f6ppenhet om sitt h\u00e5ravfall har ocks\u00e5 hj\u00e4lpt till att bryta ner stigmat kring manlig skallighet. Genom att g\u00f6ra det har Jason Alexander blivit en inspirationsk\u00e4lla f\u00f6r dem som hanterar h\u00e5ravfall och en p\u00e5minnelse om att vem som helst kan hitta en l\u00f6sning som fungerar f\u00f6r dem.<\/p>","protected":false},"excerpt":{"rendered":"<p>For years, Jason Alexander has been the subject of hair loss rumors. Fans of the actor, known for his iconic role as George Costanza on &#8230; <a title=\"\u00c4r det sant? Jason Alexande b\u00e4r tup\u00e9 f\u00f6r att \u00e5terst\u00e4lla h\u00e5ret\" class=\"read-more\" href=\"https:\/\/blog.rehairsystem.com\/sv\/ar-det-sant-jason-alexande-bar-tupe\/\" aria-label=\"Mer p\u00e5 Is It True? Jason Alexande Wears Toupee To Restore Hair\">L\u00e4s mer<\/a><\/p>","protected":false},"author":2,"featured_media":5717,"comment_status":"closed","ping_status":"closed","sticky":false,"template":"","format":"standard","meta":[],"categories":[1],"tags":[134],"_links":{"self":[{"href":"https:\/\/blog.rehairsystem.com\/sv\/wp-json\/wp\/v2\/posts\/5715"}],"collection":[{"href":"https:\/\/blog.rehairsystem.com\/sv\/wp-json\/wp\/v2\/posts"}],"about":[{"href":"https:\/\/blog.rehairsystem.com\/sv\/wp-json\/wp\/v2\/types\/post"}],"author":[{"embeddable":true,"href":"https:\/\/blog.rehairsystem.com\/sv\/wp-json\/wp\/v2\/users\/2"}],"replies":[{"embeddable":true,"href":"https:\/\/blog.rehairsystem.com\/sv\/wp-json\/wp\/v2\/comments?post=5715"}],"version-history":[{"count":7,"href":"https:\/\/blog.rehairsystem.com\/sv\/wp-json\/wp\/v2\/posts\/5715\/revisions"}],"predecessor-version":[{"id":6885,"href":"https:\/\/blog.rehairsystem.com\/sv\/wp-json\/wp\/v2\/posts\/5715\/revisions\/6885"}],"wp:featuredmedia":[{"embeddable":true,"href":"https:\/\/blog.rehairsystem.com\/sv\/wp-json\/wp\/v2\/media\/5717"}],"wp:attachment":[{"href":"https:\/\/blog.rehairsystem.com\/sv\/wp-json\/wp\/v2\/media?parent=5715"}],"wp:term":[{"taxonomy":"category","embeddable":true,"href":"https:\/\/blog.rehairsystem.com\/sv\/wp-json\/wp\/v2\/categories?post=5715"},{"taxonomy":"post_tag","embeddable":true,"href":"https:\/\/blog.rehairsystem.com\/sv\/wp-json\/wp\/v2\/tags?post=5715"}],"curies":[{"name":"wp","href":"https:\/\/api.w.org\/{rel}","templated":true}]}}