{"id":6738,"date":"2023-07-14T07:47:44","date_gmt":"2023-07-14T07:47:44","guid":{"rendered":"https:\/\/blog.rehairsystem.com\/?p=6738"},"modified":"2023-08-09T02:57:12","modified_gmt":"2023-08-09T02:57:12","slug":"amber-rose-with-hair-her-new-long-tresses","status":"publish","type":"post","link":"https:\/\/blog.rehairsystem.com\/sv\/barnsten-rosa-med-har-henne-nya-lang-tressen\/","title":{"rendered":"Amber Rose With Hair: Hennes nya l\u00e5nga lockar \u00f6verraskar alla!"},"content":{"rendered":"<p><span style=\"color: #000000;\">Amber Rose, den dj\u00e4rva och ikoniska k\u00e4ndisen k\u00e4nd f\u00f6r sitt karakt\u00e4ristiska buzz-snitt, har nyligen h\u00e4pnat b\u00e5de fans och kritiker med en \u00f6verraskande f\u00f6rvandling. Dagarna f\u00f6r hennes rakade huvud \u00e4r f\u00f6rbi, d\u00e5 Amber Rose har dykt upp med en ny v\u00e4ndande look \u2013 l\u00e5nga, flytande lockar som har \u00f6verraskat alla. Kolla in det h\u00e4r inl\u00e4gget f\u00f6r att se ett helt nytt utseende <a href=\"https:\/\/blog.rehairsystem.com\/sv\/barnsten-rosa-med-har-henne-nya-lang-tressen\/\" target=\"_blank\" rel=\"noopener\"><span style=\"color: #ff0000;\"><strong>Amber Rose med h\u00e5r<\/strong><\/span><\/a>!<\/span><\/p>\n<h2><span style=\"color: #000000;\">M\u00f6t Amber Rose<\/span><\/h2>\n<p><span style=\"color: #000000;\">Amber Rose \u00e4r en m\u00e5ngfacetterad k\u00e4ndis som har gjort ett betydande inflytande i underh\u00e5llningsbranschen. F\u00f6dd den 21 oktober 1983 i Philadelphia, Pennsylvania, Amber Rose, vars f\u00f6delsenamn \u00e4r Amber Levonchuck, blev en framtr\u00e4dande plats som modell, sk\u00e5despelerska och modeinfluencer. Hennes unika stil, or\u00e4dda attityd och f\u00f6respr\u00e5kande f\u00f6r sj\u00e4lvuttryck har gett henne en h\u00e4ngiven fanbas och etablerat henne som en framst\u00e5ende figur inom popkulturen.<\/span><\/p>\n<p><span style=\"color: #000000;\">Amber Rose fick ett f\u00f6rsta erk\u00e4nnande som modell och medverkade i musikvideor f\u00f6r k\u00e4nda artister som Ludacris och Young Jeezy. Hennes sl\u00e5ende utseende och f\u00e4ngslande n\u00e4rvaro f\u00e5ngade m\u00e5ngas uppm\u00e4rksamhet, vilket ledde till m\u00f6jligheter i modev\u00e4rlden. Hon har prydt omslagen till m\u00e5nga tidningar, inklusive Complex, Vibe och Elle, och har g\u00e5tt banan f\u00f6r prestigefyllda modem\u00e4rken.<\/span><\/p>\n<h2><span style=\"color: #000000;\">Amber Rose vaggar en ny look med l\u00e5ngt h\u00e5r<\/span><\/h2>\n<p><span style=\"color: #000000;\"><img decoding=\"async\" src=\"https:\/\/docerp.s3.amazonaws.com\/erp\/cms\/0961caf0-e3b2-4513-8a86-45fa022b78ec.webp\" alt=\"Amber Rose nytt h\u00e5r\" width=\"700\" \/><\/span><\/p>\n<p><span style=\"color: #000000;\">Amber Rose, den ber\u00f6mda reality-tv-drottningen, \u00f6verraskade nyligen sina miljontals Instagram-f\u00f6ljare med en fantastisk f\u00f6rvandling som f\u00e5r alla att prata. I en serie f\u00e4ngslande bilder avt\u00e4ckte Rose sin senaste look, och tog farv\u00e4l av sin korta blonda frisyr och omfamnade en ny, huvudv\u00e4nd stil.<\/span><\/p>\n<p><span style=\"color: #000000;\">Mediepersonligheten stoltserar nu med l\u00e5nga, v\u00e5giga blonda lockar som vackert ramar in hennes ansikte, accentuerade av en l\u00e4tt mittparti. Rose vaggade en sn\u00e4v, kurvanomslutande f\u00e4rgstark kl\u00e4nning och f\u00f6rsedd med utsmyckade smycken och sprang sj\u00e4lvs\u00e4kert p\u00e5 New Yorks gator och kompletterade sin ensemble med tydliga spetsiga klackar. Hennes bildtext p\u00e5 Instagram, &quot;Had a Blast in NYC&quot;, f\u00e5ngade perfekt gl\u00e4djen och sp\u00e4nningen kring hennes nya utseende.<\/span><\/p>\n<h2><span style=\"color: #000000;\">Amber Rose&#8217;s Iconic Bleached Blonde Buzz Cut<\/span><\/h2>\n<p><span style=\"color: #000000;\"><img decoding=\"async\" src=\"https:\/\/docerp.s3.amazonaws.com\/erp\/cms\/eeb876ad-465f-4e0a-a2cb-dfdf7f6a604a.webp\" alt=\"Amber Rose Med H\u00e5r\" width=\"700\" \/><\/span><\/p>\n<p><span style=\"color: #000000;\">Amber Rose&#8217;s iconic bleached blonde buzz cut has become synonymous with her unique style and fearless self-expression. For over 15 years, this distinctive hairstyle has been a defining feature of her look, setting her apart and making her instantly recognizable.<\/span><\/p>\n<p><span style=\"color: #000000;\">Amber Rose har visat att kort h\u00e5r kan vara otroligt vackert och feminint, utmana samh\u00e4lleliga normer och inspirera andra att omfamna sin egen individualitet. Samtidigt som hon har erk\u00e4nt att hon k\u00e4nt sig lite uttr\u00e5kad med sin buzz cut efter s\u00e5 l\u00e5ng tid, har hon uttryckt en \u00f6nskan att v\u00e4xa ut sitt h\u00e5r och experimentera med olika peruker. Men en sak som f\u00f6rblir konstant \u00e4r f\u00e4rgen.<\/span><\/p>\n<h3><span style=\"color: #000000;\">Varf\u00f6r rakade Amber Rose sitt huvud och blev skallig?<\/span><\/h3>\n<p><span style=\"color: #000000;\">The answer lies in her pursuit of fashion and her desire to make a bold statement. Amber Rose&#8217;s decision to wear her head shaved or with her hair cut extremely close to the scalp is driven primarily by fashion and style. This daring and striking look has not only become her signature but has also catapulted her into the realm of highly sought-after models.<\/span><\/p>\n<p><span style=\"color: #000000;\">Genom att omfamna en flintskallig eller h\u00e5rt beskuren frisyr, trotsar Amber Rose konventionella sk\u00f6nhetsstandarder och utmanar samh\u00e4llets f\u00f6rv\u00e4ntningar. Hennes or\u00e4dda val \u00e5terspeglar hennes sj\u00e4lvf\u00f6rtroende och beslutsamhet att bryta gr\u00e4nser, vilket g\u00f6r henne till en sann trends\u00e4ttare inom modebranschen.<\/span><\/p>\n<h3><span style=\"color: #000000;\">N\u00e4r l\u00e4mnade Amber Rose sitt kala utseende?<\/span><\/h3>\n<p><span style=\"color: #000000;\">Hon best\u00e4mde sig f\u00f6r att g\u00e5 bort fr\u00e5n sin karakt\u00e4ristiska kala look och experimentera med olika frisyrer 2019. I februari samma \u00e5r \u00f6verraskade Amber Rose sina fans genom att debutera en l\u00e5ng, v\u00e5gig blond peruk p\u00e5 sociala medier.<\/span><\/p>\n<p><span style=\"color: #000000;\">Detta markerade ett avsteg fr\u00e5n hennes ikoniska rakade eller h\u00e5rklippta h\u00e5r och signalerade ett nytt kapitel i hennes st\u00e4ndigt utvecklande stilresa. Sedan dess har Amber Rose fortsatt att utforska olika h\u00e5rl\u00e4ngder, f\u00e4rger och texturer, och visat upp hennes m\u00e5ngsidighet och f\u00f6rm\u00e5ga att f\u00f6r\u00e4ndra sitt utseende.<\/span><\/p>\n<p><span style=\"color: #ff0000;\"><strong>L\u00e4s ocks\u00e5<\/strong><\/span><span style=\"color: #000000;\">: <span style=\"color: #333333;\"><em><strong><a style=\"color: #333333;\" href=\"https:\/\/blog.rehairsystem.com\/sv\/ar-bianca-belair-har-akta\/\" target=\"_blank\" rel=\"noopener\">\u00c4r Bianca Belairs h\u00e5r \u00e4kta eller inte<\/a>?<\/strong><\/em><\/span><\/span><\/p>\n<h2><span style=\"color: #000000;\">Hennes popul\u00e4ra frisyrer genom \u00e5ren<\/span><\/h2>\n<p><span style=\"color: #000000;\">Amber Rose embraced the beauty of long hair and expressed her creativity by experimenting with a wide range of hair colors. If you&#8217;re seeking inspiration for your own hair, Amber Rose&#8217;s style journey is one to explore.<\/span><\/p>\n<p><span style=\"color: #000000;\">Nedan \u00e4r tio frisyrer som Amber Rose sj\u00e4lvs\u00e4kert rockade innan hon omfamnade sin ikoniska look med kort h\u00e5r:<\/span><\/p>\n<h3><span style=\"color: #000000;\">L\u00e5ngt blont h\u00e5r<\/span><\/h3>\n<p><span style=\"color: #000000;\"><img decoding=\"async\" src=\"https:\/\/docerp.s3.amazonaws.com\/erp\/cms\/6891d282-1721-4624-a0e6-3829d1093ab1.webp\" alt=\"Amber Rose Med H\u00e5r\" width=\"700\" \/><\/span><\/p>\n<p><span style=\"color: #000000;\">Amber Rose hade en g\u00e5ng en fantastisk frisyr av l\u00e5nga, fl\u00f6dande blonda lockar. De gyllene tr\u00e5darna forsade ner f\u00f6r hennes axlar och utstr\u00e5lar en luft av elegans och femininitet. L\u00e4ngden till\u00e4t henne att experimentera med olika frisyrer, fr\u00e5n eleganta och raka till volumin\u00f6sa lockar, vilket gav m\u00e5ngsidighet till hennes \u00f6vergripande utseende.<\/span><\/p>\n<h3><span style=\"color: #000000;\">Chokladbruna v\u00e5gor<\/span><\/h3>\n<p><span style=\"color: #000000;\"><img decoding=\"async\" src=\"https:\/\/docerp.s3.amazonaws.com\/erp\/cms\/627d31b5-8432-49a8-8bce-9c303635194f.webp\" alt=\"Amber Rose Med H\u00e5r\" width=\"700\" \/><\/span><\/p>\n<p><span style=\"color: #000000;\">I en annan f\u00e4ngslande stil omfamnade Amber Rose en l\u00e4cker man av chokladbruna v\u00e5gor. Den rika, jordn\u00e4ra nyansen kompletterade hennes hy och gav djup till hennes \u00f6vergripande utseende. V\u00e5gorna lade till textur och r\u00f6relse till hennes h\u00e5r, vilket skapade en glamor\u00f6s men \u00e4nd\u00e5 enkel atmosf\u00e4r.<\/span><\/p>\n<h3><span style=\"color: #000000;\">Vintage Bob<\/span><\/h3>\n<p><span style=\"color: #000000;\"><img decoding=\"async\" src=\"https:\/\/docerp.s3.amazonaws.com\/erp\/cms\/440b13c7-09f6-421a-8f21-9b20c3566224.webp\" alt=\"Amber Rose Med H\u00e5r\" width=\"700\" \/><\/span><\/p>\n<p><span style=\"color: #000000;\">Amber Rose rockade utan anstr\u00e4ngning en vintageinspirerad bob, som p\u00e5minner om de ikoniska frisyrerna fr\u00e5n f\u00f6rr. Bobben k\u00e4nnetecknades av sina precisionsskurna, hakl\u00e5nga tr\u00e5dar som ramade in hennes ansikte vackert. Denna klassiska frisyr visade upp hennes tidl\u00f6sa sk\u00f6nhet och k\u00e4nsla f\u00f6r stil.<\/span><\/p>\n<h3><span style=\"color: #000000;\">L\u00e5nga fl\u00e4tor<\/span><\/h3>\n<p><span style=\"color: #000000;\"><img decoding=\"async\" src=\"https:\/\/docerp.s3.amazonaws.com\/erp\/cms\/456c2b8a-4ff2-4514-8c6a-1f8151065502.webp\" alt=\"Amber Rose Med H\u00e5r\" width=\"700\" \/><\/span><\/p>\n<p><span style=\"color: #000000;\">Amber Rose experimenterade med l\u00e5nga fl\u00e4tor, en frisyr som utstr\u00e5lade en k\u00e4nsla av kulturellt arv och individualitet. Den intrikata fl\u00e4tningstekniken visade upp hennes kreativitet och gjorde det m\u00f6jligt f\u00f6r henne att uttrycka sin personliga stil. De l\u00e5nga fl\u00e4torna gav l\u00e4ngd och textur till h\u00e5ret, vilket skapade en unik och i\u00f6gonfallande look.<\/span><\/p>\n<h3><span style=\"color: #000000;\">M\u00f6rka Bob<\/span><\/h3>\n<p><span style=\"color: #000000;\"><img decoding=\"async\" src=\"https:\/\/docerp.s3.amazonaws.com\/erp\/cms\/0d048107-e69a-4205-ad3a-93310abbb52c.webp\" alt=\"Amber Rose Med H\u00e5r\" width=\"700\" \/><\/span><\/p>\n<p><span style=\"color: #000000;\">Amber Rose tog en g\u00e5ng p\u00e5 sig en elegant och elegant m\u00f6rk bob. Frisyren hade ett skarpt, rent snitt som f\u00f6ll precis ovanf\u00f6r hennes axlar. Den m\u00f6rka nyansen tillf\u00f6rde en touch av sofistikering, medan bob sj\u00e4lv framh\u00e4vde hennes ansiktsdrag och skapade ett dj\u00e4rvt och edgy statement.<\/span><\/p>\n<h3><span style=\"color: #000000;\">Mellandel<\/span><\/h3>\n<p><span style=\"color: #000000;\"><img decoding=\"async\" src=\"https:\/\/docerp.s3.amazonaws.com\/erp\/cms\/8e17dfe4-ace4-4523-af85-f65f9fab4950.webp\" alt=\"Amber Rose Med H\u00e5r\" width=\"700\" \/><\/span><\/p>\n<p><span style=\"color: #000000;\">Med en mellanl\u00e5ng frisyr och en mittdel fick Amber Rose en balanserad och symmetrisk look. Mittdelen skapade en k\u00e4nsla av harmoni, medan medell\u00e4ngden m\u00f6jliggjorde olika stylingalternativ. Oavsett om hon valde l\u00f6sa v\u00e5gor eller raka h\u00e5rstr\u00e5n, framh\u00e4vde denna frisyr hennes ansiktsstruktur och visade upp hennes naturliga sk\u00f6nhet.<\/span><\/p>\n<h3><span style=\"color: #000000;\">L\u00e5nga lila l\u00e5s<\/span><\/h3>\n<p><span style=\"color: #000000;\"><img decoding=\"async\" src=\"https:\/\/docerp.s3.amazonaws.com\/erp\/cms\/a1b8570a-baed-4460-9c88-324adf29f64b.webp\" alt=\"Amber Rose Med H\u00e5r\" width=\"700\" \/><\/span><\/p>\n<p><span style=\"color: #000000;\">Amber Rose v\u00e5gade sig in i riket av livfulla f\u00e4rger med l\u00e5nga lila l\u00e5s. Den sl\u00e5ende lila nyansen tillf\u00f6rde ett lekfullt och v\u00e5gat element till hennes \u00f6vergripande stil. Den l\u00e5nga l\u00e4ngden p\u00e5 hennes h\u00e5r till\u00e4t f\u00e4rgen att lysa, vilket gjorde ett dj\u00e4rvt och minnesv\u00e4rt uttalande.<\/span><\/p>\n<h3><span style=\"color: #000000;\">Edgy h\u00e4stsvans<\/span><\/h3>\n<p><span style=\"color: #000000;\"><img decoding=\"async\" src=\"https:\/\/docerp.s3.amazonaws.com\/erp\/cms\/6a48af1e-8a19-46bf-92b0-cf1b199b40a3.webp\" alt=\"Amber Rose Med H\u00e5r\" width=\"700\" \/><\/span><\/p>\n<p><span style=\"color: #000000;\">F\u00f6r en elegant och edgy look drog Amber Rose tillbaka h\u00e5ret till en snygg h\u00e4stsvans. Den h\u00f6ga placeringen av h\u00e4stsvansen accentuerade hennes ansiktsdrag och skapade en k\u00e4nsla av sofistikering. Den h\u00e4r frisyren var perfekt f\u00f6r b\u00e5de tillf\u00e4lliga och formella tillf\u00e4llen och tillf\u00f6rde en touch av elegans till hennes \u00f6vergripande utseende.<\/span><\/p>\n<h3><span style=\"color: #000000;\">R\u00f6da lockar<\/span><\/h3>\n<p><span style=\"color: #000000;\"><img decoding=\"async\" src=\"https:\/\/docerp.s3.amazonaws.com\/erp\/cms\/bb577555-7f8d-4d66-8aab-4904898633c4.webp\" alt=\"Amber Rose Med H\u00e5r\" width=\"700\" \/><\/span><\/p>\n<p><span style=\"color: #000000;\">Amber Rose omfamnade sin \u00e4ventyrliga sida med ett huvud fullt av r\u00f6da lockar. Den livfulla r\u00f6da f\u00e4rgen tillf\u00f6rde en eldig och passionerad atmosf\u00e4r till hennes look. Lockarna tillf\u00f6rde volym och textur, vilket skapade en dj\u00e4rv och i\u00f6gonfallande frisyr som perfekt kompletterade hennes sj\u00e4lvs\u00e4kra personlighet.<\/span><\/p>\n<h3><span style=\"color: #000000;\">Blond Bob med lugg<\/span><\/h3>\n<p><span style=\"color: #000000;\"><img decoding=\"async\" src=\"https:\/\/docerp.s3.amazonaws.com\/erp\/cms\/e5a6ef53-98f0-4911-a609-c1f90fa43c95.webp\" alt=\"Amber Rose Med H\u00e5r\" width=\"700\" \/><\/span><\/p>\n<p><span style=\"color: #000000;\">Amber Rose rockade en chic och trendig blond bob med lugg. Bobben k\u00e4nnetecknades av sin korta l\u00e4ngd, fallande strax ovanf\u00f6r hakan, medan luggen ramade in hennes ansikte och gav en ungdomlig touch. Den blonda f\u00e4rgen tillf\u00f6rde ljushet och fr\u00e4sch\u00f6r till hennes \u00f6vergripande utseende, vilket gjorde ett elegant och moderiktigt uttalande.<\/span><\/p>\n<h2><span style=\"color: #000000;\">B\u00e4r Amber Rose peruker eller h\u00e5rsystem?<\/span><\/h2>\n<p><span style=\"color: #000000;\">Peruker \u00e4r avtagbara h\u00e5rstycken som t\u00e4cker hela h\u00e5rbotten och kan vara gjorda av syntetiskt h\u00e5r eller m\u00e4nniskoh\u00e5r. De finns i olika stilar, f\u00e4rger och l\u00e4ngder, vilket ger o\u00e4ndliga m\u00f6jligheter n\u00e4r det g\u00e4ller personligt uttryck.<\/span><\/p>\n<p><span style=\"color: #000000;\">N\u00e4r det kommer till Amber Rose har modellen och f\u00f6rfattaren varit k\u00e4nda f\u00f6r att ibland kliva ut med olika peruker. Medan hon har setts b\u00e4ra svarta peruker vid vissa tillf\u00e4llen, tenderar hon f\u00f6r det mesta att dras mot peruker i blonda nyanser.<\/span><\/p>\n<p><span style=\"color: #000000;\">Peruker och h\u00e5rsystem ger Amber Rose friheten att byta upp sin frisyr utan att f\u00f6rbinda sig till en permanent f\u00f6r\u00e4ndring. De till\u00e5ter henne att enkelt \u00f6verg\u00e5 fr\u00e5n en stil till en annan, vilket ger henne m\u00f6jlighet att uttrycka sig kreativt.<\/span><\/p>\n<h2><span style=\"color: #000000;\">Where to Buy Wigs Like Amber Rose&#8217;s Hair?<\/span><\/h2>\n<p><span style=\"color: #000000;\">If you&#8217;re inspired by Amber Rose&#8217;s ever-changing hairstyles and want to try out different looks yourself, you might be wondering where to find wigs like the ones she wears. Look no further than the <span style=\"color: #ff0000;\"><a style=\"color: #ff0000;\" href=\"https:\/\/rehairsystem.com\/\" target=\"_blank\" rel=\"noopener\"><strong>Rehairsystem<\/strong><\/a><\/span> hemsida. Denna online-tup\u00e9-\u00e5terf\u00f6rs\u00e4ljare erbjuder ett brett utbud av h\u00f6gkvalitativa peruker som kan hj\u00e4lpa dig att uppn\u00e5 samma niv\u00e5 av stil och glamour som Amber Rose.<\/span><\/p>\n<p><span style=\"color: #000000;\">In our hairpiece store, you&#8217;ll find an extensive collection of wigs in various lengths, colors, and styles. Whether you&#8217;re looking for a sleek and straight bob, a voluminous curly mane, or a bold and vibrant colored wig, we have it all. All of our hair systems are made from premium synthetic fibers or human hair, ensuring a natural and realistic appearance.<\/span><\/p>\n\n\n<h2 class=\"wp-block-heading has-contrast-color has-text-color\">Vanliga fr\u00e5gor<\/h2>\n\n\n<div id=\"rank-math-faq\" class=\"rank-math-block\">\n<div class=\"rank-math-list\">\n<div id=\"faq-question-1689238549916\" class=\"rank-math-list-item\">\n<h3 class=\"rank-math-question\">Har Amber Rose n\u00e5gonsin haft h\u00e5r?<\/h3>\n<div class=\"rank-math-answer\">\n\n<p>Ja, innan Amber Rose gick \u00f6ver till sin karakt\u00e4ristiska korth\u00e5rslook hade hon l\u00e4ngre h\u00e5r.<\/p>\n\n<\/div>\n<\/div>\n<div id=\"faq-question-1689238556306\" class=\"rank-math-list-item\">\n<h3 class=\"rank-math-question\">N\u00e4r rakade Amber Rose sitt huvud f\u00f6r f\u00f6rsta g\u00e5ngen?<\/h3>\n<div class=\"rank-math-answer\">\n\n<p>Amber Rose rakade sitt huvud f\u00f6rst n\u00e4r hon var 19. Detta dj\u00e4rva drag blev ett avg\u00f6rande \u00f6gonblick i hennes image och stil.<\/p>\n\n<\/div>\n<\/div>\n<div id=\"faq-question-1689238577593\" class=\"rank-math-list-item\">\n<h3 class=\"rank-math-question\">Hur gammal \u00e4r Amber Rose?<\/h3>\n<div class=\"rank-math-answer\">\n\n<p>Amber Rose f\u00f6ddes den 21 oktober 1983. D\u00e4rf\u00f6r skulle hon vara runt 38 \u00e5r gammal.<\/p>\n\n<\/div>\n<\/div>\n<div id=\"faq-question-1689238592218\" class=\"rank-math-list-item\">\n<h3 class=\"rank-math-question\">Har Amber Rose en son?<\/h3>\n<div class=\"rank-math-answer\">\n\n<p>Ja, Amber Rose har en son.<\/p>\n\n<\/div>\n<\/div>\n<\/div>\n<\/div>\n\n\n<h2 class=\"wp-block-heading has-contrast-color has-text-color\">Slutsats<\/h2>\n\n\n\n<p class=\"has-contrast-color has-text-color\">As fans continue to marvel at Amber Rose&#8217;s stunning new appearance, one thing remains certain\u2014she continues to captivate and inspire with her fearless approach to self-expression. Whether it&#8217;s her signature buzz cut or her unexpected long tresses, Amber Rose&#8217;s ability to surprise and leave us in awe serves as a reminder that beauty knows no boundaries.<\/p>","protected":false},"excerpt":{"rendered":"<p>Amber Rose, the bold and iconic celebrity known for her signature buzz cut, has recently stunned fans and critics alike with a surprising transformation. Gone &#8230; <a title=\"Amber Rose With Hair: Hennes nya l\u00e5nga lockar \u00f6verraskar alla!\" class=\"read-more\" href=\"https:\/\/blog.rehairsystem.com\/sv\/barnsten-rosa-med-har-henne-nya-lang-tressen\/\" aria-label=\"Mer p\u00e5 Amber Rose With Hair: Her New Long Tresses Surprise All!\">L\u00e4s mer<\/a><\/p>","protected":false},"author":2,"featured_media":6816,"comment_status":"closed","ping_status":"closed","sticky":false,"template":"","format":"standard","meta":[],"categories":[1],"tags":[217],"_links":{"self":[{"href":"https:\/\/blog.rehairsystem.com\/sv\/wp-json\/wp\/v2\/posts\/6738"}],"collection":[{"href":"https:\/\/blog.rehairsystem.com\/sv\/wp-json\/wp\/v2\/posts"}],"about":[{"href":"https:\/\/blog.rehairsystem.com\/sv\/wp-json\/wp\/v2\/types\/post"}],"author":[{"embeddable":true,"href":"https:\/\/blog.rehairsystem.com\/sv\/wp-json\/wp\/v2\/users\/2"}],"replies":[{"embeddable":true,"href":"https:\/\/blog.rehairsystem.com\/sv\/wp-json\/wp\/v2\/comments?post=6738"}],"version-history":[{"count":7,"href":"https:\/\/blog.rehairsystem.com\/sv\/wp-json\/wp\/v2\/posts\/6738\/revisions"}],"predecessor-version":[{"id":7944,"href":"https:\/\/blog.rehairsystem.com\/sv\/wp-json\/wp\/v2\/posts\/6738\/revisions\/7944"}],"wp:featuredmedia":[{"embeddable":true,"href":"https:\/\/blog.rehairsystem.com\/sv\/wp-json\/wp\/v2\/media\/6816"}],"wp:attachment":[{"href":"https:\/\/blog.rehairsystem.com\/sv\/wp-json\/wp\/v2\/media?parent=6738"}],"wp:term":[{"taxonomy":"category","embeddable":true,"href":"https:\/\/blog.rehairsystem.com\/sv\/wp-json\/wp\/v2\/categories?post=6738"},{"taxonomy":"post_tag","embeddable":true,"href":"https:\/\/blog.rehairsystem.com\/sv\/wp-json\/wp\/v2\/tags?post=6738"}],"curies":[{"name":"wp","href":"https:\/\/api.w.org\/{rel}","templated":true}]}}