{"id":7501,"date":"2023-08-01T07:50:14","date_gmt":"2023-08-01T07:50:14","guid":{"rendered":"https:\/\/blog.rehairsystem.com\/?p=7501"},"modified":"2023-08-01T07:50:56","modified_gmt":"2023-08-01T07:50:56","slug":"anthony-carrigan-joins-dc-universe-with-his-balding","status":"publish","type":"post","link":"https:\/\/blog.rehairsystem.com\/sv\/anthony-carrigan-ansluter-dc-universum-med-sin-skallighet\/","title":{"rendered":"Anthony Carrigan kliver in i DC-universum med sin skalliga blick"},"content":{"rendered":"<p><span style=\"color: #000000;\">Anthony Carrigan, the breakout star from the hit series \u201cBarry,\u201d is going to step into the DC Universe with his signature balding look. Here, we will discuss Anthony Carrigan&#8217;s journey into the DC Universe and unveil his hair transformation, how he copes with hair loss, and the impact of his iconic bald look on his acting career.<\/span><\/p>\n<h2><span style=\"color: #000000;\">Barry Breakout Star Anthony Carrigan Joins &#8216;Superman: Legacy&#8217;<\/span><\/h2>\n<p><span style=\"color: #000000;\"><img decoding=\"async\" src=\"https:\/\/docerp.s3.amazonaws.com\/erp\/cms\/086b86dd-139f-49b1-a149-ee984f7d54a1.webp\" alt=\"Anthony Carrigan med h\u00e5r\" width=\"700\"><\/span><\/p>\n<p><span style=\"color: #000000;\">Anthony Carrigan, the breakout star from the hit series \u201cBarry,\u201d has joined the cast of &#8216;Superman: Legacy,&#8217; a highly anticipated new addition to the DC Universe. Carrigan, known for his fan-favorite role as NoHo Hank in \u201cBarry,\u201d has earned praise and multiple award nominations for his outstanding performances. In addition to his television success, Carrigan has also appeared in notable films alongside Kevin Hart, Keanu Reeves, and Alex Winter.<\/span><\/p>\n<p><span style=\"color: #000000;\">In &#8216;Superman: Legacy,&#8217; Carrigan will portray the classic DC character Metamorpho, also known as Rex Mason, an archeologist-turned-hero. As someone who has alopecia, Carrigan finds a personal connection with the character, as both have struggled with their appearances and have come to embrace their unique qualities.<\/span><\/p>\n<p><span style=\"color: #000000;\">This exciting casting is set to launch DC&#8217;s new universe under the direction of filmmaker James Gunn and his partner Peter Safran. The film is expected to be released on July 11, 2025, with production scheduled to commence early next year.<\/span><\/p>\n<h2><span style=\"color: #000000;\">Anthony Carrigan&#8217;s Hair Transformation<\/span><\/h2>\n<p><span style=\"color: #000000;\">Anthony Carrigan&#8217;s hair transformation has been a gradual process throughout his career. Over the years, audiences have witnessed his hairline recede, leading to his now-iconic bald look. Rather than viewing his hair loss as a hindrance, Carrigan has chosen to embrace his changing appearance. He has openly discussed his journey with hair loss and the impact it has had on his self-esteem. <\/span><\/p>\n<p><span style=\"color: #000000;\">Carrigan&#8217;s transparency and positive attitude have inspired many fans facing similar challenges, promoting self-acceptance and confidence in the face of adversity. His distinctive bald look has become an integral part of his identity as an actor, empowering him to challenge societal norms and redefine beauty standards in the industry.<\/span><\/p>\n<p><span style=\"color: #000000;\"><span style=\"color: #ff0000;\"><strong>L\u00e4s mer<\/strong><\/span>:&nbsp;<span style=\"color: #333333;\"><strong><a style=\"color: #333333;\" href=\"https:\/\/blog.rehairsystem.com\/sv\/med-har-till-skallig-anthony-carrigan-alopeci-resa\/\" target=\"_blank\" rel=\"noopener\"><em><span style=\"text-decoration: underline;\">Bilder p\u00e5 Anthony Carrigan med h\u00e5r<\/span><\/em><\/a><\/strong><\/span><\/span><\/p>\n<h2><span style=\"color: #000000;\">Hur klarar Anthony Carrigan h\u00e5ravfall?<\/span><\/h2>\n<p><span style=\"color: #000000;\">Anthony Carrigan har \u00f6ppet delat med sig av sin erfarenhet och resa f\u00f6r att hantera h\u00e5ravfall. Ist\u00e4llet f\u00f6r att l\u00e5ta det p\u00e5verka hans sj\u00e4lvk\u00e4nsla negativt, har Carrigan best\u00e4mt sig f\u00f6r att omfamna sitt f\u00f6r\u00e4nderliga utseende. Han har ber\u00e4ttat om hur han f\u00f6rst k\u00e4mpade med hur han s\u00e5g ut n\u00e4r hans h\u00e5r b\u00f6rjade falla av. Men med tiden l\u00e4rde han sig att se det som en v\u00e4lsignelse snarare \u00e4n en f\u00f6rbannelse.<\/span><\/p>\n<p><span style=\"color: #000000;\">Carrigan turned his unique appearance into a source of strength and confidence, viewing it as something that sets him apart and makes him stand out in the industry. His positive attitude and self-acceptance have become an inspiration to many others facing similar challenges. Carrigan&#8217;s approach to coping with hair loss serves as a testament to his resilience and ability to find beauty and confidence in one&#8217;s own uniqueness.<\/span><\/p>\n<h2><span style=\"color: #000000;\">Anthony Carrigan&#8217;s Iconic Bald Look<\/span><\/h2>\n<p><span style=\"color: #000000;\">Carrigan&#8217;s bald look has become an integral part of his on-screen persona, contributing to the memorable and distinctive characters he portrays. It has allowed him to bring a unique physical presence and charisma to his roles, capturing the attention of audiences worldwide. In doing so, Carrigan has demonstrated that true beauty extends far beyond external attributes, urging society to redefine its perception of attractiveness and appreciate the diversity of appearances.<\/span><\/p>\n<h3><span style=\"color: #000000;\">Hur p\u00e5verkade hans kala utseende hans sk\u00e5despelarkarri\u00e4r?<\/span><\/h3>\n<p><span style=\"color: #000000;\">Anthony Carrigan&#8217;s iconic bald look has, in fact, enhanced rather than hindered his acting career. His distinctive appearance and remarkable talent have allowed him to stand out in auditions and portray a range of unique and memorable characters. Directors and casting agents recognize Carrigan&#8217;s ability to bring depth and complexity to his roles, beyond mere physical appearance.<\/span><\/p>\n<h2><span style=\"color: #000000;\">B\u00f6r Anthony Carrigan g\u00f6ra en h\u00e5rtransplantation?<\/span><\/h2>\n<p><span style=\"color: #000000;\">Beslutet att genomg\u00e5 en h\u00e5rtransplantation \u00e4r ett personligt beslut, och det beror i slut\u00e4ndan p\u00e5 individuella preferenser och omst\u00e4ndigheter. Medan vissa sk\u00e5despelare kan v\u00e4lja att \u00e5terst\u00e4lla sitt h\u00e5rf\u00e4ste genom kirurgiska ingrepp, har Anthony Carrigan omfamnat sin kala look, som har blivit en symbol f\u00f6r hans unika och \u00e4kta karakt\u00e4r som artist. Det \u00e4r ett bevis p\u00e5 hans orubbliga sj\u00e4lvf\u00f6rtroende och v\u00e4gran att anpassa sig till samh\u00e4llets sk\u00f6nhetsnormer.<\/span><\/p>\n<h2><span style=\"color: #000000;\">Vad h\u00e4nder om Anthony Carrigan b\u00e4r ett h\u00e5rsystem?<\/span><\/h2>\n<p><span style=\"color: #000000;\">Ett h\u00e5rsystem \u00e4r en icke-kirurgisk h\u00e5rl\u00f6sning som vanligtvis involverar anv\u00e4ndning av en specialdesignad peruk eller h\u00e5rstycke f\u00f6r att t\u00e4cka omr\u00e5den med h\u00e5ravfall eller h\u00e5ravfall. Det ger individer utseendet av ett fullt h\u00e5r och kan anpassas f\u00f6r att matcha deras h\u00e5rf\u00e4rg, struktur och stil. H\u00e5rsystem anv\u00e4nds ofta av de som upplever h\u00e5ravfall p\u00e5 grund av olika faktorer som \u00e5lder, genetik, medicinska tillst\u00e5nd eller behandlingar som kemoterapi.<\/span><\/p>\n<p><span style=\"color: #000000;\">Att b\u00e4ra ett h\u00e5rsystem \u00e4r dessutom ett g\u00e5ngbart alternativ f\u00f6r dem som vill ha ett annat utseende, och Anthony Carrigan har ocks\u00e5 ett alternativ f\u00f6r det. Att b\u00e4ra ett h\u00e5rsystem kan verkligen erbjuda en individ m\u00f6jligheten att utforska olika utseenden och potentiellt ut\u00f6ka utbudet av sina sk\u00e5despelarroller. Det kan ge Carrigan m\u00f6jligheten att experimentera med olika roller och genrer, vilket g\u00f6r att han kan visa upp sin m\u00e5ngsidighet som sk\u00e5despelare ytterligare. Att b\u00e4ra h\u00e5rsystemet kan fr\u00e4mja den fortsatta utvecklingen av hans sk\u00e5despelarkarri\u00e4r.<\/span><\/p>\n<h2><span style=\"color: #000000;\">Var kan man k\u00f6pa h\u00e5rsystem i EU och USA?<\/span><\/h2>\n<p><span style=\"color: #000000;\"><img decoding=\"async\" src=\"https:\/\/docerp.s3.amazonaws.com\/erp\/cms\/3255e04e-606c-4801-b82a-8aada2c6e3e7.webp\" alt=\"Anthony Carrigan med h\u00e5r\" width=\"700\"><\/span><\/p>\n<p><span style=\"color: #000000;\">Om du upplever skallighet eller h\u00e5ravfall kan du \u00f6verv\u00e4ga att k\u00f6pa ett h\u00e5rsystem fr\u00e5n v\u00e5r <span style=\"color: #333333;\"><em><strong>Rehairsystem.com<\/strong><\/em><\/span>. V\u00e5r tup\u00e9butik \u00e4r specialiserad p\u00e5 att tillhandah\u00e5lla <span style=\"color: #ff0000;\"><a style=\"color: #ff0000;\" href=\"https:\/\/rehairsystem.com\/\" target=\"_blank\" rel=\"noopener\"><strong>h\u00f6gkvalitativa h\u00e5rers\u00e4ttningssystem<\/strong><\/a><\/span>, och vi erbjuder \u00e4ven anpassade tj\u00e4nster f\u00f6r att tillgodose dina specifika behov. Oavsett om du vill ha ett naturligt h\u00e5rf\u00e4ste, en speciell frisyr eller en perfekt passform, \u00e4r v\u00e5rt team dedikerade till att s\u00e4kerst\u00e4lla din tillfredsst\u00e4llelse.<\/span><\/p>\n<p><span style=\"color: #000000;\">Genom att v\u00e4lja v\u00e5r skr\u00e4ddarsydda service kan du f\u00e5 ett h\u00e5rsystem som \u00e4r skr\u00e4ddarsytt efter dina preferenser, vilket g\u00f6r att du kan \u00e5terf\u00e5 sj\u00e4lvf\u00f6rtroendet och uppn\u00e5 \u00f6nskat utseende. V\u00e5rt m\u00e5l \u00e4r att ge dig en bekv\u00e4m och s\u00f6ml\u00f6s l\u00f6sning f\u00f6r att hantera dina problem med h\u00e5ravfall.<\/span><\/p>\n<p><span style=\"color: #000000;\">Dessutom st\u00f6der vi frakt till hela v\u00e4rlden, oavsett om du befinner dig i Europa, Asien eller Nordamerika kan vi skicka med s\u00e4kra och snabba transport\u00f6rer.<\/span><\/p>\n<h2><span style=\"color: #000000;\">Slutsats<\/span><\/h2>\n<p><span style=\"color: #000000;\">Anthony Carrigan&#8217;s journey into the DC Universe with his balding look is a testament to his talent and fearlessness as an actor. Embracing his appearance, Carrigan has become an inspiration for many facing similar challenges. His iconic bald look has not only propelled his acting career but also redefined beauty standards in the industry.<\/span><\/p>","protected":false},"excerpt":{"rendered":"<p>Anthony Carrigan, the breakout star from the hit series \u201cBarry,\u201d is going to step into the DC Universe with his signature balding look. Here, we &#8230; <a title=\"Anthony Carrigan kliver in i DC-universum med sin skalliga blick\" class=\"read-more\" href=\"https:\/\/blog.rehairsystem.com\/sv\/anthony-carrigan-ansluter-dc-universum-med-sin-skallighet\/\" aria-label=\"Mer p\u00e5 Anthony Carrigan Steps Into DC Universe With His Balding Look\">L\u00e4s mer<\/a><\/p>","protected":false},"author":2,"featured_media":7502,"comment_status":"closed","ping_status":"closed","sticky":false,"template":"","format":"standard","meta":[],"categories":[225],"tags":[271],"_links":{"self":[{"href":"https:\/\/blog.rehairsystem.com\/sv\/wp-json\/wp\/v2\/posts\/7501"}],"collection":[{"href":"https:\/\/blog.rehairsystem.com\/sv\/wp-json\/wp\/v2\/posts"}],"about":[{"href":"https:\/\/blog.rehairsystem.com\/sv\/wp-json\/wp\/v2\/types\/post"}],"author":[{"embeddable":true,"href":"https:\/\/blog.rehairsystem.com\/sv\/wp-json\/wp\/v2\/users\/2"}],"replies":[{"embeddable":true,"href":"https:\/\/blog.rehairsystem.com\/sv\/wp-json\/wp\/v2\/comments?post=7501"}],"version-history":[{"count":1,"href":"https:\/\/blog.rehairsystem.com\/sv\/wp-json\/wp\/v2\/posts\/7501\/revisions"}],"predecessor-version":[{"id":7503,"href":"https:\/\/blog.rehairsystem.com\/sv\/wp-json\/wp\/v2\/posts\/7501\/revisions\/7503"}],"wp:featuredmedia":[{"embeddable":true,"href":"https:\/\/blog.rehairsystem.com\/sv\/wp-json\/wp\/v2\/media\/7502"}],"wp:attachment":[{"href":"https:\/\/blog.rehairsystem.com\/sv\/wp-json\/wp\/v2\/media?parent=7501"}],"wp:term":[{"taxonomy":"category","embeddable":true,"href":"https:\/\/blog.rehairsystem.com\/sv\/wp-json\/wp\/v2\/categories?post=7501"},{"taxonomy":"post_tag","embeddable":true,"href":"https:\/\/blog.rehairsystem.com\/sv\/wp-json\/wp\/v2\/tags?post=7501"}],"curies":[{"name":"wp","href":"https:\/\/api.w.org\/{rel}","templated":true}]}}