{"id":8192,"date":"2023-08-16T10:43:13","date_gmt":"2023-08-16T10:43:13","guid":{"rendered":"https:\/\/blog.rehairsystem.com\/?p=8192"},"modified":"2023-09-06T02:15:17","modified_gmt":"2023-09-06T02:15:17","slug":"whats-wrong-with-morgan-wallen-hair","status":"publish","type":"post","link":"https:\/\/blog.rehairsystem.com\/sv\/vad-ar-fel-med-morgan-wallen-har\/","title":{"rendered":"Vad \u00e4r det f\u00f6r fel p\u00e5 Morgan Wallens h\u00e5r? Hans Mullet blir dikad"},"content":{"rendered":"<p><span style=\"color: #000000;\">N\u00e4r Morgan Wallen g\u00e5r in p\u00e5 scenen f\u00f6r sin fortsatta &quot;One Night At A Time World Tour&quot; brinner Internet med sin nya frisyr. Konstn\u00e4ren \u00e4ndrar sin frisyr precis n\u00e4r hans mullebeundrare b\u00f6rjar v\u00e4nja sig vid det. Wallens kala utseende har inte f\u00e5tt mycket bra feedback fr\u00e5n fansen.<\/span><\/p>\n<h2><span style=\"color: #000000;\">Countrystj\u00e4rnan Morgan Wallen<\/span><\/h2>\n<p><span style=\"color: #000000;\">Countrystj\u00e4rnan Morgan Wallen \u00e4r f\u00f6r n\u00e4rvarande uppslukad av sin One Night At A Time World Tour, som han tillk\u00e4nnagav i december 2022. Med start den 15 mars 2023 startade turn\u00e9n med framtr\u00e4danden i Nya Zeeland och Australien innan den tog sig till USA .<\/span><\/p>\n<p><span style=\"color: #000000;\">Despite suggestions to take a break, Wallen&#8217;s passion for music drove him to continue writing and creating new songs. The ongoing tour is set to conclude on October 7 of this year. Throughout his career, Wallen has released three albums, four EPs, and a total of 13 singles.<\/span><\/p>\n<p><span style=\"color: #000000;\">Before pursuing music, Wallen&#8217;s heart was set on baseball, where he excelled as a pitcher at Gibbs High School in Tennessee. After suffering an elbow injury in his senior year, he decided to focus on music instead, joining other well-known graduates from his school including Kenny Chesney, Trevor Bayne, and Ashley Monroe.<\/span><\/p>\n<h2><span style=\"color: #000000;\">What&#8217;s Wrong With Morgan Wallen&#8217;s Hair?<\/span><\/h2>\n<p><span style=\"color: #000000;\"><img decoding=\"async\" src=\"https:\/\/docerp.s3.amazonaws.com\/erp\/cms\/dd460428-f004-4e8d-87f5-5df872aa26b7.webp\" alt=\"morgan wallen h\u00e5r\" width=\"700\" \/><\/span><\/p>\n<p><span style=\"color: #000000;\">F\u00f6rra veckan i musikbranschen skedde en sp\u00e4nnande f\u00f6r\u00e4ndring med <a href=\"https:\/\/blog.rehairsystem.com\/sv\/vad-ar-fel-med-morgan-wallen-har\/\" target=\"_blank\" rel=\"noopener\"><span style=\"color: #ff0000;\"><strong>Morgan Wallen&#8217;s hair<\/strong><\/span><\/a>. Den ber\u00f6mda s\u00e5ngaren valde en nystart och \u00f6verraskade alla genom att raka av sig huvudet. Under sitt framtr\u00e4dande i Columbus, Ohio p\u00e5 fredagskv\u00e4llen, visade Wallen upp sin nya look, och tog bort inte bara sin karakt\u00e4ristiska mulle utan ocks\u00e5 hans ansiktsh\u00e5r. Han verkar nu n\u00e4stan oigenk\u00e4nnlig, \u00e4ven om hans omissk\u00e4nnliga r\u00f6st f\u00f6rblir intakt.<\/span><\/p>\n<h3><span style=\"color: #000000;\">Han rakar av den ikoniska multen och mustaschen<\/span><\/h3>\n<p><iframe loading=\"lazy\" src=\"\/\/www.youtube.com\/embed\/Cd-PjW2ifmk\" width=\"560\" height=\"314\" allowfullscreen=\"allowfullscreen\"><\/iframe><\/p>\n<p><span style=\"color: #000000;\">In a surprising turn of events, Morgan Wallen bid farewell to his iconic mullet and mustache, leaving fans in awe. The singer&#8217;s charismatic persona took a new direction as he unveiled a cleanly shaved head during a recent performance.<\/span><\/p>\n<p><span style=\"color: #000000;\">The Schottenstein Center&#8217;s official Instagram account shared compelling video footage, capturing Wallen&#8217;s striking hair metamorphosis. Concealed beneath a baseball cap, the artist unveiled a buzzcut that starkly contrasted with his well-known mullet. Now, Wallen seems to be patiently waiting for his hair to grow as he contemplates his next hairstyle choice.<\/span><\/p>\n<h3><span style=\"color: #000000;\">Varf\u00f6r klipper han sitt l\u00e5nga h\u00e5r?<\/span><\/h3>\n<p><span style=\"color: #000000;\">In fan-captured footage shared on TikTok, Wallen interrupted the show to explain his choice, stating that he no longer liked his long hair and decided to shave it off. The crowd&#8217;s response was mixed, with a combination of cheers and boos. For years, Wallen had been recognized for his mullet hairstyle, but now he has officially bid farewell to the mullet.<\/span><\/p>\n<p><span style=\"color: #000000;\">Wallen was still sporting his mullet in a press release photo from the day before that announced his collaboration with Major League Baseball, so it&#8217;s unclear exactly when he underwent the transition. Whatever the case, Wallen appears to have adopted a new buzzcut style, suggesting a change from his prior famous appearance.<\/span><\/p>\n<h2><span style=\"color: #000000;\">The Story of Morgan Wallen&#8217;s Mullet Hair<\/span><\/h2>\n<p><span style=\"color: #000000;\">In an interview with People in October 2019, Morgan Wallen revealed the tale of how his signature mullet hairdo came to be. He said that he&#8217;d had the mullet for almost a year at that point and that he wanted to keep it. Wallen made the decision to give the mullet a go after being inspired by his father, who wore one at the same age. He spotted images of his father sporting a mullet during his wedding while visiting his parents and browsing through old photo albums, and he said to himself, \u201cIf Dad could do it, I will do it.\u201d<\/span><\/p>\n<p><span style=\"color: #000000;\">Wallen&#8217;s record label and management team were at first unenthusiastic about his mullet, but with time they came to accept it as an integral part of his brand. Wallen found it fascinating and surprised that people would turn up to his shows with short flannels and mullets as a result of his hairstyle&#8217;s unexpected success. While he was unsure of how long he would keep the hairstyle, he stated how much fun he was having with it.<\/span><\/p>\n<p><span style=\"color: #ff0000;\"><strong>L\u00e4s mer<\/strong><\/span><span style=\"color: #000000;\">: <span style=\"color: #333333;\"><em><strong><a style=\"color: #333333;\" href=\"https:\/\/blog.rehairsystem.com\/sv\/15-coolaste-skallig-mullet-frisyr\/\" target=\"_blank\" rel=\"noopener\">What&#8217;s Bald Mullet Haircut<\/a>?<\/strong><\/em><\/span><\/span><\/p>\n<h2><span style=\"color: #000000;\">Morgan Wallens h\u00e5rutveckling<\/span><\/h2>\n<p><span style=\"color: #000000;\">Morgan Wallen&#8217;s hair evolution has been an intriguing journey for his fans. Before he embraced the mullet, Wallen rocked a shorter hairstyle that was beloved by many. Although his short hair garnered attention and admiration, it was his decision to switch things up with a mullet that truly made waves. The mullet quickly became one of his most iconic hairstyles, gaining widespread popularity among his fanbase. <\/span><\/p>\n<p><span style=\"color: #000000;\">Despite his ventures into different styles, it is undeniable that the mullet has left a lasting impression on both fans and the wider public, solidifying its status as one of Wallen&#8217;s most memorable and popular hair choices!<\/span><\/p>\n<h2><span style=\"color: #000000;\">Morgan Wallen&#8217;s New Haircut: A Bald Look<\/span><\/h2>\n<p><span style=\"color: #000000;\"><img decoding=\"async\" src=\"https:\/\/docerp.s3.amazonaws.com\/erp\/cms\/028744c3-2466-40f1-aae3-0417e2c7444e.webp\" alt=\"morgan wallen h\u00e5r\" width=\"700\" \/><\/span><\/p>\n<p><span style=\"color: #000000;\">Country star Morgan Wallen debuted a bold new look as he stepped out with a completely shaved head and upper lip, which he covered with a vibrant red baseball cap. However, not all of his fans were thrilled with his decision, with one concertgoer expressing disappointment over the loss of Wallen&#8217;s iconic mullet hairstyle.<\/span><\/p>\n<p><span style=\"color: #000000;\">Trots de blandade reaktionerna har Wallen \u00e4nnu inte delat ett foto p\u00e5 sin nya kala look p\u00e5 Instagram. Denna f\u00f6rvandling kommer efter att Wallen tidigare i \u00e5r drabbades av st\u00e4mbandstrauma, vilket fick honom att skjuta upp sin One Night at a Time-turn\u00e9. Men efter att ha f\u00e5tt medicinskt tillst\u00e5nd i juni meddelade Wallen glatt att han \u00e5terv\u00e4nde till scenen, redo att underh\u00e5lla sina fans igen.<\/span><\/p>\n<h3><span style=\"color: #000000;\">Hur reagerar fansen p\u00e5 hans rakade huvud?<\/span><\/h3>\n<p><span style=\"color: #000000;\">Fans had a mixed response to Morgan Wallen&#8217;s decision to shave his head, but the majority of reactions were positive about the change. In a video shared by the venue, one fan expressed their confidence in Wallen&#8217;s ability to pull off any look, stating, \u201cI think he can rock anything.\u201d However, some fans expressed nostalgia for his previous mullet hairstyle, with one person wishing he had kept it for a little longer.<\/span><\/p>\n<p><span style=\"color: #000000;\">On social media platform X (formerly known as Twitter), users shared their thoughts, with one fan needing time to process the change and another expressing heartbreak at the loss of the mullet. Nonetheless, there were also fans who found Wallen&#8217;s fresh cut appealing and assured him that he remained sexy. In response to the fans&#8217; reaction, Wallen jokingly acknowledged the assumption that he would be clean-shaven indefinitely.<\/span><\/p>\n<h2><span style=\"color: #000000;\">Guide to Replicate the Morgan Wallen&#8217;s Hair<\/span><\/h2>\n<p><span style=\"color: #000000;\"><strong>If you&#8217;re looking to replicate Morgan Wallen&#8217;s iconic mullet, follow this guide:<\/strong><\/span><\/p>\n<ol>\n<li><span style=\"color: #000000;\"><span style=\"text-decoration: underline;\"><em>V\u00e4x ut ditt h\u00e5r<\/em><\/span>: Start by allowing your hair to grow out to a medium to long length. Morgan Wallen&#8217;s signature look was characterized by a mullet, which featured shorter hair on the top and sides, with longer hair at the back.<\/span><\/li>\n<li><span style=\"color: #000000;\"><em><span style=\"text-decoration: underline;\">F\u00e5 r\u00e4tt snitt<\/span><\/em>: N\u00e4r ditt h\u00e5r har n\u00e5tt \u00f6nskad l\u00e4ngd, bes\u00f6k en professionell fris\u00f6r som kan hj\u00e4lpa dig att uppn\u00e5 den specifika klippningen.<\/span><\/li>\n<li><span style=\"color: #000000;\"><em><span style=\"text-decoration: underline;\">Beh\u00e5ll l\u00e4ngden<\/span><\/em>: F\u00f6r att beh\u00e5lla mulletstilen, trimma regelbundet toppen och sidorna f\u00f6r att h\u00e5lla dem kortare, samtidigt som ryggen f\u00e5r forts\u00e4tta v\u00e4xa ut.<\/span><\/li>\n<li><span style=\"color: #000000;\"><em><span style=\"text-decoration: underline;\">Textur och styling<\/span><\/em>: To achieve Wallen&#8217;s textured and slightly messy look, use a texturizing product such as sea salt spray or styling wax.<\/span><\/li>\n<li><span style=\"color: #000000;\"><em><span style=\"text-decoration: underline;\">Omfamna robustheten<\/span><\/em>: Morgan Wallen&#8217;s hairstyle often had a rugged and effortless vibe. Allow your hair to have some natural movement and tousled texture.<\/span><\/li>\n<\/ol>\n<p><span style=\"color: #000000;\"><strong>If you&#8217;re not sure whether is Morgan Wallen&#8217;s hair suitable, you can try <a href=\"https:\/\/rehairsystem.com\/collections\/mens-hairpieces\" target=\"_blank\" rel=\"noopener\"><span style=\"color: #ff0000;\">tup\u00e9er<\/span><\/a>!<\/strong><\/span><\/p>\n<p><span style=\"color: #000000;\"><img decoding=\"async\" src=\"https:\/\/docerp.s3.amazonaws.com\/erp\/cms\/02547a2d-db88-45a4-8e3a-ad66840b061c.webp\" alt=\"morgan wallen h\u00e5r  \" width=\"700\" \/><\/span><\/p>\n<p><span style=\"color: #000000;\">Maybe you admire Morgan Wallen&#8217;s mullet hairstyle but aren&#8217;t quite ready to commit to a haircut, there&#8217;s still hope. One way to achieve this is by using a toupee or hairpiece that mimics his distinct mullet style.<\/span><\/p>\n<p><span style=\"color: #000000;\"><strong>F\u00f6rdelarna med att b\u00e4ra tup\u00e9er:<\/strong><\/span><\/p>\n<ol>\n<li><span style=\"color: #000000;\">F\u00f6r det f\u00f6rsta ger det en omedelbar f\u00f6rvandling, vilket g\u00f6r att du kan sporta den \u00f6nskade frisyren utan att v\u00e4nta p\u00e5 att ditt h\u00e5r ska v\u00e4xa ut.<\/span><\/li>\n<li><span style=\"color: #000000;\">Med en tup\u00e9 kan du utan anstr\u00e4ngning uppn\u00e5 samma estetik som Wallen, oavsett din naturliga h\u00e5rtyp eller textur.<\/span><\/li>\n<li><span style=\"color: #000000;\">Another advantage of wearing a toupee is the ability to experiment with different styles and looks. If you&#8217;re not sure whether the mullet suits you, trying it out with a toupee allows you to test the waters before committing to a permanent change.<\/span><\/li>\n<li><span style=\"color: #000000;\">Dessutom finns tup\u00e9er i olika f\u00e4rger och l\u00e4ngder, vilket ger dig flexibiliteten att anpassa multen efter dina preferenser och ansiktsform.<\/span><\/li>\n<\/ol>\n<h3><span style=\"color: #000000;\">Buy Morgan Wallen&#8217;s mullet toupee from Rehaisystem.com<\/span><\/h3>\n<p><span style=\"color: #000000;\">For those interested in obtaining a toupee to replicate Morgan Wallen&#8217;s haircut, <span style=\"color: #333333; background-color: #ffff00;\"><em><strong>Rehairsystem.com<\/strong><\/em><\/span> is a reliable option. Rehairsystem offers high-quality toupees that closely resemble Wallen&#8217;s mullet, ensuring a realistic and natural appearance. With our extensive selection, you can find the perfect match for your hair color and texture. Moreover, we provide worldwide shipping, so no matter where you&#8217;re located \u2013 be it the UK, Canada, Australia, or beyond \u2013 you can easily get your hands on the toupee of your choice.<\/span><\/p>\n<p><span style=\"color: #000000;\">To sum up, distinctive mullet hairstyle but don&#8217;t want to commit to cutting your own hair, a toupee is a perfect solution. Not only does it offer instant transformation and versatility, but it also allows you to experiment with different styles. By choosing Rehairsystem.com as your trusted source for toupees, you can recreate Wallen&#8217;s iconic look. Embrace your inner country music star and rock the mullet with confidence!<\/span><\/p>\n\n\n<h2 class=\"wp-block-heading has-contrast-color has-text-color\">Vanliga fr\u00e5gor<\/h2>\n\n\n<div id=\"rank-math-faq\" class=\"rank-math-block\">\n<div class=\"rank-math-list\">\n<div id=\"faq-question-1692167117563\" class=\"rank-math-list-item\">\n<h3 class=\"rank-math-question\">Fick Morgan Wallen permanent?<\/h3>\n<div class=\"rank-math-answer\">\n\n<p>Han sa att han \u00e5tminstone ville ha en perm p\u00e5 sociala medier, men detaljerna \u00e4r oklara.<\/p>\n\n<\/div>\n<\/div>\n<div id=\"faq-question-1692167132260\" class=\"rank-math-list-item\">\n<h3 class=\"rank-math-question\">Vilken sorts multe har Morgan Wallen?<\/h3>\n<div class=\"rank-math-answer\">\n\n<p>Morgan Wallen \u00e4r k\u00e4nd f\u00f6r att ha en modern variant av den klassiska mullefrisyren, som har kort h\u00e5r p\u00e5 sidorna och l\u00e4ngre h\u00e5r p\u00e5 ryggen.<\/p>\n\n<\/div>\n<\/div>\n<div id=\"faq-question-1692167140180\" class=\"rank-math-list-item\">\n<h3 class=\"rank-math-question\">Varf\u00f6r rakade Morgan Wallen bort allt h\u00e5r?<\/h3>\n<div class=\"rank-math-answer\">\n\n<p>He felt that he didn&#8217;t like his long hair anymore and chose to shave it off.<\/p>\n\n<\/div>\n<\/div>\n<div id=\"faq-question-1692167154148\" class=\"rank-math-list-item\">\n<h3 class=\"rank-math-question\">What is Morgan Wallen&#8217;s real name?<\/h3>\n<div class=\"rank-math-answer\">\n\n<p>Morgan Wallen&#8217;s real name is Morgan Cole Wallen.<\/p>\n\n<\/div>\n<\/div>\n<div id=\"faq-question-1692167169260\" class=\"rank-math-list-item\">\n<h3 class=\"rank-math-question\">Hur gammal \u00e4r Morgan Wallen?<\/h3>\n<div class=\"rank-math-answer\">\n\n<p>Morgan Wallen \u00e4r 30 \u00e5r gammal.<\/p>\n\n<\/div>\n<\/div>\n<\/div>\n<\/div>\n\n\n<h2 class=\"wp-block-heading has-contrast-color has-text-color\">Slutsats<\/h2>\n\n\n\n<p class=\"has-contrast-color has-text-color\">While it may come as a surprise to many fans, Morgan Wallen&#8217;s decision to ditch his beloved mullet seems to symbolize a new chapter in his life and career. As he continues to grow as an artist, Wallen is unafraid to experiment with his appearance, embracing change and evolution. Morgan Wallen is ready to leave his mullet days behind and embark on a fresh journey, both musically and personally.<\/p>","protected":false},"excerpt":{"rendered":"<p>As Morgan Wallen enters the stage for his continuing \u201cOne Night At A Time World Tour,\u201d the Internet is ablaze with his new haircut. The &#8230; <a title=\"What&#8217;s Wrong With Morgan Wallen&#8217;s Hair? His Mullet Gets Ditched\" class=\"read-more\" href=\"https:\/\/blog.rehairsystem.com\/sv\/vad-ar-fel-med-morgan-wallen-har\/\" aria-label=\"Mer p\u00e5 What&#8217;s Wrong With Morgan Wallen&#8217;s Hair? His Mullet Gets Ditched\">L\u00e4s mer<\/a><\/p>","protected":false},"author":2,"featured_media":8197,"comment_status":"closed","ping_status":"closed","sticky":false,"template":"","format":"standard","meta":[],"categories":[1,107],"tags":[352],"_links":{"self":[{"href":"https:\/\/blog.rehairsystem.com\/sv\/wp-json\/wp\/v2\/posts\/8192"}],"collection":[{"href":"https:\/\/blog.rehairsystem.com\/sv\/wp-json\/wp\/v2\/posts"}],"about":[{"href":"https:\/\/blog.rehairsystem.com\/sv\/wp-json\/wp\/v2\/types\/post"}],"author":[{"embeddable":true,"href":"https:\/\/blog.rehairsystem.com\/sv\/wp-json\/wp\/v2\/users\/2"}],"replies":[{"embeddable":true,"href":"https:\/\/blog.rehairsystem.com\/sv\/wp-json\/wp\/v2\/comments?post=8192"}],"version-history":[{"count":5,"href":"https:\/\/blog.rehairsystem.com\/sv\/wp-json\/wp\/v2\/posts\/8192\/revisions"}],"predecessor-version":[{"id":8827,"href":"https:\/\/blog.rehairsystem.com\/sv\/wp-json\/wp\/v2\/posts\/8192\/revisions\/8827"}],"wp:featuredmedia":[{"embeddable":true,"href":"https:\/\/blog.rehairsystem.com\/sv\/wp-json\/wp\/v2\/media\/8197"}],"wp:attachment":[{"href":"https:\/\/blog.rehairsystem.com\/sv\/wp-json\/wp\/v2\/media?parent=8192"}],"wp:term":[{"taxonomy":"category","embeddable":true,"href":"https:\/\/blog.rehairsystem.com\/sv\/wp-json\/wp\/v2\/categories?post=8192"},{"taxonomy":"post_tag","embeddable":true,"href":"https:\/\/blog.rehairsystem.com\/sv\/wp-json\/wp\/v2\/tags?post=8192"}],"curies":[{"name":"wp","href":"https:\/\/api.w.org\/{rel}","templated":true}]}}