{"id":8194,"date":"2023-08-16T11:00:30","date_gmt":"2023-08-16T11:00:30","guid":{"rendered":"https:\/\/blog.rehairsystem.com\/?p=8194"},"modified":"2023-08-17T04:02:17","modified_gmt":"2023-08-17T04:02:17","slug":"why-is-bret-michaels-balding","status":"publish","type":"post","link":"https:\/\/blog.rehairsystem.com\/sv\/varfor-ar-bret-michaels-skallig\/","title":{"rendered":"Varf\u00f6r \u00e4r Bret Michaels skallig och hur hanterar han det?"},"content":{"rendered":"<p><span style=\"color: #000000;\">Bret Michaels&#8217; hair has been a defining feature of his appearance for the past 40 years as the lead singer of Poison. He&#8217;s always worn bandanas, extensions, and a cowboy hat to cover his natural hairline while he&#8217;s out in public. People have grown increasingly interested in Bret Michaels&#8217; hair as he has aged. In this post, we will answer you <a href=\"https:\/\/blog.rehairsystem.com\/sv\/varfor-ar-bret-michaels-skallig\/\" target=\"_blank\" rel=\"noopener\"><span style=\"color: #ff0000;\"><strong>\u00e4r Bret Michaels skallig eller inte<\/strong><\/span><\/a>.<\/span><\/p>\n<h2><span style=\"color: #000000;\">Rock Band Poison&#8217;s Singer: Bret Michaels<\/span><\/h2>\n<p><span style=\"color: #000000;\"><img decoding=\"async\" src=\"https:\/\/docerp.s3.amazonaws.com\/erp\/cms\/f19f6858-315d-4ab6-8fdd-909a75f817d3.webp\" alt=\"\u00c4r Bret Michaels Balding\" width=\"700\"><\/span><\/p>\n<p><span style=\"color: #000000;\">Bret Michaels \u00e4r en hyllad amerikansk musiker, l\u00e5tskrivare, sk\u00e5despelare och s\u00e5ngare mest k\u00e4nd f\u00f6r att ha lett rockgruppen Poison. Poison har bef\u00e4st sin position i rockmusikhistorien med f\u00f6rs\u00e4ljning av mer \u00e4n 50 miljoner skivor v\u00e4rlden \u00f6ver, inklusive 15 miljoner i bara USA. Bandet har inte bara haft ekonomisk framg\u00e5ng, utan de har ocks\u00e5 listat ett antal singlar p\u00e5 Billboard Hot 100, d\u00e4r sex av dem har tagit sig till topp 10 och en av dem n\u00e5dde toppen av listorna.<\/span><\/p>\n<p><span style=\"color: #000000;\">Michaels har str\u00e4vat efter solo och sl\u00e4ppt album ut\u00f6ver sin karri\u00e4r med Poison, vilket visar sin flexibilitet som artist. Noterbart var att han gav musik till ett soundtrackalbum fr\u00e5n 1998. Michaels har upptr\u00e4tt i andra medier utanf\u00f6r musiken, och han s\u00e4gs ha dykt upp p\u00e5 Monday Night Football med sin kompis Brian Baumgartner.<\/span><\/p>\n<p><span style=\"color: #000000;\">Bret Michaels har ofta setts b\u00e4ra hattar eller bandanas under hela sin karri\u00e4r, vilket v\u00e4cker fr\u00e5gor om han \u00e4r skallig eller bara omfamnar dessa f\u00f6rem\u00e5l som en del av sin personliga stil.<\/span><\/p>\n<h2><span style=\"color: #000000;\">\u00c4r Bret Michaels skallig?<\/span><\/h2>\n<p><span style=\"color: #000000;\">Bret Michaels t\u00e4cker rutinm\u00e4ssigt sitt h\u00e5rf\u00e4ste offentligt, och l\u00e4mnar om han \u00e4r helt flintskallig eller bara har haft l\u00e4tt h\u00e5ravfall och tunt h\u00e5r \u00f6ppet. Det \u00e4r dock tydligt att hans kamp mot h\u00e5ravfall inte \u00e4r ny. Michaels har hanterat detta problem i minst 15 \u00e5r.<\/span><\/p>\n<p><span style=\"color: #000000;\">He has freely acknowledged that his hair is not fully natural in interviews going back to 2008, but he has subsequently maintained to uphold his public image. Since Michaels constantly sports his signature bandana, it is unknown exactly when his balding started. It&#8217;s probable that he&#8217;s been losing hair from his head for a while, but he didn&#8217;t publicly recognize it until 2008.<\/span><\/p>\n<p><span style=\"color: #000000;\">It&#8217;s significant that Michaels has been open and honest about his baldness, relating to others who have experienced such difficulties with hair loss and publicly discussing it.<\/span><\/p>\n<h3><span style=\"color: #000000;\">Hans vikande h\u00e5rf\u00e4ste<\/span><\/h3>\n<p><span style=\"color: #000000;\">M\u00e5nga undrar varf\u00f6r Bret Michaels alltid b\u00e4r en hatt och n\u00e4stan aldrig dyker upp utan en. Detta beslut kan delvis ha motiverats av ett vanligt problem som m\u00e5nga m\u00e4n har, ett vikande h\u00e5rf\u00e4ste.<\/span><\/p>\n<p><span style=\"color: #000000;\">Bret Michaels&#8217; bandanna, which has become a signature piece of his rocker look. It might be used to hide or diminish the appearance of his receding hairline. Michaels&#8217; frequent usage of headgear shows a desire to preserve a specific image and style, while possibly controlling any fears related to his hair. Even though, it&#8217;s unclear whether he is entirely bald or simply struggling with hair loss and a receding hairline.<\/span><\/p>\n<h3><span style=\"color: #000000;\">Saken under hans bandana<\/span><\/h3>\n<p><span style=\"color: #000000;\">Bret Michaels tog \u00f6ppet upp fr\u00e5gan om vad som d\u00f6ljer sig under hans varum\u00e4rkesbandana under en intervju. P\u00e5 fr\u00e5gan om han g\u00f6mde n\u00e5got under den erk\u00e4nde han att han var flintskallig men sa att hans h\u00e5r f\u00f6rst\u00e4rks med h\u00f6gkvalitativa f\u00f6rl\u00e4ngningar som importeras fr\u00e5n Europa.<\/span><\/p>\n<p><span style=\"color: #000000;\">Att b\u00e4ra en bandana p\u00e5 huvudet har blivit hans distinkta varum\u00e4rke, som visar upp hans unika stil samtidigt som det ger ett s\u00e4tt att f\u00f6rb\u00e4ttra och hantera hans h\u00e5rutseende!<\/span><\/p>\n<h2><span style=\"color: #000000;\">What Causes Brett Michaels&#8217; Baldness?<\/span><\/h2>\n<p><span style=\"color: #000000;\"><img decoding=\"async\" src=\"https:\/\/docerp.s3.amazonaws.com\/erp\/cms\/0afa37db-56b0-4235-a9bf-82e814807ce9.webp\" alt=\"Bret Michaels Bald\" width=\"700\"><\/span><\/p>\n<p><span style=\"color: #000000;\"><strong>H\u00e4r \u00e4r n\u00e5gra vanliga faktorer som Bret Michaels kan bidra till h\u00e5ravfall i allm\u00e4nhet:<\/strong><\/span><\/p>\n<ul>\n<li><span style=\"color: #000000;\"><em><span style=\"text-decoration: underline;\">Genetiska faktorer<\/span><\/em>: Manlig skallighet, \u00e4ven k\u00e4nd som androgenetisk alopeci, \u00e4r den vanligaste orsaken till h\u00e5ravfall hos m\u00e4n. Det p\u00e5verkas av genetiska faktorer och resulterar ofta i ett vikande h\u00e5rf\u00e4ste eller tunnare h\u00e5r.<\/span><\/li>\n<li><span style=\"color: #000000;\"><em><span style=\"text-decoration: underline;\">Hormonella obalanser<\/span><\/em>: F\u00f6r\u00e4ndringar i hormonniv\u00e5er, s\u00e4rskilt en \u00f6kning av dihydrotestosteron (DHT), kan leda till h\u00e5rs\u00e4cksminiatyrisering och eventuellt h\u00e5ravfall.<\/span><\/li>\n<li><span style=\"color: #000000;\"><em><span style=\"text-decoration: underline;\">\u00c5ldrande<\/span><\/em>: N\u00e4r individer \u00e5ldras kan h\u00e5rv\u00e4xtcykeln bli kortare, vilket leder till tunnare och mindre t\u00e4tt h\u00e5r.<\/span><\/li>\n<li><span style=\"color: #000000;\"><em><span style=\"text-decoration: underline;\">P\u00e5frestning<\/span><\/em>: H\u00f6ga niv\u00e5er av stress kan bidra till tillf\u00e4lligt h\u00e5ravfall genom ett tillst\u00e5nd som kallas telogen effluvium, d\u00e4r h\u00e5ret f\u00f6r tidigt g\u00e5r in i vilofasen av h\u00e5rv\u00e4xtcykeln.<\/span><\/li>\n<li><span style=\"color: #000000;\"><em><span style=\"text-decoration: underline;\">Medicinska tillst\u00e5nd<\/span><\/em>: Vissa medicinska tillst\u00e5nd som sk\u00f6ldk\u00f6rtelsjukdomar, h\u00e5rbotteninfektioner, autoimmuna sjukdomar (t.ex. alopecia areata) och andra kan resultera i h\u00e5ravfall.<\/span><\/li>\n<li><span style=\"color: #000000;\"><em><span style=\"text-decoration: underline;\">Praxis f\u00f6r h\u00e5rstyling<\/span><\/em>: Frekvent anv\u00e4ndning av v\u00e4rmestylingverktyg, tighta frisyrer (som fl\u00e4tor eller h\u00e4stsvansar), kemiska behandlingar och h\u00e5rda h\u00e5rv\u00e5rdsprodukter kan skada h\u00e5rs\u00e4ckarna och leda till h\u00e5ravfall.<\/span><\/li>\n<\/ul>\n<h2><span style=\"color: #000000;\">Hur hanterar Bret Michaels sitt skalliga huvud?<\/span><\/h2>\n<p><span style=\"color: #000000;\">Bret Michaels har f\u00f6rs\u00f6kt att t\u00e4cka sin skallighet genom att anv\u00e4nda h\u00e5rf\u00f6rl\u00e4ngningar ut\u00f6ver sin signatursnusn\u00e4sduk och cowboyhattar.<\/span><\/p>\n<p><span style=\"color: #000000;\">Trots att hans kl\u00e4dval och toupering tillf\u00e4lligt kan ha hj\u00e4lpt honom att beh\u00e5lla utseendet av att ha fullt h\u00e5r. Eftersom hans offentliga image har stor betydelse, \u00e4r det troligt att han s\u00e5 sm\u00e5ningom kommer att konfrontera sitt vikande h\u00e5rf\u00e4ste. Dessutom finns det ingen skam kopplat till skallighet eftersom det \u00e4r ett naturligt fenomen som m\u00e5nga \u00e4ldre m\u00e4n lider av.<\/span><\/p>\n<h2><span style=\"color: #000000;\">Har Bret Michaels en peruk eller h\u00e5rf\u00f6rl\u00e4ngning?<\/span><\/h2>\n<p><span style=\"color: #000000;\">Bret Michaels har offentligt erk\u00e4nt att han anv\u00e4nder h\u00e5rf\u00f6rl\u00e4ngningar och s\u00e4ger att han bara anv\u00e4nder de b\u00e4sta europeiskt tillverkade. Det \u00e4r dock utmanande att s\u00e4ga hur mycket av sitt naturliga h\u00e5r han har och om han ocks\u00e5 b\u00e4r en peruk p\u00e5 grund av hans konsekventa anv\u00e4ndning av en bandana och, p\u00e5 senare tid, en cowboyhatt.<\/span><\/p>\n<p><span style=\"color: #000000;\">Utsikten att han ska ta p\u00e5 sig en hel peruk har spekulerats i kommentarer p\u00e5 internet som svar p\u00e5 hans intervjuer. Det b\u00f6r betonas att extensions helt kan t\u00e4cka h\u00e5rbotten n\u00e4r de anv\u00e4nds med en v\u00e4v eller andra h\u00e5rsystem, i motsats till att bara f\u00f6rl\u00e4nga redan befintligt h\u00e5r.<\/span><\/p>\n<p><span style=\"color: #000000;\">We can rule out the idea of surgical hair transplantation because he wouldn&#8217;t have acknowledged wearing extensions if that were the case. Although he has worn hair extensions in the past, it is unknown if he has shifted to wearing a wig, which would account for his employment of a cowboy hat in addition to the bandana to further cover his hairline.<\/span><\/p>\n<p><span style=\"color: #000000;\">Det \u00e4r osannolikt att vi n\u00e5gonsin kommer att f\u00e5 ett avg\u00f6rande svar om han inte v\u00e4ljer att diskutera det i en framtida publikation eller i en intervju.<\/span><\/p>\n<h2><span style=\"color: #000000;\">Where to Buy Premium Hair Extensions Like Bret Michaels&#8217;?<\/span><\/h2>\n<p><span style=\"color: #000000;\"><img decoding=\"async\" src=\"https:\/\/docerp.s3.amazonaws.com\/erp\/cms\/454c80be-45ed-4a79-8826-08b71cdf6c27.webp\" alt=\"\u00c4r Bret Michaels Balding\" width=\"700\"><\/span><\/p>\n<p><span style=\"color: #000000;\">Om du letar efter att k\u00f6pa h\u00e5rf\u00f6rl\u00e4ngningar som rekommenderas av Bret Michaels eller andra k\u00e4ndisar, s\u00e5v\u00e4l som tup\u00e9er eller peruker av h\u00f6gsta kvalitet, beh\u00f6ver du inte leta l\u00e4ngre \u00e4n till Rehairsystem.com.<\/span><\/p>\n<p><span style=\"color: #000000;\">V\u00e5r <span style=\"color: #ff0000;\"><a style=\"color: #ff0000;\" href=\"https:\/\/rehairsystem.com\/\" target=\"_blank\" rel=\"noopener\"><strong>Rehairsystem tup\u00e9butik<\/strong><\/a><\/span> \u00e4r dedikerad till att tillhandah\u00e5lla prisv\u00e4rda och prisv\u00e4rda h\u00e5rf\u00f6rl\u00e4ngningar, och erbjuder ett varierat urval f\u00f6r att tillgodose dina individuella preferenser. Oavsett din plats, oavsett om det \u00e4r i Tyskland, Kanada, Sverige eller n\u00e5got annat h\u00f6rn av v\u00e4rlden, s\u00e4kerst\u00e4ller vi snabb och p\u00e5litlig leverans direkt till din d\u00f6rr.<\/span><\/p>\n<p><span style=\"color: #000000;\">With our extensive inventory, you can effortlessly discover the ideal match to achieve your desired celebrity-inspired appearance, including Bret Michaels&#8217;s iconic style. Place your trust in Rehairsystem.com for exceptional hair extensions of the highest quality, accompanied by unparalleled customer service.<\/span><\/p>\n\n\n<h2 class=\"wp-block-heading has-contrast-color has-text-color\">Vanliga fr\u00e5gor<\/h2>\n\n\n<div id=\"rank-math-faq\" class=\"rank-math-block\">\n<div class=\"rank-math-list\">\n<div id=\"faq-question-1692173967249\" class=\"rank-math-list-item\">\n<h3 class=\"rank-math-question\">What&#8217;s up with Bret Michaels&#8217;s hair?<\/h3>\n<div class=\"rank-math-answer\">\n\n<p>Bret Michaels \u00e4r k\u00e4nd f\u00f6r sin ikoniska l\u00e5nga och flytande frisyr. Och han sa att hans h\u00e5r \u00e4r kombinerat med naturligt h\u00e5r och de finaste extensions som Europa har att erbjuda.<\/p>\n\n<\/div>\n<\/div>\n<div id=\"faq-question-1692173980280\" class=\"rank-math-list-item\">\n<h3 class=\"rank-math-question\">Varf\u00f6r b\u00e4r Bret Michaels h\u00e5rf\u00f6rl\u00e4ngningar?<\/h3>\n<div class=\"rank-math-answer\">\n\n<p>Bret Michaels b\u00e4r h\u00e5rf\u00f6rl\u00e4ngningar f\u00f6r att \u00f6ka volymen och l\u00e4ngden p\u00e5 hans naturliga h\u00e5r. H\u00e5rf\u00f6rl\u00e4ngningar ger honom det \u00f6nskade utseendet och l\u00e5ter honom uppn\u00e5 sin signaturlook konsekvent.<\/p>\n\n<\/div>\n<\/div>\n<div id=\"faq-question-1692173995048\" class=\"rank-math-list-item\">\n<h3 class=\"rank-math-question\">\u00c4r Bret Michaels h\u00e5r \u00e4kta?<\/h3>\n<div class=\"rank-math-answer\">\n\n<p>We&#8217;re not sure how much of the hair we see below Bret Michaels&#8217; bandana is real and how much is synthetic, despite the fact that he has acknowledged utilizing hair extensions to retain his characteristic look. We might never know until we finally see him sans the bandana.<\/p>\n\n<\/div>\n<\/div>\n<div id=\"faq-question-1692174009200\" class=\"rank-math-list-item\">\n<h3 class=\"rank-math-question\">Varf\u00f6r b\u00e4r Bret Michaels en bandana?<\/h3>\n<div class=\"rank-math-answer\">\n\n<p>Bret Michaels tar ofta p\u00e5 sig en bandana som modeplagg och signaturlook. Dessutom har han sagt att han b\u00e4r den f\u00f6r att skydda sitt huvud fr\u00e5n sol och vind och f\u00f6r att d\u00f6lja \u00e4rr fr\u00e5n \u00e5r av upptr\u00e4dande, samt h\u00e5ravfall.<\/p>\n\n<\/div>\n<\/div>\n<\/div>\n<\/div>\n\n\n<h2 class=\"wp-block-heading has-contrast-color has-text-color\">Slutsats<\/h2>\n\n\n\n<p class=\"has-contrast-color has-text-color\">In the realm of rock &#8216;n&#8217; roll, hair plays a vital role in creating an unforgettable image. For Bret Michaels, his balding journey has been one of acceptance and embracing change. Despite losing his famous mane, Michaels continues to rock the stage with the same passion and energy as ever before. Through his openness about his hair loss and his ability to adapt, Michaels has become an inspiration for many who are struggling with their own hair loss battles.<\/p>","protected":false},"excerpt":{"rendered":"<p>Bret Michaels&#8217; hair has been a defining feature of his appearance for the past 40 years as the lead singer of Poison. He&#8217;s always worn &#8230; <a title=\"Varf\u00f6r \u00e4r Bret Michaels skallig och hur hanterar han det?\" class=\"read-more\" href=\"https:\/\/blog.rehairsystem.com\/sv\/varfor-ar-bret-michaels-skallig\/\" aria-label=\"Mer p\u00e5 Why Is Bret Michaels Balding and How Does He Deal With It?\">L\u00e4s mer<\/a><\/p>","protected":false},"author":2,"featured_media":8203,"comment_status":"closed","ping_status":"closed","sticky":false,"template":"","format":"standard","meta":[],"categories":[107,1],"tags":[356],"_links":{"self":[{"href":"https:\/\/blog.rehairsystem.com\/sv\/wp-json\/wp\/v2\/posts\/8194"}],"collection":[{"href":"https:\/\/blog.rehairsystem.com\/sv\/wp-json\/wp\/v2\/posts"}],"about":[{"href":"https:\/\/blog.rehairsystem.com\/sv\/wp-json\/wp\/v2\/types\/post"}],"author":[{"embeddable":true,"href":"https:\/\/blog.rehairsystem.com\/sv\/wp-json\/wp\/v2\/users\/2"}],"replies":[{"embeddable":true,"href":"https:\/\/blog.rehairsystem.com\/sv\/wp-json\/wp\/v2\/comments?post=8194"}],"version-history":[{"count":4,"href":"https:\/\/blog.rehairsystem.com\/sv\/wp-json\/wp\/v2\/posts\/8194\/revisions"}],"predecessor-version":[{"id":8234,"href":"https:\/\/blog.rehairsystem.com\/sv\/wp-json\/wp\/v2\/posts\/8194\/revisions\/8234"}],"wp:featuredmedia":[{"embeddable":true,"href":"https:\/\/blog.rehairsystem.com\/sv\/wp-json\/wp\/v2\/media\/8203"}],"wp:attachment":[{"href":"https:\/\/blog.rehairsystem.com\/sv\/wp-json\/wp\/v2\/media?parent=8194"}],"wp:term":[{"taxonomy":"category","embeddable":true,"href":"https:\/\/blog.rehairsystem.com\/sv\/wp-json\/wp\/v2\/categories?post=8194"},{"taxonomy":"post_tag","embeddable":true,"href":"https:\/\/blog.rehairsystem.com\/sv\/wp-json\/wp\/v2\/tags?post=8194"}],"curies":[{"name":"wp","href":"https:\/\/api.w.org\/{rel}","templated":true}]}}