{"id":8330,"date":"2023-08-22T10:30:38","date_gmt":"2023-08-22T10:30:38","guid":{"rendered":"https:\/\/blog.rehairsystem.com\/?p=8330"},"modified":"2023-08-22T10:30:56","modified_gmt":"2023-08-22T10:30:56","slug":"kurt-cobain-with-short-hair","status":"publish","type":"post","link":"https:\/\/blog.rehairsystem.com\/sv\/kurt-cobain-med-kort-har\/","title":{"rendered":"Kurt Cobain med kort h\u00e5r: 3 b\u00e4sta utseenden"},"content":{"rendered":"<p><span style=\"color: #000000;\">Kurt Cobain, f\u00f6rutom sitt karakteristiska l\u00e5nga och ov\u00e5rdade h\u00e5r, visade hans kortare frisyrer upp en annan sida av hans individualitet. I den h\u00e4r artikeln kommer vi att visa de 3 b\u00e4sta utseendena <a href=\"https:\/\/blog.rehairsystem.com\/sv\/kurt-cobain-med-kort-har\/\" target=\"_blank\" rel=\"noopener\"><span style=\"color: #ff0000;\"><strong>Kurt Cobain med kort h\u00e5r<\/strong><\/span><\/a>, utforska hur han utan anstr\u00e4ngning omfamnade f\u00f6r\u00e4ndring och visade sina unika modek\u00e4nsligheter under hela sin karri\u00e4r.<\/span><\/p>\n<h2><span style=\"color: #000000;\">Nirvanas frontman Kurt Cobain<\/span><\/h2>\n<p><span style=\"color: #000000;\">Kurt Cobain, den avlidne amerikanska musikern och l\u00e5tskrivaren, \u00e4r k\u00e4nd f\u00f6r att vara s\u00e5ngaren och gitarristen i det ikoniska rockbandet Nirvana. Under hela sin karri\u00e4r n\u00e5dde Cobain anm\u00e4rkningsv\u00e4rda framg\u00e5ngar med Nirvana. Bandet sl\u00e4ppte banbrytande album som &quot;Nevermind&quot; och &quot;In Utero&quot;, vilket fick dem att bli internationellt ber\u00f6mmelse.<\/span><\/p>\n<p><span style=\"color: #000000;\">Cobain&#8217;s songwriting, raw vocals, and emotional lyrics resonated with millions, making him one of the most influential figures in the history of rock music. He was also known for his unique hairstyle. He popularized the grunge look, characterized by his long, unkempt hair. His signature hairstyle became a defining element of his image and contributed to his status as a cultural icon.<\/span><\/p>\n<h2><span style=\"color: #000000;\">All About Kurt Cobain&#8217;s Hair<\/span><\/h2>\n<p><span style=\"color: #000000;\"><img decoding=\"async\" src=\"https:\/\/docerp.s3.amazonaws.com\/erp\/cms\/4633bbff-1d57-4442-98d8-6fdaee3ca554.webp\" alt=\"kurt cobain med kort h\u00e5r\" width=\"700\" \/><\/span><\/p>\n<p><span style=\"color: #000000;\">Kurt Cobain&#8217;s hair was a significant part of his iconic image. One of his most memorable hairstyles was his long, messy blonde locks, which perfectly embodied his aesthetic. Alongside this, he also sported shoulder-length hair with messy bangs, adding to his effortlessly cool and disheveled look.<\/span><\/p>\n<p><span style=\"color: #000000;\">During Nirvana&#8217;s heyday, Cobain became synonymous with his signature bleach-blonde hair, often styled with dark roots, showcasing his rebellious spirit. While he predominantly stuck to this iconic look, he occasionally dabbled in experimenting with different hair colors, including vibrant shades of red or blue.<\/span><\/p>\n<h3><span style=\"color: #000000;\">H\u00e5rtextur<\/span><\/h3>\n<p><span style=\"color: #000000;\">Med sitt naturligt v\u00e5giga h\u00e5r hade han den perfekta grunden f\u00f6r att skapa sina signatur r\u00f6riga och rufsiga frisyrer. V\u00e5gorna tillf\u00f6rde en touch av naturlig volym och r\u00f6relse till hans lockar, vilket f\u00f6rst\u00e4rkte den \u00f6vergripande rufsiga och bekymmersl\u00f6sa atmosf\u00e4ren han utstr\u00e5lade. <\/span><\/p>\n<h3><span style=\"color: #000000;\">H\u00e5rf\u00e4rg och l\u00e4ngd<\/span><\/h3>\n<p><span style=\"color: #000000;\">Cobain hade naturligt blont h\u00e5r, som han regelbundet bar l\u00e5ngt och ov\u00e5rdat. Denna oj\u00e4mna look blev en av hans mest igenk\u00e4nnliga egenskaper och bidrog till hans \u00f6vergripande grungeestetik. Hans blonda lockar kaskaderade \u00f6ver hans ansikte, delvis skymd hans genomtr\u00e4ngande bl\u00e5 \u00f6gon och f\u00f6rst\u00e4rkte hans g\u00e5tfulla lockelse.<\/span><\/p>\n<h3><span style=\"color: #000000;\">Ikonisk frisyr<\/span><\/h3>\n<p><span style=\"color: #000000;\">Cobain&#8217;s long shoulder-length hair that became synonymous with the grunge metal movement and solidified his status as an icon. This distinctive hairstyle was a medium-length cut with a touch of the shag haircut, parted down the middle, and featured front strands that framed his face like curtain bangs.<\/span><\/p>\n<p><span style=\"color: #000000;\">In fact, this hairdo could be technically referred to as \u201ccurtained shoulder-length hair.\u201d Many emerging grunge musicians were influenced by Cobain&#8217;s style and adopted a similar haircut, which is now commonly known as the grunge haircut.<\/span><\/p>\n<h2><span style=\"color: #000000;\">Kurt Cobain med kort h\u00e5r<\/span><\/h2>\n<h3><span style=\"color: #000000;\">Choppy Bowl Cut<\/span><\/h3>\n<p><span style=\"color: #000000;\"><img decoding=\"async\" src=\"https:\/\/docerp.s3.amazonaws.com\/erp\/cms\/ac352c09-63d2-44d7-b366-2b5a46d23dcf.webp\" alt=\"Choppy Bowl Cut\" width=\"700\" \/><\/span><\/p>\n<p><span style=\"color: #000000;\">Kurt Cobain with a choppy bowl cut showcased a rebellious and alternative look. The hair was evenly cut around the edges, forming a distinct circular shape that framed his face. This hairstyle added a touch of edginess to Cobain&#8217;s appearance, reflecting his punk-inspired persona.<\/span><\/p>\n<h3><span style=\"color: #000000;\">Kort Bob Cut<\/span><\/h3>\n<p><span style=\"color: #000000;\"><img decoding=\"async\" src=\"https:\/\/docerp.s3.amazonaws.com\/erp\/cms\/c897da6a-35d0-4efe-984d-c74e35b24a84.webp\" alt=\"Kort Bob Cut\" width=\"700\" \/><\/span><\/p>\n<p><span style=\"color: #000000;\">N\u00e4r Kurt Cobain hade en kort bob-cut utstr\u00e5lade han en mer raffinerad och polerad estetik. H\u00e5ret klipptes till en enhetlig l\u00e4ngd, vanligtvis precis ovanf\u00f6r axlarna. Denna stil gav Cobain en elegant och strukturerad look, framh\u00e4vde hans ansiktsdrag och gav honom en mer sofistikerad bild.<\/span><\/p>\n<h3><span style=\"color: #000000;\">Cobain Pixie Cut<\/span><\/h3>\n<p><span style=\"color: #000000;\"><img decoding=\"async\" src=\"https:\/\/docerp.s3.amazonaws.com\/erp\/cms\/f44e86d3-a09f-4946-a837-8e998b13691c.webp\" alt=\"Cobain Pixie Cut\" width=\"700\" \/><\/span><\/p>\n<p><span style=\"color: #000000;\">The Cobain pixie cut featured shorter hair at the back and sides, while the top retained slightly longer strands. This asymmetrical hairstyle created a sense of texture and movement, adding an element of playfulness to Cobain&#8217;s overall look. The pixie cut allowed Cobain to experiment with different styling options, such as spiking the top or sweeping it to one side, further enhancing his distinctive and ever-evolving style.<\/span><\/p>\n<h2><span style=\"color: #000000;\">How to Get Kurt Cobain&#8217;s Short Hair?<\/span><\/h2>\n<p><span style=\"color: #000000;\">Kurt Cobain sported a variety of hairdos, and each one is magnificent in its own right. Some of them were shorter than others, but some really showed off his lengthy hair. Buckle up and study the following tutorial if you want to copy Kurt Cobain&#8217;s hairstyle.<\/span><\/p>\n<h3><span style=\"color: #000000;\">Metod A: Klipp av h\u00e5ret<\/span><\/h3>\n<ol>\n<li><span style=\"color: #000000;\">B\u00f6rja med en klippning som l\u00e4mnar ditt h\u00e5r runt 1\u20132 tum l\u00e5ngt p\u00e5 toppen och kortare p\u00e5 sidorna och baksidan.<\/span><\/li>\n<li><span style=\"color: #000000;\">Be din fris\u00f6r att l\u00e4gga till lager i ditt h\u00e5r f\u00f6r att skapa struktur och r\u00f6relse.<\/span><\/li>\n<li><span style=\"color: #000000;\">Anv\u00e4nd h\u00e5rstylingprodukter f\u00f6r att f\u00f6rb\u00e4ttra strukturen och h\u00e5llfastheten i ditt h\u00e5r.<\/span><\/li>\n<li><span style=\"color: #000000;\">Applicera en f\u00f6ning p\u00e5 l\u00e5g v\u00e4rme f\u00f6r att torka h\u00e5ret, medan du anv\u00e4nder fingrarna f\u00f6r att r\u00f6ra p\u00e5 och l\u00e4gga till volym.<\/span><\/li>\n<li><span style=\"color: #000000;\">Bes\u00f6k din fris\u00f6r var 4-6:e vecka f\u00f6r touch-ups f\u00f6r att h\u00e5lla stilen fr\u00e4sch.<\/span><\/li>\n<\/ol>\n<h3><span style=\"color: #000000;\">Method B: Wear similar-style men&#8217;s hairpieces<\/span><\/h3>\n<p><span style=\"color: #000000;\"><img decoding=\"async\" src=\"https:\/\/docerp.s3.amazonaws.com\/erp\/cms\/bca98e5c-26f2-4ccf-a96b-cc7495037c25.webp\" alt=\"k\u00f6p en tup\u00e9 i liknande stil p\u00e5 Rehairsystem.com\" width=\"700\" \/><\/span><\/p>\n<p><span style=\"color: #000000;\">If you&#8217;re looking to replicate Kurt Cobain&#8217;s short hairstyle, but currently have longer hair, there is a solution that can help you achieve the desired look: <a href=\"https:\/\/rehairsystem.com\/collections\/mens-hairpieces\" target=\"_blank\" rel=\"noopener\"><span style=\"color: #ff0000;\"><strong>men&#8217;s hairpieces<\/strong><\/span><\/a>. These hairpieces are designed to seamlessly blend with your own hair, allowing you to effortlessly transform your appearance and emulate Cobain&#8217;s iconic hairstyles.<\/span><\/p>\n<p><span style=\"color: #000000;\">Men&#8217;s hairpieces offer a convenient and accessible option for those who want to experiment with different looks without committing to a permanent haircut. By wearing similar-style hairpieces, you can instantly achieve the signature messy and disheveled aesthetic that Cobain was known for. These hairpieces come in various styles and lengths, allowing you to choose the one that closely resembles your desired Cobain-inspired haircut.<\/span><\/p>\n<p><span style=\"color: #000000;\">One reputable online store that offers a wide range of premium, yet affordable men&#8217;s hairpieces is <span style=\"color: #333333;\"><em><span style=\"background-color: #ffff00;\"><strong>Rehairsystem.com<\/strong><\/span><\/em><\/span>. We provide high-quality hairpieces made from synthetic or real human hair, ensuring a natural and realistic appearance. With their extensive selection, you can find the perfect hairpiece that captures the spirit of Kurt Cobain&#8217;s short hairstyles.<\/span><\/p>\n<p><span style=\"color: #000000;\">Rehairsystem.com \u00e4r en p\u00e5litlig och p\u00e5litlig butik som prioriterar kundn\u00f6jdhet. Vi erbjuder detaljerade produktbeskrivningar, inklusive f\u00e4rgalternativ, h\u00e5rl\u00e4ngd och densitet, vilket g\u00f6r det l\u00e4ttare att hitta ett h\u00e5rstycke som matchar dina specifika behov. Dessutom \u00e4r v\u00e5rt konkurrenskraftiga pris, global fri frakt, utm\u00e4rkt kundservice och support, vilket s\u00e4kerst\u00e4ller en smidig och trevlig shoppingupplevelse.<\/span><\/p>\n\n\n<h2 class=\"wp-block-heading has-contrast-color has-text-color\">Vanliga fr\u00e5gor<\/h2>\n\n\n<div id=\"rank-math-faq\" class=\"rank-math-block\">\n<div class=\"rank-math-list\">\n<div id=\"faq-question-1692697626609\" class=\"rank-math-list-item\">\n<h3 class=\"rank-math-question\">How much is Kurt Cobain&#8217;s hair?<\/h3>\n<div class=\"rank-math-answer\">\n\n<p>Kurt Cobain&#8217;s Hair Sells For Over $14,000.<\/p>\n\n<\/div>\n<\/div>\n<div id=\"faq-question-1692697653899\" class=\"rank-math-list-item\">\n<h3 class=\"rank-math-question\">Varf\u00f6r bar Kurt Cobain baggy kl\u00e4der?<\/h3>\n<div class=\"rank-math-answer\">\n\n<p>F\u00f6r att bulka ut sin ram.<\/p>\n\n<\/div>\n<\/div>\n<div id=\"faq-question-1692697660179\" class=\"rank-math-list-item\">\n<h3 class=\"rank-math-question\">Blekte Kurt Cobain h\u00e5ret?<\/h3>\n<div class=\"rank-math-answer\">\n\n<p>Ja, det gjorde han. Han har blekt sitt h\u00e5r f\u00f6r att se blond ut runt 1990.<\/p>\n\n<\/div>\n<\/div>\n<div id=\"faq-question-1692697674514\" class=\"rank-math-list-item\">\n<h3 class=\"rank-math-question\">Var Kurt Cobain v\u00e4nsterh\u00e4nt?<\/h3>\n<div class=\"rank-math-answer\">\n\n<p>Kurt Cobain var en naturlig v\u00e4nsterh\u00e4nt.<\/p>\n\n<\/div>\n<\/div>\n<\/div>\n<\/div>\n\n\n<h2 class=\"wp-block-heading has-contrast-color has-text-color\">Slutsats<\/h2>\n\n\n\n<p class=\"has-contrast-color has-text-color\">Kurt Cobain&#8217;s impact on music and fashion is undeniable, and his ever-evolving hairstyles played a significant role in shaping his image. While his long hair remains an enduring symbol of his rebellious spirit, exploring his shorter hair looks unveils a different facet of his style. From the sleek and polished to the messy and textured, Kurt Cobain proved that he could rock any hairstyle with effortless coolness!<\/p>","protected":false},"excerpt":{"rendered":"<p>Kurt Cobain, besides his signature long and unkempt hair, his shorter hairstyles showcased a different side of his individuality. In this article, we will display &#8230; <a title=\"Kurt Cobain med kort h\u00e5r: 3 b\u00e4sta utseenden\" class=\"read-more\" href=\"https:\/\/blog.rehairsystem.com\/sv\/kurt-cobain-med-kort-har\/\" aria-label=\"Mer p\u00e5 Kurt Cobain With Short Hair: 3 Best Looks\">L\u00e4s mer<\/a><\/p>","protected":false},"author":2,"featured_media":8337,"comment_status":"closed","ping_status":"closed","sticky":false,"template":"","format":"standard","meta":[],"categories":[1],"tags":[366],"_links":{"self":[{"href":"https:\/\/blog.rehairsystem.com\/sv\/wp-json\/wp\/v2\/posts\/8330"}],"collection":[{"href":"https:\/\/blog.rehairsystem.com\/sv\/wp-json\/wp\/v2\/posts"}],"about":[{"href":"https:\/\/blog.rehairsystem.com\/sv\/wp-json\/wp\/v2\/types\/post"}],"author":[{"embeddable":true,"href":"https:\/\/blog.rehairsystem.com\/sv\/wp-json\/wp\/v2\/users\/2"}],"replies":[{"embeddable":true,"href":"https:\/\/blog.rehairsystem.com\/sv\/wp-json\/wp\/v2\/comments?post=8330"}],"version-history":[{"count":3,"href":"https:\/\/blog.rehairsystem.com\/sv\/wp-json\/wp\/v2\/posts\/8330\/revisions"}],"predecessor-version":[{"id":8339,"href":"https:\/\/blog.rehairsystem.com\/sv\/wp-json\/wp\/v2\/posts\/8330\/revisions\/8339"}],"wp:featuredmedia":[{"embeddable":true,"href":"https:\/\/blog.rehairsystem.com\/sv\/wp-json\/wp\/v2\/media\/8337"}],"wp:attachment":[{"href":"https:\/\/blog.rehairsystem.com\/sv\/wp-json\/wp\/v2\/media?parent=8330"}],"wp:term":[{"taxonomy":"category","embeddable":true,"href":"https:\/\/blog.rehairsystem.com\/sv\/wp-json\/wp\/v2\/categories?post=8330"},{"taxonomy":"post_tag","embeddable":true,"href":"https:\/\/blog.rehairsystem.com\/sv\/wp-json\/wp\/v2\/tags?post=8330"}],"curies":[{"name":"wp","href":"https:\/\/api.w.org\/{rel}","templated":true}]}}