{"id":9907,"date":"2023-12-02T07:28:43","date_gmt":"2023-12-02T07:28:43","guid":{"rendered":"https:\/\/blog.rehairsystem.com\/?p=9907"},"modified":"2023-12-02T07:31:16","modified_gmt":"2023-12-02T07:31:16","slug":"why-choose-wigs-for-medical-reasons","status":"publish","type":"post","link":"https:\/\/blog.rehairsystem.com\/sv\/varfor-valja-peruker-av-medicinska-skal\/","title":{"rendered":"Varf\u00f6r v\u00e4lja peruker av medicinska sk\u00e4l och vilka \u00e4r de b\u00e4sta?"},"content":{"rendered":"<p><span style=\"color: #000000;\">Medicinska tillst\u00e5nd som kemoterapi, alopeci och andra sjukdomar kan orsaka h\u00e5ravfall, vilket leder till k\u00e4nslom\u00e4ssigt och psykiskt lidande. F\u00f6r att m\u00f6ta dessa utmaningar v\u00e4ljer folk ofta peruker som en praktisk l\u00f6sning som hj\u00e4lper till att \u00e5terst\u00e4lla sj\u00e4lvf\u00f6rtroende och en k\u00e4nsla av normalitet. Att k\u00e4nna till<a href=\"https:\/\/rehairsystem.com\/collections\/medical-wigs\"><span style=\"color: #ff0000;\"><strong> orsakerna till varf\u00f6r m\u00e4nniskor v\u00e4ljer peruker i medicinska<\/strong><\/span><\/a> situationer kan hj\u00e4lpa en att f\u00f6rst\u00e5 deras betydelse och betydelse.<\/span><\/p>\n<h2><span style=\"color: #000000;\">Vad \u00e4r en kranial protes?<\/span><\/h2>\n<p><span style=\"color: #000000;\">En kranialprotes, \u00e4ven k\u00e4nd som en medicinsk peruk eller h\u00e5rprotes, \u00e4r en skr\u00e4ddarsydd frisyr designad f\u00f6r individer som upplever h\u00e5ravfall p\u00e5 grund av medicinska tillst\u00e5nd som alopeci, kemoterapi eller str\u00e5lbehandling. Till skillnad fr\u00e5n vanliga peruker \u00e4r kranialproteser gjorda f\u00f6r att passa exakt p\u00e5 h\u00e5rbotten och efterlikna naturliga h\u00e5rv\u00e4xtm\u00f6nster.<\/span><\/p>\n<p><span style=\"color: #000000;\">De \u00e4r ofta gjorda av l\u00e4tta material och designade f\u00f6r att vara bekv\u00e4ma och andas. Kranialproteser ordineras vanligtvis av en l\u00e4kare och kan t\u00e4ckas av sjukf\u00f6rs\u00e4kringen. De kan f\u00f6rb\u00e4ttra livskvaliteten och sj\u00e4lvk\u00e4nslan f\u00f6r dem med h\u00e5ravfall, vilket ger en k\u00e4nsla av normalitet och sj\u00e4lvf\u00f6rtroende under en utmanande tid.<\/span><\/p>\n<h2><span style=\"color: #000000;\">Typer av medicinskt h\u00e5ravfall<\/span><\/h2>\n<p><span style=\"color: #000000;\"><strong>H\u00e4r \u00e4r n\u00e5gra typer av medicinskt h\u00e5ravfall:<\/strong><\/span><\/p>\n<ul>\n<li><span style=\"color: #000000;\">Cytostatika-inducerat h\u00e5ravfall.<\/span><\/li>\n<li><span style=\"color: #000000;\">Njurrelaterat h\u00e5ravfall.<\/span><\/li>\n<li><span style=\"color: #000000;\">Alopeci-relaterat h\u00e5ravfall.<\/span><\/li>\n<li><span style=\"color: #000000;\">Cancerrelaterat h\u00e5ravfall.<\/span><\/li>\n<li><span style=\"color: #000000;\">Sk\u00f6ldk\u00f6rtelinducerat h\u00e5ravfall.<\/span><\/li>\n<li><span style=\"color: #000000;\">Str\u00e5lterapi-inducerat h\u00e5ravfall.<\/span><\/li>\n<li><span style=\"color: #000000;\">H\u00e5ravfall p\u00e5 grund av milj\u00f6faktorer, \u00e5ldrande, stress, genetik eller skallighet.<\/span><\/li>\n<\/ul>\n<h2><span style=\"color: #000000;\">Varf\u00f6r v\u00e4lja peruker av medicinska sk\u00e4l?<\/span><\/h2>\n<p><span style=\"color: #000000;\"><img decoding=\"async\" src=\"https:\/\/docerp.s3.amazonaws.com\/erp\/cms\/8eef271d-3163-4e32-93f6-6f1413753c80.webp\" alt=\"Varf\u00f6r v\u00e4lja peruker av medicinska sk\u00e4l?\" width=\"700\" \/><\/span><\/p>\n<p><span style=\"color: #000000;\">Wigs have become a popular choice for individuals experiencing hair loss due to medical reasons such as chemotherapy, alopecia, and other illnesses. These conditions can cause emotional turmoil and negatively affect one&#8217;s self-esteem and mental health. Wearing wigs can provide a practical solution to address these challenges and help restore confidence.<\/span><\/p>\n<p><span style=\"color: #000000;\">By choosing wigs for medical reasons, individuals can maintain a sense of normalcy and privacy throughout their treatment journey. Wigs provide a natural-looking appearance that can help alleviate the anxiety and stress that often accompany hair loss. With various options available, individuals can select wigs that meet their specific needs and preferences. By improving one&#8217;s self-image and reducing anxiety, wigs can positively impact one&#8217;s overall well-being and quality of life.<\/span><\/p>\n<h2><span style=\"color: #000000;\">Hur f\u00e5r man medicinska peruker som t\u00e4cks av din f\u00f6rs\u00e4kring?<\/span><\/h2>\n<p><span style=\"color: #000000;\"><strong>H\u00e4r \u00e4r stegen f\u00f6r att f\u00e5 medicinska peruker som t\u00e4cks av din f\u00f6rs\u00e4kring:<\/strong><\/span><\/p>\n<ol>\n<li><span style=\"color: #000000;\"><span style=\"text-decoration: underline;\"><em><strong>F\u00e5 ett recept och remiss fr\u00e5n din l\u00e4kare:<\/strong><\/em><\/span> B\u00f6rja du beh\u00f6ver ett recept p\u00e5 en medicinsk peruk och en remiss till tillverkaren av peruken.<\/span><\/li>\n<li><span style=\"color: #000000;\"><strong><span style=\"text-decoration: underline;\"><em>Ge dokument till ditt f\u00f6rs\u00e4kringsbolag:<\/em><\/span><\/strong> Ge receptet och remissen till ditt f\u00f6rs\u00e4kringsbolag, s\u00e5 att de kan verifiera din t\u00e4ckning och godk\u00e4nna anspr\u00e5ket.<\/span><\/li>\n<li><span style=\"color: #000000;\"><span style=\"text-decoration: underline;\"><em><strong>Tillverkaren skickar faktura till f\u00f6rs\u00e4kringsbolaget:<\/strong><\/em><\/span> N\u00e4r ditt f\u00f6rs\u00e4kringsbolag godk\u00e4nt kravet kommer tillverkaren att tillhandah\u00e5lla en faktura direkt till dem.<\/span><\/li>\n<li><span style=\"color: #000000;\"><span style=\"text-decoration: underline;\"><em><strong>Kontrollera din individuella t\u00e4ckning:<\/strong><\/em><\/span> Din t\u00e4ckning kan variera beroende p\u00e5 din individuella plan, men de flesta planer t\u00e4cker mellan 80-100% av kostnaden f\u00f6r en medicinsk peruk, med begr\u00e4nsningar f\u00f6r hur ofta du kan f\u00e5 en.<\/span><\/li>\n<li><span style=\"color: #000000;\"><span style=\"text-decoration: underline;\"><em><strong>T\u00e4nk p\u00e5 skatteavdrag:<\/strong><\/em><\/span> Du kanske ocks\u00e5 kan g\u00f6ra anspr\u00e5k p\u00e5 din medicinska peruk som en skatteavdragsgill medicinsk kostnad om dina medicinska r\u00e4kningar \u00f6verstiger 7,5% av din inkomst. Prata med din revisor eller skattef\u00f6rberedare f\u00f6r att avg\u00f6ra om detta \u00e4r ett alternativ f\u00f6r dig.<\/span><\/li>\n<\/ol>\n<h2><span style=\"color: #000000;\">F\u00f6rutom genom f\u00f6rs\u00e4kring, var kan man k\u00f6pa medicinska peruker av h\u00f6g kvalitet?<\/span><\/h2>\n<p><span style=\"color: #000000;\"><img decoding=\"async\" src=\"https:\/\/docerp.s3.amazonaws.com\/erp\/cms\/aa9ece0d-694c-4cd0-be31-380d6d2c9bdd.webp\" alt=\"K\u00f6p medicinska peruker av h\u00f6g kvalitet p\u00e5 Rehairsystem.com\" width=\"800\" \/><\/span><\/p>\n<p><span style=\"color: #000000;\">Rehairsystem.com \u00e4r en global onlinebutik som specialiserar sig p\u00e5 att tillhandah\u00e5lla medicinska peruker av h\u00f6g kvalitet. Vi f\u00f6rst\u00e5r vikten av att hitta den perfekta peruken f\u00f6r individer som upplever h\u00e5ravfall p\u00e5 grund av medicinska sk\u00e4l som kemoterapi, alopeci eller andra sjukdomar. Med v\u00e5rt omfattande utbud av medicinska peruker str\u00e4var vi efter att erbjuda l\u00f6sningar som tillgodoser olika behov och preferenser.<\/span><\/p>\n<p><span style=\"color: #000000;\">P\u00e5 <span style=\"color: #ff0000;\"><a style=\"color: #ff0000;\" href=\"https:\/\/rehairsystem.com\/\" target=\"_blank\" rel=\"noopener\"><strong>Rehairsystem.com<\/strong><\/a><\/span>, vi prioriterar kvalitet framf\u00f6r allt. V\u00e5ra medicinska peruker \u00e4r gjorda av premiummaterial som \u00e4r skonsamma mot h\u00e5rbotten och ger maximal komfort. Varje peruk \u00e4r noggrant utformad f\u00f6r att s\u00e4kerst\u00e4lla ett naturligt utseende, vilket g\u00f6r att individer kan \u00e5terf\u00e5 sitt sj\u00e4lvf\u00f6rtroende och k\u00e4nna sig som sig sj\u00e4lva igen.<\/span><\/p>\n<p><span style=\"color: #000000;\">Oavsett om du f\u00f6redrar l\u00e5ngt, kort, lockigt eller rakt h\u00e5r, har vi alternativ som passar alla smaker. V\u00e5ra peruker finns i olika f\u00e4rger och nyanser, vilket s\u00e4kerst\u00e4ller att du kan hitta den perfekta matchningen f\u00f6r ditt naturliga h\u00e5r eller experimentera med en ny look.<\/span><\/p>\n<p><span style=\"color: #000000;\">Att handla p\u00e5 Rehairsystem.com \u00e4r bekv\u00e4mt och problemfritt. V\u00e5r anv\u00e4ndarv\u00e4nliga webbplats l\u00e5ter dig enkelt bl\u00e4ddra igenom v\u00e5r omfattande samling. Du kan filtrera din s\u00f6kning baserat p\u00e5 faktorer som l\u00e4ngd, stil, f\u00e4rg och pris f\u00f6r att hitta den peruk som b\u00e4st passar dina behov. V\u00e5ra detaljerade produktbeskrivningar och h\u00f6guppl\u00f6sta bilder ger en omfattande \u00f6versikt \u00f6ver varje peruk, vilket hj\u00e4lper dig att fatta ett v\u00e4lgrundat beslut.<\/span><\/p>\n<h2><span style=\"color: #000000;\">Tips f\u00f6r sk\u00f6tsel och underh\u00e5ll Skaffa medicinska peruker<\/span><\/h2>\n<p><span style=\"color: #000000;\"><strong>Nedan f\u00f6ljer n\u00e5gra tips till dig:<\/strong><\/span><\/p>\n<ul>\n<li><span style=\"color: #000000;\">Hantera med f\u00f6rsiktighet: Kamma eller borsta f\u00f6rsiktigt din medicinska peruk f\u00f6r att undvika att trassla eller skada h\u00e5rfibrerna.<\/span><\/li>\n<li><span style=\"color: #000000;\">Tv\u00e4tta regelbundet: Reng\u00f6r din peruk med ett speciellt formulerat perukschampo f\u00f6r att bibeh\u00e5lla dess fr\u00e4sch\u00f6r och f\u00f6rl\u00e4nga dess livsl\u00e4ngd.<\/span><\/li>\n<li><span style=\"color: #000000;\">Undvik v\u00e4rmestyling: Minimera exponeringen f\u00f6r v\u00e4rmek\u00e4llor som lockt\u00e5ng eller f\u00f6n f\u00f6r att f\u00f6rhindra skador p\u00e5 peruken.<\/span><\/li>\n<li><span style=\"color: #000000;\">F\u00f6rvara p\u00e5 r\u00e4tt s\u00e4tt: N\u00e4r den inte anv\u00e4nds, f\u00f6rvara din medicinska peruk p\u00e5 ett perukst\u00e4ll eller i en v\u00e4ska som andas.<\/span><\/li>\n<li><span style=\"color: #000000;\">Skydda mot UV-str\u00e5lar: Skydda din peruk fr\u00e5n l\u00e5ngvarig exponering f\u00f6r solljus eller UV-str\u00e5lar f\u00f6r att f\u00f6rhindra att f\u00e4rgen bleknar eller missf\u00e4rgas.<\/span><\/li>\n<li><span style=\"color: #000000;\">Seek professional help: If you&#8217;re unsure how to care for your medical wig, consult a professional stylist or the manufacturer for guidance.<\/span><\/li>\n<\/ul>\n\n\n<h2 class=\"wp-block-heading has-contrast-color has-text-color\">Vanliga fr\u00e5gor<\/h2>\n\n\n<div id=\"rank-math-faq\" class=\"rank-math-block\">\n<div class=\"rank-math-list\">\n<div id=\"faq-question-1701501873704\" class=\"rank-math-list-item\">\n<h3 class=\"rank-math-question\">Kommer f\u00f6rs\u00e4kringen att betala f\u00f6r en peruk?<\/h3>\n<div class=\"rank-math-answer\">\n\n<p>I m\u00e5nga fall kan f\u00f6rs\u00e4kringen t\u00e4cka kostnaden f\u00f6r en peruk om den skrivs ut av medicinska sk\u00e4l som cancerbehandling eller alopeci.<\/p>\n\n<\/div>\n<\/div>\n<div id=\"faq-question-1701501887281\" class=\"rank-math-list-item\">\n<h3 class=\"rank-math-question\">Vilka \u00e4r de medicinska orsakerna till peruker?<\/h3>\n<div class=\"rank-math-answer\">\n\n<p>Medicinska sk\u00e4l f\u00f6r peruker inkluderar h\u00e5ravfall p\u00e5 grund av kemoterapi, str\u00e5lbehandling, alopeci, trikotillomani och andra medicinska tillst\u00e5nd som orsakar h\u00e5ravfall.<\/p>\n\n<\/div>\n<\/div>\n<div id=\"faq-question-1701501899585\" class=\"rank-math-list-item\">\n<h3 class=\"rank-math-question\">Vad \u00e4r skillnaden mellan en peruk och en medicinsk peruk?<\/h3>\n<div class=\"rank-math-answer\">\n\n<p>En medicinsk peruk \u00e4r speciellt utformad f\u00f6r individer som upplever h\u00e5ravfall p\u00e5 grund av medicinska tillst\u00e5nd, skr\u00e4ddarsydd f\u00f6r att ge komfort, andningsf\u00f6rm\u00e5ga och ett naturligt utseende, medan en vanlig peruk kanske inte har dessa specialiserade egenskaper.<\/p>\n\n<\/div>\n<\/div>\n<div id=\"faq-question-1701501913616\" class=\"rank-math-list-item\">\n<h3 class=\"rank-math-question\">Hur kan jag f\u00e5 en gratis peruk om jag har cancer?<\/h3>\n<div class=\"rank-math-answer\">\n\n<p>M\u00e5nga cancerst\u00f6dorganisationer, sjukhus och ideella grupper erbjuder gratis peruker till cancerpatienter. Dessutom kan vissa f\u00f6rs\u00e4kringsplaner t\u00e4cka kostnaden f\u00f6r en peruk f\u00f6r cancerpatienter som genomg\u00e5r behandling.<\/p>\n\n<\/div>\n<\/div>\n<\/div>\n<\/div>\n\n\n<h2 class=\"wp-block-heading has-contrast-color has-text-color\">Slutsats<\/h2>\n\n\n\n<p class=\"has-contrast-color has-text-color\">Peruker \u00e4r en viktig resurs f\u00f6r individer som st\u00e5r inf\u00f6r h\u00e5ravfall p\u00e5 grund av medicinska tillst\u00e5nd. De alternativ som finns idag ger naturliga och bekv\u00e4ma l\u00f6sningar som hj\u00e4lper till att f\u00f6rb\u00e4ttra livskvaliteten och h\u00f6ja sj\u00e4lvk\u00e4nslan. Genom att inse f\u00f6rdelarna med perukanv\u00e4ndning i medicinska situationer kan vi uppskatta deras roll i att \u00e5terst\u00e4lla hopp och v\u00e4lbefinnande f\u00f6r dem som upplever h\u00e5ravfall.<\/p>","protected":false},"excerpt":{"rendered":"<p>Medical conditions such as chemotherapy, alopecia, and other illnesses can cause hair loss, leading to emotional and psychological distress. To address these challenges, people often &#8230; <a title=\"Varf\u00f6r v\u00e4lja peruker av medicinska sk\u00e4l och vilka \u00e4r de b\u00e4sta?\" class=\"read-more\" href=\"https:\/\/blog.rehairsystem.com\/sv\/varfor-valja-peruker-av-medicinska-skal\/\" aria-label=\"Mer p\u00e5 Why Choose Wigs For Medical Reasons And What Are The Best Ones?\">L\u00e4s mer<\/a><\/p>","protected":false},"author":2,"featured_media":9908,"comment_status":"closed","ping_status":"closed","sticky":false,"template":"","format":"standard","meta":[],"categories":[185,63],"tags":[565],"_links":{"self":[{"href":"https:\/\/blog.rehairsystem.com\/sv\/wp-json\/wp\/v2\/posts\/9907"}],"collection":[{"href":"https:\/\/blog.rehairsystem.com\/sv\/wp-json\/wp\/v2\/posts"}],"about":[{"href":"https:\/\/blog.rehairsystem.com\/sv\/wp-json\/wp\/v2\/types\/post"}],"author":[{"embeddable":true,"href":"https:\/\/blog.rehairsystem.com\/sv\/wp-json\/wp\/v2\/users\/2"}],"replies":[{"embeddable":true,"href":"https:\/\/blog.rehairsystem.com\/sv\/wp-json\/wp\/v2\/comments?post=9907"}],"version-history":[{"count":1,"href":"https:\/\/blog.rehairsystem.com\/sv\/wp-json\/wp\/v2\/posts\/9907\/revisions"}],"predecessor-version":[{"id":9909,"href":"https:\/\/blog.rehairsystem.com\/sv\/wp-json\/wp\/v2\/posts\/9907\/revisions\/9909"}],"wp:featuredmedia":[{"embeddable":true,"href":"https:\/\/blog.rehairsystem.com\/sv\/wp-json\/wp\/v2\/media\/9908"}],"wp:attachment":[{"href":"https:\/\/blog.rehairsystem.com\/sv\/wp-json\/wp\/v2\/media?parent=9907"}],"wp:term":[{"taxonomy":"category","embeddable":true,"href":"https:\/\/blog.rehairsystem.com\/sv\/wp-json\/wp\/v2\/categories?post=9907"},{"taxonomy":"post_tag","embeddable":true,"href":"https:\/\/blog.rehairsystem.com\/sv\/wp-json\/wp\/v2\/tags?post=9907"}],"curies":[{"name":"wp","href":"https:\/\/api.w.org\/{rel}","templated":true}]}}