{"id":9987,"date":"2023-12-26T02:46:51","date_gmt":"2023-12-26T02:46:51","guid":{"rendered":"https:\/\/blog.rehairsystem.com\/?p=9987"},"modified":"2023-12-26T02:48:21","modified_gmt":"2023-12-26T02:48:21","slug":"is-enrique-iglesias-bald","status":"publish","type":"post","link":"https:\/\/blog.rehairsystem.com\/sv\/ar-enrique-iglesias-skallig\/","title":{"rendered":"\u00c4r Enrique Iglesias skallig?"},"content":{"rendered":"<p><span style=\"color: #000000;\">Enrique Iglesias, the renowned Spanish singer, and heartthrob, has captivated audiences worldwide for decades with his mesmerizing voice and handsome looks. Many fans have been speculating about the singer&#8217;s hairline in recent years. Rumors and questions have been swirling around the internet, leading to the burning question: <a href=\"https:\/\/blog.rehairsystem.com\/sv\/ar-enrique-iglesias-skallig\/\"><span style=\"color: #ff0000;\"><strong>\u00c4r Enrique Iglesias skallig?<\/strong><\/span><\/a><\/span><\/p>\n<h2><span style=\"color: #000000;\"><strong>Vem \u00e4r Enrique Iglesias?<\/strong><\/span><\/h2>\n<p><span style=\"color: #000000;\"><strong><img decoding=\"async\" src=\"https:\/\/docerp.s3.amazonaws.com\/erp\/cms\/d129cd18-99cd-4db3-869b-281a242aebff.webp\" alt=\"Vem \u00e4r Enrique Iglesias?\" width=\"700\" \/><\/strong><\/span><\/p>\n<p><span style=\"color: #000000;\">Enrique Iglesias is a Spanish singer, songwriter, and actor who has gained worldwide fame for his catchy pop and dance music. Born in Madrid, Spain, in 1975, Iglesias is the son of the famous Spanish singer Julio Iglesias. He began his music career in the mid-1990s and quickly rose to stardom with hit singles like &#8220;Bailamos&#8221; and &#8220;Hero.&#8221;<\/span><\/p>\n<p><span style=\"color: #000000;\">Iglesias har s\u00e5lt \u00f6ver 100 miljoner skivor \u00f6ver hela v\u00e4rlden, vilket g\u00f6r honom till en av de mest s\u00e5lda latinmusikartisterna. Han har vunnit m\u00e5nga priser, inklusive Grammy Awards och Latin Grammy Awards, f\u00f6r sina bidrag till musikbranschen. Ut\u00f6ver sin musikkarri\u00e4r har Iglesias ocks\u00e5 sysslat med sk\u00e5despeleri, medverkat i filmer och tv-program.<\/span><\/p>\n<p><span style=\"color: #000000;\">N\u00e4r det g\u00e4ller hans h\u00e5r har Enrique Iglesias varit k\u00e4nd f\u00f6r sina tjocka, m\u00f6rka lockar under hela sin karri\u00e4r. Det har dock f\u00f6rekommit spekulationer de senaste \u00e5ren om tillst\u00e5ndet f\u00f6r hans h\u00e5rf\u00e4ste, vilket lett till rykten om potentiell skallighet. N\u00e4r det g\u00e4ller nettof\u00f6rm\u00f6genhet har Enrique Iglesias samlat p\u00e5 sig en f\u00f6rm\u00f6genhet genom sin framg\u00e5ngsrika musikkarri\u00e4r, med ett uppskattat nettov\u00e4rde p\u00e5 \u00f6ver $100 miljoner. Hans rikedom kommer inte bara fr\u00e5n albumf\u00f6rs\u00e4ljning och konsertturn\u00e9er utan ocks\u00e5 fr\u00e5n rekommendationer och aff\u00e4rssatsningar.<\/span><\/p>\n<h2><span style=\"color: #000000;\">The Transformation Of Enrique Iglesias&#8217;s Hair<\/span><\/h2>\n<p><span style=\"color: #000000;\"><img decoding=\"async\" src=\"https:\/\/docerp.s3.amazonaws.com\/erp\/cms\/fd0ce5a5-8dd4-4d2b-8ee0-3e49d777c788.webp\" alt=\"F\u00f6rvandlingen av Enrique Iglesias h\u00e5r\" width=\"700\" \/><\/span><\/p>\n<p><span style=\"color: #000000;\">Enrique Iglesias, den ber\u00f6mda spanska s\u00e5ngaren, har genom \u00e5ren genomg\u00e5tt en m\u00e4rkbar f\u00f6rvandling i sitt h\u00e5r. I de tidiga stadierna av sin karri\u00e4r var Iglesias k\u00e4nd f\u00f6r sina tjocka, m\u00f6rka lockar som ofta var utformade p\u00e5 ett klassiskt, mjukt s\u00e4tt. Men under de senaste \u00e5ren har fans observerat en f\u00f6r\u00e4ndring i hans h\u00e5rf\u00e4ste, vilket leder till spekulationer om potentiellt h\u00e5ravfall eller skallighet. Denna f\u00f6rvandling har v\u00e4ckt nyfikenhet och diskussion bland fans och media, men Iglesias har inte tagit upp \u00e4mnet offentligt, vilket har l\u00e4mnat mysteriet med hans v\u00e4xande h\u00e5r att forts\u00e4tta.<\/span><\/p>\n<h2><span style=\"color: #000000;\">Varf\u00f6r b\u00e4r Enrique Iglesias alltid en keps n\u00e4r han upptr\u00e4der?<\/span><\/h2>\n<p><span style=\"color: #000000;\"><img decoding=\"async\" src=\"https:\/\/docerp.s3.amazonaws.com\/erp\/cms\/07ef8f8d-c2ca-4e6b-bb9b-4ddd018a46a2.webp\" alt=\"Varf\u00f6r b\u00e4r Enrique Iglesias alltid en keps n\u00e4r han upptr\u00e4der?\" width=\"700\" \/><\/span><\/p>\n<p><span style=\"color: #000000;\">Enrique Iglesias&#8217;s penchant for wearing a cap during his performances has sparked curiosity among fans, with some speculating that it may be to conceal hair loss. This theory is further supported by observations of his changing hairline over the years, with some instances of Iglesias wearing a wig in the past. Additionally, his shyness and desire for privacy, as well as the scrutiny of the media, may have contributed to his consistent choice of headwear. Despite the potential reasons behind his cap-wearing habit, it remains a distinctive part of his personal style and stage presence.<\/span><\/p>\n<h2><span style=\"color: #000000;\">\u00c4r Enrique Iglesias skallig?<\/span><\/h2>\n<p><span style=\"color: #000000;\"><img decoding=\"async\" src=\"https:\/\/docerp.s3.amazonaws.com\/erp\/cms\/f19ee723-0195-4650-8457-4745e94ef149.webp\" alt=\"\u00c4r Enrique Iglesias skallig?\" width=\"700\" \/><\/span><\/p>\n<p><span style=\"color: #000000;\">There has been ongoing speculation about whether Enrique Iglesias is bald, fueled by observations of his fluctuating hairline and his frequent donning of a cap. Reports indicate that Iglesias has been dealing with hair loss since his early 20s, reaching the Norwood 3-4 stage. Additionally, comparisons to his father, Julio Iglesias, who also displayed minimal temple points, have prompted speculation that Enrique&#8217;s hairline may be genetic which leads to a result of baldness.<\/span><\/p>\n<h2><span style=\"color: #000000;\">Hur v\u00e4nde Enrique h\u00e5ravfall? H\u00e5rtransplantation, peruk, h\u00e5rkl\u00e4mma eller n\u00e5got annat?<\/span><\/h2>\n<p><span style=\"color: #000000;\"><img decoding=\"async\" src=\"https:\/\/docerp.s3.amazonaws.com\/erp\/cms\/0049d8e6-89e4-40f6-89af-72a2682cf769.webp\" alt=\"Hur v\u00e4nde Enrique h\u00e5ravfall? H\u00e5rtransplantation, peruk, h\u00e5rkl\u00e4mma eller n\u00e5got annat?\" width=\"700\" \/><\/span><\/p>\n<p><span style=\"color: #000000;\">Medan vissa tror att Enrique Iglesias genomgick en h\u00e5rtransplantation, \u00e4r andra \u00f6vertygade om att han kanske anv\u00e4nder en peruk eller tup\u00e9 f\u00f6r att d\u00f6lja sitt vikande h\u00e5rf\u00e4ste. Trots hans offentliga image som en hj\u00e4rteknare med avundsv\u00e4rda lockar visar tidigare bilder av Iglesias tecken p\u00e5 manlig skallighet, vilket v\u00e4cker fr\u00e5gor om \u00e4ktheten av hans nuvarande h\u00e5r.<\/span><\/p>\n<p><span style=\"color: #000000;\">Additionally, hair specialists have weighed in on the matter, suggesting that Iglesias may be using a hairpiece to cover the front area of his head. The consistency of Iglesias&#8217;s hairstyle, with his hair always kept at a longer length, has also fueled speculation that he may be using a wig or toupee to maintain his signature look.<\/span><\/p>\n<h2><span style=\"color: #000000;\">Om du skallig som Enrique Iglesias, vad ska du g\u00f6ra?<\/span><\/h2>\n<p><span style=\"color: #000000;\">Om du \u00e4r skallig som Enrique Iglesias, nedan \u00e4r tre metoder du kan \u00f6verv\u00e4ga f\u00f6r att hantera h\u00e5ravfall:<\/span><\/p>\n<h3><span style=\"color: #000000;\">1. Omfamna din skallighet<\/span><\/h3>\n<p><span style=\"color: #000000;\">Ett alternativ \u00e4r att omfamna din skallighet. M\u00e5nga m\u00e4nniskor tycker att skalliga m\u00e4n \u00e4r attraktiva och sj\u00e4lvs\u00e4kra. Att raka huvudet kan ge ett rent och dj\u00e4rvt utseende som passar din stil. Denna metod kr\u00e4ver att du omfamnar ditt naturliga utseende och k\u00e4nner dig bekv\u00e4m i huden.<\/span><\/p>\n<h3><span style=\"color: #000000;\">2. H\u00e5rtransplantation<\/span><\/h3>\n<p><span style=\"color: #000000;\">H\u00e5rtransplantationskirurgi \u00e4r en permanent l\u00f6sning f\u00f6r att bek\u00e4mpa skallighet. Det inneb\u00e4r att du tar h\u00e5rs\u00e4ckar fr\u00e5n omr\u00e5den i din h\u00e5rbotten d\u00e4r h\u00e5ret fortfarande v\u00e4xer, vanligtvis baksidan eller sidorna, och transplanterar dem till de skalliga omr\u00e5dena. Denna metod ger naturliga resultat, men den kan vara kostsam och kan kr\u00e4va flera sessioner.<\/span><\/p>\n<h3><span style=\"color: #000000;\">3. Wear a men&#8217;s hair system<\/span><\/h3>\n<p><span style=\"color: #000000;\"><img decoding=\"async\" src=\"https:\/\/docerp.s3.amazonaws.com\/erp\/cms\/0107098e-9b48-4210-8961-761d3185f4dc.webp\" alt=\"K\u00f6p Herrh\u00e5rsystem hos Rehairsystem\" width=\"700\" \/><\/span><\/p>\n<p><span style=\"color: #000000;\">Another option is to wear a men&#8217;s hair system, commonly known as a wig or hairpiece. This method provides an instant solution to cover your baldness and allows you to experiment with different hairstyles. Modern hair systems offer a natural appearance and can be customized to match your hair color, texture, and style. Here recommend a high-quality store for you to buy suitable hair systems.<\/span><\/p>\n<p><span style=\"color: #000000;\">Whether you&#8217;re experiencing hair loss or simply seeking a new style, our store offers a wide range of hair systems to meet your unique needs and preferences. At <span style=\"color: #ff0000;\"><a style=\"color: #ff0000;\" href=\"https:\/\/rehairsystem.com\/\" target=\"_blank\" rel=\"noopener\"><strong>Rehairsystem<\/strong><\/a><\/span>, vi f\u00f6rst\u00e5r vikten av att se och m\u00e5 som b\u00e4st, speciellt n\u00e4r det kommer till ditt h\u00e5r. V\u00e5rt uppdrag \u00e4r att tillhandah\u00e5lla f\u00f6rstklassiga produkter som ger individer m\u00f6jlighet att \u00e5terf\u00e5 sj\u00e4lvf\u00f6rtroende och omdefiniera sitt utseende.<\/span><\/p>\n<p><span style=\"color: #000000;\">We offer a diverse selection of high-quality hair systems made from premium materials that closely mimic natural hair. From full cap systems to partial units, you&#8217;ll find a wide range of options to suit your specific requirements. Our hair systems are expertly crafted to blend seamlessly with your existing hair, ensuring a natural and undetectable appearance.<\/span><\/p>\n<p><span style=\"color: #000000;\">Our team of experts is dedicated to helping you find the perfect hair system that suits your style and preferences. We understand that choosing a hair system is a personal decision, and we&#8217;re here to guide you every step of the way. We believe in building long-term relationships with our customers, ensuring you receive ongoing support and assistance.<\/span><\/p>\n<p><span style=\"color: #000000;\">In addition to our wide range of hair systems, we also offer a variety of accessories and maintenance products to help you maintain and enhance your new look. Such as adhesive tapes and removers to styling products, we&#8217;ve got you covered. Our goal is to provide a one-stop shop for all your hair system needs, making it convenient and hassle-free for you to achieve your desired hairstyle.<\/span><\/p>\n\n\n<h2 class=\"wp-block-heading has-contrast-color has-text-color\">Vanliga fr\u00e5gor<\/h2>\n\n\n<div id=\"rank-math-faq\" class=\"rank-math-block\">\n<div class=\"rank-math-list\">\n<div id=\"faq-question-1703558639647\" class=\"rank-math-list-item\">\n<h3 class=\"rank-math-question\">Varf\u00f6r har Enrique alltid hatt p\u00e5 sig?<\/h3>\n<div class=\"rank-math-answer\">\n\n<p>Enrique Iglesias ses ofta b\u00e4ra en hatt f\u00f6r att d\u00f6lja sitt vikande h\u00e5rf\u00e4ste.<\/p>\n\n<\/div>\n<\/div>\n<div id=\"faq-question-1703558656208\" class=\"rank-math-list-item\">\n<h3 class=\"rank-math-question\">N\u00e4r kom Enrique Iglesias ut?<\/h3>\n<div class=\"rank-math-answer\">\n\n<p>Den 21 november 1995.<\/p>\n\n<\/div>\n<\/div>\n<div id=\"faq-question-1703558667057\" class=\"rank-math-list-item\">\n<h3 class=\"rank-math-question\">Vad h\u00e4nder med Enrique Iglesias?<\/h3>\n<div class=\"rank-math-answer\">\n\n<p>Hans kommande album, Final (Vol 2), blir hans sista.<\/p>\n\n<\/div>\n<\/div>\n<div id=\"faq-question-1703558677082\" class=\"rank-math-list-item\">\n<h3 class=\"rank-math-question\">Hur m\u00e5nga tr\u00e4ffar nummer 1 har Enrique Iglesias?<\/h3>\n<div class=\"rank-math-answer\">\n\n<p>Enrique Iglesias har samlat p\u00e5 sig \u00f6ver 30 nummer 1 hits under hela sin musikkarri\u00e4r.<\/p>\n\n<\/div>\n<\/div>\n<\/div>\n<\/div>\n\n\n<h2 class=\"wp-block-heading has-contrast-color has-text-color\">Slutsats<\/h2>\n\n\n\n<p class=\"has-contrast-color has-text-color\">Through learning about this post, we know Enrique Iglesias is bald. But it is ultimately up to the singer himself to address these claims. Moreover, regardless of his hair&#8217;s state, one thing is undeniable: Enrique Iglesias&#8217; talent and charisma have undeniably made him a global sensation. Whether he adorns his head with a wig or takes a more minimalist approach, his music and performances will undoubtedly continue to mesmerize audiences for years to come.<\/p>","protected":false},"excerpt":{"rendered":"<p>Enrique Iglesias, the renowned Spanish singer, and heartthrob, has captivated audiences worldwide for decades with his mesmerizing voice and handsome looks. Many fans have been &#8230; <a title=\"\u00c4r Enrique Iglesias skallig?\" class=\"read-more\" href=\"https:\/\/blog.rehairsystem.com\/sv\/ar-enrique-iglesias-skallig\/\" aria-label=\"Mer p\u00e5 Is Enrique Iglesias Bald?\">L\u00e4s mer<\/a><\/p>","protected":false},"author":2,"featured_media":9988,"comment_status":"closed","ping_status":"closed","sticky":false,"template":"","format":"standard","meta":[],"categories":[107],"tags":[577],"_links":{"self":[{"href":"https:\/\/blog.rehairsystem.com\/sv\/wp-json\/wp\/v2\/posts\/9987"}],"collection":[{"href":"https:\/\/blog.rehairsystem.com\/sv\/wp-json\/wp\/v2\/posts"}],"about":[{"href":"https:\/\/blog.rehairsystem.com\/sv\/wp-json\/wp\/v2\/types\/post"}],"author":[{"embeddable":true,"href":"https:\/\/blog.rehairsystem.com\/sv\/wp-json\/wp\/v2\/users\/2"}],"replies":[{"embeddable":true,"href":"https:\/\/blog.rehairsystem.com\/sv\/wp-json\/wp\/v2\/comments?post=9987"}],"version-history":[{"count":2,"href":"https:\/\/blog.rehairsystem.com\/sv\/wp-json\/wp\/v2\/posts\/9987\/revisions"}],"predecessor-version":[{"id":9990,"href":"https:\/\/blog.rehairsystem.com\/sv\/wp-json\/wp\/v2\/posts\/9987\/revisions\/9990"}],"wp:featuredmedia":[{"embeddable":true,"href":"https:\/\/blog.rehairsystem.com\/sv\/wp-json\/wp\/v2\/media\/9988"}],"wp:attachment":[{"href":"https:\/\/blog.rehairsystem.com\/sv\/wp-json\/wp\/v2\/media?parent=9987"}],"wp:term":[{"taxonomy":"category","embeddable":true,"href":"https:\/\/blog.rehairsystem.com\/sv\/wp-json\/wp\/v2\/categories?post=9987"},{"taxonomy":"post_tag","embeddable":true,"href":"https:\/\/blog.rehairsystem.com\/sv\/wp-json\/wp\/v2\/tags?post=9987"}],"curies":[{"name":"wp","href":"https:\/\/api.w.org\/{rel}","templated":true}]}}